{"id":122270,"date":"2025-01-16T13:09:54","date_gmt":"2025-01-16T10:09:54","guid":{"rendered":"https:\/\/www.tgrthaber.com\/mavikadin\/?p=122270"},"modified":"2025-01-16T13:12:02","modified_gmt":"2025-01-16T10:12:02","slug":"denizlide-40-yasindaki-kadin-9-bebegini-dunyaya-getirdi","status":"publish","type":"post","link":"https:\/\/www.tgrthaber.com\/mavikadin\/denizlide-40-yasindaki-kadin-9-bebegini-dunyaya-getirdi\/","title":{"rendered":"Denizli\u2019de 40 ya\u015f\u0131ndaki kad\u0131n 9. bebe\u011fini d\u00fcnyaya getirdi!"},"content":{"rendered":"<p>Denizli\u2019de bir kad\u0131n 40 ya\u015f\u0131nda 9. Bebe\u011fini d\u00fcnyaya getirdi. Bu t\u00fcr haberler, aile planlamas\u0131n\u0131n \u00f6nemini ve kad\u0131n sa\u011fl\u0131\u011f\u0131n\u0131 \u00f6n plana \u00e7\u0131karabilir. 40 ya\u015f\u0131nda 9. bebe\u011fini do\u011furan bir anne, t\u00fcplerini ba\u011flatma karar\u0131 alarak bilin\u00e7li bir \u015fekilde sonland\u0131rma karar\u0131 vermi\u015f. Ailelerin, \u00e7ocuk say\u0131s\u0131na karar verirken sa\u011fl\u0131klar\u0131n\u0131 ve ya\u015fam ko\u015fullar\u0131n\u0131 g\u00f6z \u00f6n\u00fcnde bulundurmas\u0131 gerekti\u011fi vurgulanabilir.<\/p>\n<h3>DEN\u0130ZL\u0130\u2019DE 40 YA\u015eINDAK\u0130 KADIN 9. BEBE\u011e\u0130N\u0130 KUCA\u011eINA ALDI<\/h3>\n<p>\u00c7ocuk sevgisinin ve \u00e7ocuk sahibi olman\u0131n bir anne i\u00e7in duygusal a\u00e7\u0131dan b\u00fcy\u00fck bir mutluluk kayna\u011f\u0131 oldu\u011funu ifade eden anne, asl\u0131nda toplumda &#8220;aile kurma&#8221; ve \u00e7ocuk b\u00fcy\u00fctme \u00fczerindeki geleneksel bask\u0131lara da bir g\u00f6nderme yap\u0131yor olabilir.<\/p>\n<p><img loading=\"lazy\" decoding=\"async\" class=\"alignnone wp-image-122271\" src=\"https:\/\/www.tgrthaber.com\/mavikadin\/wp-content\/uploads\/AW371458_01-scaled.jpg\" alt=\"\" width=\"1208\" height=\"1006\" title=\"\" srcset=\"https:\/\/www.tgrthaber.com\/mavikadin\/wp-content\/uploads\/AW371458_01-scaled.jpg 2560w, https:\/\/www.tgrthaber.com\/mavikadin\/wp-content\/uploads\/AW371458_01-300x250.jpg 300w, https:\/\/www.tgrthaber.com\/mavikadin\/wp-content\/uploads\/AW371458_01-1024x853.jpg 1024w, https:\/\/www.tgrthaber.com\/mavikadin\/wp-content\/uploads\/AW371458_01-768x639.jpg 768w, https:\/\/www.tgrthaber.com\/mavikadin\/wp-content\/uploads\/AW371458_01-1536x1279.jpg 1536w, https:\/\/www.tgrthaber.com\/mavikadin\/wp-content\/uploads\/AW371458_01-2048x1705.jpg 2048w\" sizes=\"(max-width: 1208px) 100vw, 1208px\" \/><\/p>\n<hr \/>\n<h3>TIP VE SEZARYENLE DO\u011eUM<\/h3>\n<p>Sezaryenle do\u011fum, bir\u00e7ok kad\u0131n\u0131n tercih etti\u011fi bir y\u00f6ntem olmakla birlikte, bunun sa\u011fl\u0131k \u00fczerindeki k\u0131sa ve uzun vadeli etkileri de tart\u0131\u015fma konusu olabilir. Bu haber, sezaryenle do\u011fum yapan kad\u0131nlar\u0131n, sa\u011fl\u0131klar\u0131na dair al\u0131nmas\u0131 gereken \u00f6nlemler, iyile\u015fme s\u00fcre\u00e7leri ve bu do\u011fum y\u00f6nteminin riskleri \u00fczerine bir bilin\u00e7 olu\u015fturabilir.<\/p>\n<h3>KADINLARIN \u00c7OCUK SAH\u0130B\u0130 OLMA KARARLARI<\/h3>\n<p>40 ya\u015f\u0131nda bir kad\u0131n\u0131n 9. bebe\u011fini do\u011furmas\u0131, kad\u0131n\u0131n bireysel kararlar\u0131n\u0131n da bir yans\u0131mas\u0131d\u0131r. Bu haber, kad\u0131n\u0131n kendi hayat\u0131 \u00fczerinde s\u00f6z sahibi oldu\u011fu ve \u00e7ocuk sahibi olma kararlar\u0131n\u0131n ki\u015fisel \u00f6zg\u00fcrl\u00fckleriyle ilgili bir tart\u0131\u015fma yaratabilir. Ayn\u0131 zamanda, kad\u0131nlar\u0131n hayat\u0131n farkl\u0131 d\u00f6nemlerinde \u00e7ocuk sahibi olma tercihleri \u00fczerinde de d\u00fc\u015f\u00fcnceler geli\u015ftirebilir.<\/p>\n<p><img loading=\"lazy\" decoding=\"async\" class=\"alignnone wp-image-122273\" src=\"https:\/\/www.tgrthaber.com\/mavikadin\/wp-content\/uploads\/Baslik-11.jpg\" alt=\"\" width=\"1208\" height=\"680\" title=\"\" srcset=\"https:\/\/www.tgrthaber.com\/mavikadin\/wp-content\/uploads\/Baslik-11.jpg 1920w, https:\/\/www.tgrthaber.com\/mavikadin\/wp-content\/uploads\/Baslik-11-300x169.jpg 300w, https:\/\/www.tgrthaber.com\/mavikadin\/wp-content\/uploads\/Baslik-11-1024x576.jpg 1024w, https:\/\/www.tgrthaber.com\/mavikadin\/wp-content\/uploads\/Baslik-11-768x432.jpg 768w, https:\/\/www.tgrthaber.com\/mavikadin\/wp-content\/uploads\/Baslik-11-1536x864.jpg 1536w\" sizes=\"(max-width: 1208px) 100vw, 1208px\" \/><\/p>\n<hr \/>\n<h3>TOPLUMDA A\u0130LE YAPISININ EVR\u0130M\u0130<\/h3>\n<p>Bu t\u00fcr olaylar, toplumlar\u0131n aile yap\u0131s\u0131ndaki de\u011fi\u015fimi yans\u0131tabilir. Her ge\u00e7en g\u00fcn daha fazla anne, farkl\u0131 ya\u015flarda ve farkl\u0131 say\u0131da \u00e7ocuk sahibi olmay\u0131 tercih edebiliyor. Bu da aile yap\u0131s\u0131n\u0131n ve \u00e7ocuk sahibi olma anlay\u0131\u015f\u0131n\u0131n zamanla nas\u0131l d\u00f6n\u00fc\u015ft\u00fc\u011f\u00fcn\u00fc g\u00f6steriyor olabilir. Aile b\u00fcy\u00fckl\u00fc\u011f\u00fc, e\u011fitim d\u00fczeyi, ekonomik durum gibi fakt\u00f6rler de bu kararlar\u0131 etkileyen unsurlar aras\u0131nda yer al\u0131r.<\/p>\n","protected":false},"excerpt":{"rendered":"<p>Denizli \u00d6zel Cerrahi Hastanesinde sezaryen ile do\u011fum yapan anne, 40 ya\u015f\u0131nda 9&#8217;uncu bebe\u011fini d\u00fcnyaya getirdi. Anne ve bebe\u011fin sa\u011fl\u0131k durumlar\u0131n\u0131n iyi oldu\u011fu bildirildi.<\/p>\n","protected":false},"author":5,"featured_media":122272,"comment_status":"closed","ping_status":"closed","sticky":false,"template":"","format":"standard","meta":{"rank_math_lock_modified_date":false,"footnotes":""},"categories":[78],"tags":[3810],"class_list":["post-122270","post","type-post","status-publish","format-standard","has-post-thumbnail","hentry","category-yasam","tag-denizli"],"_links":{"self":[{"href":"https:\/\/www.tgrthaber.com\/mavikadin\/wp-json\/wp\/v2\/posts\/122270"}],"collection":[{"href":"https:\/\/www.tgrthaber.com\/mavikadin\/wp-json\/wp\/v2\/posts"}],"about":[{"href":"https:\/\/www.tgrthaber.com\/mavikadin\/wp-json\/wp\/v2\/types\/post"}],"author":[{"embeddable":true,"href":"https:\/\/www.tgrthaber.com\/mavikadin\/wp-json\/wp\/v2\/users\/5"}],"replies":[{"embeddable":true,"href":"https:\/\/www.tgrthaber.com\/mavikadin\/wp-json\/wp\/v2\/comments?post=122270"}],"version-history":[{"count":4,"href":"https:\/\/www.tgrthaber.com\/mavikadin\/wp-json\/wp\/v2\/posts\/122270\/revisions"}],"predecessor-version":[{"id":122277,"href":"https:\/\/www.tgrthaber.com\/mavikadin\/wp-json\/wp\/v2\/posts\/122270\/revisions\/122277"}],"wp:featuredmedia":[{"embeddable":true,"href":"https:\/\/www.tgrthaber.com\/mavikadin\/wp-json\/wp\/v2\/media\/122272"}],"wp:attachment":[{"href":"https:\/\/www.tgrthaber.com\/mavikadin\/wp-json\/wp\/v2\/media?parent=122270"}],"wp:term":[{"taxonomy":"category","embeddable":true,"href":"https:\/\/www.tgrthaber.com\/mavikadin\/wp-json\/wp\/v2\/categories?post=122270"},{"taxonomy":"post_tag","embeddable":true,"href":"https:\/\/www.tgrthaber.com\/mavikadin\/wp-json\/wp\/v2\/tags?post=122270"}],"curies":[{"name":"wp","href":"https:\/\/api.w.org\/{rel}","templated":true}]}}