{"id":122300,"date":"2025-01-16T14:18:48","date_gmt":"2025-01-16T11:18:48","guid":{"rendered":"https:\/\/www.tgrthaber.com\/mavikadin\/?p=122300"},"modified":"2025-01-16T14:22:44","modified_gmt":"2025-01-16T11:22:44","slug":"tarik-mengucun-oglu-baran-mengucu-gorenler-gozlerine-inanamiyor","status":"publish","type":"post","link":"https:\/\/www.tgrthaber.com\/mavikadin\/tarik-mengucun-oglu-baran-mengucu-gorenler-gozlerine-inanamiyor\/","title":{"rendered":"Tar\u0131k Meng\u00fc\u00e7&#8217;\u00fcn o\u011flu Baran Meng\u00fc\u00e7&#8217;\u00fc g\u00f6renler g\u00f6zlerine inanam\u0131yor!"},"content":{"rendered":"<p>Tar\u0131k Meng\u00fc\u00e7, \u00f6nceki g\u00fcn \u015eafak Sezer&#8217;in yazd\u0131\u011f\u0131 ve oynad\u0131\u011f\u0131 Kutsal Damacana 5: Zombi filminin gala gecesine kat\u0131ld\u0131. Meng\u00fc\u00e7, davete o\u011flu Baran Meng\u00fc\u00e7 ile beraber boy g\u00f6sterdi. Kamera kar\u015f\u0131s\u0131nda b\u00fcy\u00fcyen Baran Meng\u00fc\u00e7&#8217;\u00fc g\u00f6renler g\u00f6zlerine inanamad\u0131.<\/p>\n<h3>TARIK MENG\u00dc\u00c7&#8217;\u00dcN O\u011eLU BARAN MENG\u00dc\u00c7<\/h3>\n<p>\u015eak \u015fuka \u015fark\u0131s\u0131yla 2000&#8217;li y\u0131llar\u0131n ba\u015f\u0131nda haf\u0131zalara kaz\u0131nan\u00a0 Tar\u0131k Meng\u00fc\u00e7, \u00e7ocuklar\u0131 da kendisi gibi m\u00fczik piyasas\u0131n\u0131 tercih etti. \u015eafak Sezer&#8217;in galas\u0131n\u0131 d\u00fczenledi\u011fi Kutsal Damacana 5: Zombi filmine o\u011flu Baran Meng\u00fc\u00e7&#8217;le kat\u0131lan \u00fcnl\u00fc \u015fark\u0131c\u0131 b\u00fcy\u00fck ilgi g\u00f6rd\u00fc. Bir\u00e7ok \u00fcnl\u00fc ismin kat\u0131ld\u0131\u011f\u0131 gecede dikkatler Baran Meng\u00fc\u00e7&#8217;teydi.<\/p>\n<p><img loading=\"lazy\" decoding=\"async\" class=\"alignnone wp-image-122303\" src=\"https:\/\/www.tgrthaber.com\/mavikadin\/wp-content\/uploads\/1935782-flquCq.webp\" alt=\"\" width=\"1208\" height=\"758\" title=\"\" srcset=\"https:\/\/www.tgrthaber.com\/mavikadin\/wp-content\/uploads\/1935782-flquCq.webp 590w, https:\/\/www.tgrthaber.com\/mavikadin\/wp-content\/uploads\/1935782-flquCq-300x188.webp 300w\" sizes=\"(max-width: 1208px) 100vw, 1208px\" \/><\/p>\n<p>Babas\u0131 gibi m\u00fczik piyasas\u0131nda yer alan Baran Meng\u00fc\u00e7 gerek tarz\u0131 gerek sesiyle ciddi bir hayran kitlesine sahip. Ancak babas\u0131 gibi Roman havas\u0131ndan ziyade R&amp;B yapan Baran, tarz\u0131yla biraz daha Amerika sokak stilini yans\u0131tmay\u0131 tercih etti\u011fi ortaya \u00e7\u0131kt\u0131.<\/p>\n<p>Daha \u00f6ncesinde babas\u0131 Tar\u0131k Meng\u00fc\u00e7 ile programlara kat\u0131lan ve dans eden Baran, Edis ile Ayya\u015f \u015fark\u0131s\u0131nda d\u00fcet yapt\u0131. Babas\u0131 gibi s\u00f6z yazarl\u0131\u011f\u0131 da yapan Baran Meng\u00fc\u00e7&#8217;\u00fcn tarz\u0131 be\u011feni toplad\u0131. Baran Meng\u00fc\u00e7 ge\u00e7ti\u011fimiz aylarda Zeynep Bast\u0131k ile dans\u0131 olay olmu\u015ftu.<\/p>\n<p><img loading=\"lazy\" decoding=\"async\" class=\"alignnone wp-image-122302\" src=\"https:\/\/www.tgrthaber.com\/mavikadin\/wp-content\/uploads\/UN-98-1-1024x576.png\" alt=\"\" width=\"1208\" height=\"680\" title=\"\" srcset=\"https:\/\/www.tgrthaber.com\/mavikadin\/wp-content\/uploads\/UN-98-1-1024x576.png 1024w, https:\/\/www.tgrthaber.com\/mavikadin\/wp-content\/uploads\/UN-98-1-300x169.png 300w, https:\/\/www.tgrthaber.com\/mavikadin\/wp-content\/uploads\/UN-98-1-768x432.png 768w, https:\/\/www.tgrthaber.com\/mavikadin\/wp-content\/uploads\/UN-98-1-1536x864.png 1536w, https:\/\/www.tgrthaber.com\/mavikadin\/wp-content\/uploads\/UN-98-1-2048x1152.png 2048w\" sizes=\"(max-width: 1208px) 100vw, 1208px\" \/><\/p>\n<p>28 Haziran 2003 y\u0131l\u0131nda \u0130stanbul&#8217;da do\u011fan Baran FA Organizasyon ile \u00e7al\u0131\u015f\u0131yor. Hem dans hem de m\u00fczik e\u011fitimi alan Baran, son g\u00fcnlerde sosyal medyada da olduk\u00e7a pop\u00fcler bir isim haline geldi.<\/p>\n<p>Tar\u0131k Meng\u00fc\u00e7, ise o\u011fluna \u00e7ok g\u00fcvendi\u011fini ve iyi bir yere gelece\u011fini belirtti. Ekranlarda adeta de\u011fi\u015fime u\u011frayan Baran Meng\u00fc\u00e7&#8217;\u00fcn son hali&#8230;<\/p>\n<p><img loading=\"lazy\" decoding=\"async\" class=\"alignnone wp-image-122304\" src=\"https:\/\/www.tgrthaber.com\/mavikadin\/wp-content\/uploads\/UN-99-1-1024x576.png\" alt=\"\" width=\"1208\" height=\"680\" title=\"\" srcset=\"https:\/\/www.tgrthaber.com\/mavikadin\/wp-content\/uploads\/UN-99-1-1024x576.png 1024w, https:\/\/www.tgrthaber.com\/mavikadin\/wp-content\/uploads\/UN-99-1-300x169.png 300w, https:\/\/www.tgrthaber.com\/mavikadin\/wp-content\/uploads\/UN-99-1-768x432.png 768w, https:\/\/www.tgrthaber.com\/mavikadin\/wp-content\/uploads\/UN-99-1-1536x864.png 1536w, https:\/\/www.tgrthaber.com\/mavikadin\/wp-content\/uploads\/UN-99-1-2048x1152.png 2048w\" sizes=\"(max-width: 1208px) 100vw, 1208px\" \/><\/p>\n","protected":false},"excerpt":{"rendered":"<p>Tar\u0131k Meng\u00fc\u00e7, \u00f6nceki g\u00fcn \u015eafak Sezer&#8217;in yazd\u0131\u011f\u0131 ve oynad\u0131\u011f\u0131 Kutsal Damacana 5: Zombi filminin gala gecesine kat\u0131ld\u0131. Meng\u00fc\u00e7, davete o\u011flu Baran Meng\u00fc\u00e7 ile beraber boy g\u00f6sterdi. Kamera kar\u015f\u0131s\u0131nda b\u00fcy\u00fcyen Baran Meng\u00fc\u00e7&#8217;\u00fc g\u00f6renler g\u00f6zlerine inanamad\u0131.\u00a0Baran Meng\u00fc\u00e7 kimdir?<\/p>\n","protected":false},"author":24,"featured_media":122306,"comment_status":"closed","ping_status":"closed","sticky":false,"template":"","format":"standard","meta":{"rank_math_lock_modified_date":false,"footnotes":""},"categories":[491,76],"tags":[8288,8289,8290],"class_list":["post-122300","post","type-post","status-publish","format-standard","has-post-thumbnail","hentry","category-biyografi","category-magazin","tag-baran-menguc","tag-baran-menguc-kimdir","tag-tarik-menguc"],"_links":{"self":[{"href":"https:\/\/www.tgrthaber.com\/mavikadin\/wp-json\/wp\/v2\/posts\/122300"}],"collection":[{"href":"https:\/\/www.tgrthaber.com\/mavikadin\/wp-json\/wp\/v2\/posts"}],"about":[{"href":"https:\/\/www.tgrthaber.com\/mavikadin\/wp-json\/wp\/v2\/types\/post"}],"author":[{"embeddable":true,"href":"https:\/\/www.tgrthaber.com\/mavikadin\/wp-json\/wp\/v2\/users\/24"}],"replies":[{"embeddable":true,"href":"https:\/\/www.tgrthaber.com\/mavikadin\/wp-json\/wp\/v2\/comments?post=122300"}],"version-history":[{"count":1,"href":"https:\/\/www.tgrthaber.com\/mavikadin\/wp-json\/wp\/v2\/posts\/122300\/revisions"}],"predecessor-version":[{"id":122305,"href":"https:\/\/www.tgrthaber.com\/mavikadin\/wp-json\/wp\/v2\/posts\/122300\/revisions\/122305"}],"wp:featuredmedia":[{"embeddable":true,"href":"https:\/\/www.tgrthaber.com\/mavikadin\/wp-json\/wp\/v2\/media\/122306"}],"wp:attachment":[{"href":"https:\/\/www.tgrthaber.com\/mavikadin\/wp-json\/wp\/v2\/media?parent=122300"}],"wp:term":[{"taxonomy":"category","embeddable":true,"href":"https:\/\/www.tgrthaber.com\/mavikadin\/wp-json\/wp\/v2\/categories?post=122300"},{"taxonomy":"post_tag","embeddable":true,"href":"https:\/\/www.tgrthaber.com\/mavikadin\/wp-json\/wp\/v2\/tags?post=122300"}],"curies":[{"name":"wp","href":"https:\/\/api.w.org\/{rel}","templated":true}]}}