{"id":122348,"date":"2025-01-16T18:13:45","date_gmt":"2025-01-16T15:13:45","guid":{"rendered":"https:\/\/www.tgrthaber.com\/mavikadin\/?p=122348"},"modified":"2025-01-16T18:14:44","modified_gmt":"2025-01-16T15:14:44","slug":"kizil-goncalarin-naimi-mert-turaktan-aile-itirafi","status":"publish","type":"post","link":"https:\/\/www.tgrthaber.com\/mavikadin\/kizil-goncalarin-naimi-mert-turaktan-aile-itirafi\/","title":{"rendered":"K\u0131z\u0131l Goncalar&#8217;\u0131n Naim&#8217;i oyuncu Mert Turak&#8217;tan aile itiraf\u0131: &#8220;Bo\u015fand\u0131klar\u0131n\u0131 teyzemden \u00f6\u011frendim&#8221;"},"content":{"rendered":"<p>&#8216;Ye\u015fil Deniz&#8217;, &#8216;Babalar ve Evlatlar&#8217;, &#8216;Beni B\u00f6yle Sev&#8217;, &#8216;K\u0131z\u0131l Goncalar&#8217; gibi \u00f6nemli yap\u0131mlarda rol alan 44 ya\u015f\u0131ndaki \u00fcnl\u00fc oyuncu Mert Turak, ekranlardaki ba\u015far\u0131l\u0131 oyunculuk performans\u0131yla \u015f\u00f6hreti yakalamay\u0131 ba\u015farm\u0131\u015ft\u0131.<\/p>\n<p>Son iki sezondur ise TRT1 kanal\u0131nda yay\u0131nlanan me\u015fhur dizi &#8216;K\u0131z\u0131l Goncalar&#8217;da &#8216;Naim&#8217; karakterine oynayan yetenekli oyuncu Mert Turak, verdi\u011fi bir rop\u00f6rtajda \u00f6zel hayat\u0131 ile ilgili samimi a\u00e7\u0131klamalarda bulundu.<\/p>\n<h3>KIZIL GONCALAR&#8217;IN NA\u0130M&#8217;\u0130 MERT TURAK: &#8220;ANNEMLE BABAM BANA H\u0130\u00c7 KARI\u015eMADI&#8221;<\/h3>\n<p>Sunuculu\u011funu Ahmet M\u00fcmtaz Taylan&#8217;\u0131n yapt\u0131\u011f\u0131,\u00a0 NTV kanal\u0131nda yay\u0131nlanan &#8216;Empati&#8217; program\u0131 her hafta birbirinden \u00f6zel konuklar\u0131 a\u011f\u0131rlamaya devam ediyor.<\/p>\n<p><img loading=\"lazy\" decoding=\"async\" class=\"wp-image-99000\" src=\"https:\/\/www.tgrthaber.com\/mavikadin\/wp-content\/uploads\/Adsiz-tasarim-18-6.jpg\" alt=\"K\u0131z\u0131l Goncalar\u2019\u0131n Naim\u2019i Mert Turak\u2019tan set payla\u015f\u0131m\u0131!\" width=\"1208\" height=\"680\" title=\"\" srcset=\"https:\/\/www.tgrthaber.com\/mavikadin\/wp-content\/uploads\/Adsiz-tasarim-18-6.jpg 1600w, https:\/\/www.tgrthaber.com\/mavikadin\/wp-content\/uploads\/Adsiz-tasarim-18-6-300x169.jpg 300w, https:\/\/www.tgrthaber.com\/mavikadin\/wp-content\/uploads\/Adsiz-tasarim-18-6-1024x576.jpg 1024w, https:\/\/www.tgrthaber.com\/mavikadin\/wp-content\/uploads\/Adsiz-tasarim-18-6-768x432.jpg 768w, https:\/\/www.tgrthaber.com\/mavikadin\/wp-content\/uploads\/Adsiz-tasarim-18-6-1536x864.jpg 1536w\" sizes=\"(max-width: 1208px) 100vw, 1208px\" \/><\/p>\n<hr \/>\n<p>Program\u0131n son konu\u011fu olan oyuncu Mert Turak, babas\u0131n\u0131n k\u00f6klerinin \u0130ran Horasan&#8217;dan geldi\u011fini, annesinin de Makedon g\u00f6\u00e7meni oldu\u011funu dile getiren Turak, &#8220;Zenginli\u011fimi buna bor\u00e7luyum. Bana verdikleri en b\u00fcy\u00fck \u00f6zg\u00fcrl\u00fck hep s\u00f6ylerim&#8230; Hi\u00e7 kar\u0131\u015fmad\u0131lar bana&#8221; dedi.<\/p>\n<h3>HER \u015eEY\u0130 EN SON \u00d6\u011eREND\u0130\u011e\u0130N\u0130 S\u00d6YLEYEN MERT TURAK&#8217;TAN SAM\u0130M\u0130 A\u00c7IKLAMA<\/h3>\n<p>2005 y\u0131l\u0131nda annesiyle babas\u0131n\u0131n ayr\u0131lma karar\u0131 al\u0131p bo\u015fand\u0131\u011f\u0131 aral\u0131kta \u015fehir tiyatrolar\u0131nda oyunculuk yapt\u0131\u011f\u0131n\u0131 s\u00f6yleyen oyuncu Turak, &#8220;Annemle babam\u0131n bo\u015fand\u0131\u011f\u0131n\u0131 teyzemden \u00f6\u011frendim ben. Niye? &#8216;\u00c7ocuk uzakta her ak\u015fam sahneye \u00e7\u0131k\u0131yor, ekme\u011fini moraliyle kazan\u0131yor s\u00f6ylemeyelim&#8217; demi\u015fler.<\/p>\n<p><img loading=\"lazy\" decoding=\"async\" class=\"alignnone wp-image-122352\" src=\"https:\/\/www.tgrthaber.com\/mavikadin\/wp-content\/uploads\/9666-3.png\" alt=\"\" width=\"1208\" height=\"776\" title=\"\" srcset=\"https:\/\/www.tgrthaber.com\/mavikadin\/wp-content\/uploads\/9666-3.png 1357w, https:\/\/www.tgrthaber.com\/mavikadin\/wp-content\/uploads\/9666-3-300x193.png 300w, https:\/\/www.tgrthaber.com\/mavikadin\/wp-content\/uploads\/9666-3-1024x658.png 1024w, https:\/\/www.tgrthaber.com\/mavikadin\/wp-content\/uploads\/9666-3-768x494.png 768w\" sizes=\"(max-width: 1208px) 100vw, 1208px\" \/><\/p>\n<hr \/>\n<p>Sonra annem ameliyat olmu\u015f, ameliyat 5 saat s\u00fcrm\u00fc\u015f. &#8216;Sana s\u00f6ylemedik, neden? Uzaktakine s\u00f6ylenmez.&#8217; Onlar bana i\u015fim i\u00e7in b\u00f6yle bir alan tan\u0131y\u0131nca, ben oynamak zorunda kald\u0131m. Hala da s\u00f6ylemezler, babam\u0131n corona vir\u00fcs ge\u00e7irdi\u011fini bile ikinci e\u015finden \u00f6\u011frendim, &#8216;Baban zor durumda hala da g\u0131k demiyor Mert&#8217;e s\u00f6ylemeyin diyor&#8221; ifadesinde bulundu.<\/p>\n<h3>A\u015eK KONUSUNDA BA\u015eARISIZ OLDU\u011eUNU \u00d6NE S\u00dcREN OYUNCU TURAK: &#8220;\u0130K\u0130L\u0130 \u0130L\u0130\u015eK\u0130LERDE BECER\u0130KS\u0130Z\u0130M&#8221;<\/h3>\n<p>B\u00fct\u00fcn bu ya\u015fananlardan \u00f6t\u00fcr\u00fc \u00f6zel hayat\u0131ndaki ikili ili\u015fkilerinde pek de yetenekli oldu\u011funu s\u00f6yleyemeyen oyuncu Mert Turak, &#8220;Ben ailemi arkamda b\u0131rak\u0131p gelmi\u015fim&#8221; diyerek hayat\u0131n\u0131 payla\u015facak olan ki\u015finin de i\u015fiyle ilgili titiz davranmas\u0131 gerekti\u011finin \u00f6nemine de\u011findi..<\/p>\n","protected":false},"excerpt":{"rendered":"<p>&#8216;Empati&#8217; program\u0131na konuk olarak kat\u0131lan &#8216;K\u0131z\u0131l Goncalar&#8217; dizisi oyuncusu Mert Turak, aile hayat\u0131na y\u00f6nelik samimi a\u00e7\u0131klamalarda bulundu.<\/p>\n","protected":false},"author":27,"featured_media":122356,"comment_status":"closed","ping_status":"closed","sticky":false,"template":"","format":"standard","meta":{"rank_math_lock_modified_date":false,"footnotes":""},"categories":[76],"tags":[2306,133,3005],"class_list":["post-122348","post","type-post","status-publish","format-standard","has-post-thumbnail","hentry","category-magazin","tag-kizil-goncalar","tag-magazin","tag-mert-turak"],"_links":{"self":[{"href":"https:\/\/www.tgrthaber.com\/mavikadin\/wp-json\/wp\/v2\/posts\/122348"}],"collection":[{"href":"https:\/\/www.tgrthaber.com\/mavikadin\/wp-json\/wp\/v2\/posts"}],"about":[{"href":"https:\/\/www.tgrthaber.com\/mavikadin\/wp-json\/wp\/v2\/types\/post"}],"author":[{"embeddable":true,"href":"https:\/\/www.tgrthaber.com\/mavikadin\/wp-json\/wp\/v2\/users\/27"}],"replies":[{"embeddable":true,"href":"https:\/\/www.tgrthaber.com\/mavikadin\/wp-json\/wp\/v2\/comments?post=122348"}],"version-history":[{"count":3,"href":"https:\/\/www.tgrthaber.com\/mavikadin\/wp-json\/wp\/v2\/posts\/122348\/revisions"}],"predecessor-version":[{"id":122370,"href":"https:\/\/www.tgrthaber.com\/mavikadin\/wp-json\/wp\/v2\/posts\/122348\/revisions\/122370"}],"wp:featuredmedia":[{"embeddable":true,"href":"https:\/\/www.tgrthaber.com\/mavikadin\/wp-json\/wp\/v2\/media\/122356"}],"wp:attachment":[{"href":"https:\/\/www.tgrthaber.com\/mavikadin\/wp-json\/wp\/v2\/media?parent=122348"}],"wp:term":[{"taxonomy":"category","embeddable":true,"href":"https:\/\/www.tgrthaber.com\/mavikadin\/wp-json\/wp\/v2\/categories?post=122348"},{"taxonomy":"post_tag","embeddable":true,"href":"https:\/\/www.tgrthaber.com\/mavikadin\/wp-json\/wp\/v2\/tags?post=122348"}],"curies":[{"name":"wp","href":"https:\/\/api.w.org\/{rel}","templated":true}]}}