{"id":122355,"date":"2025-01-16T18:13:03","date_gmt":"2025-01-16T15:13:03","guid":{"rendered":"https:\/\/www.tgrthaber.com\/mavikadin\/?p=122355"},"modified":"2025-01-16T18:13:15","modified_gmt":"2025-01-16T15:13:15","slug":"kucuk-dahi-ibn-i-sina-dizisi-2-sezon-ne-zaman-basliyor-oyuncular-degisti-mi","status":"publish","type":"post","link":"https:\/\/www.tgrthaber.com\/mavikadin\/kucuk-dahi-ibn-i-sina-dizisi-2-sezon-ne-zaman-basliyor-oyuncular-degisti-mi\/","title":{"rendered":"K\u00fc\u00e7\u00fck Dahi \u0130bn-i Sina dizisi 2. sezon ne zaman ba\u015fl\u0131yor? Oyuncular de\u011fi\u015fti mi?"},"content":{"rendered":"<p>TRT ekranlar\u0131n\u0131n dijital platformu Tabii\u2019de yay\u0131nlanan \u201cK\u00fc\u00e7\u00fck Dahi \u0130bn-i Sina\u201d dizisinin 2. sezonunun ne zaman yay\u0131nlanaca\u011f\u0131 seyirciler taraf\u0131ndan merak ediliyor. Hem konusu hem de oyuncu kadrosuyla dikkat \u00e7eken K\u00fc\u00e7\u00fck Dahi \u0130bn-i Sina dizisi \u00e7ok yak\u0131n zamanda seyirci ile bulu\u015fmaya haz\u0131rlan\u0131yor. Dizinin hayranlar\u0131 ise yay\u0131nlanmas\u0131n\u0131 sab\u0131rs\u0131zl\u0131kla bekliyor. Peki, K\u00fc\u00e7\u00fck Dahi \u0130bn-i Sina dizisi 2. sezon ne zaman ba\u015fl\u0131yor? Oyuncular de\u011fi\u015fti mi? \u0130\u015fte K\u00fc\u00e7\u00fck Dahi \u0130bn-i Sina dizisi hakk\u0131nda merak edilenler\u2026<\/p>\n<hr \/>\n<h3>K\u00dc\u00c7\u00dcK DAH\u0130 \u0130BN-\u0130 S\u0130NA D\u0130Z\u0130S\u0130 2. SEZON NE ZAMAN BA\u015eLIYOR?<\/h3>\n<p>TRT\u2019nin dijital platformu Tabii\u2019de izleyici kar\u015f\u0131s\u0131na \u00e7\u0131kan \u201cK\u00fc\u00e7\u00fck Dahi \u0130bn-i Sina\u201d dizisinin yeni sezonunun ne zaman yay\u0131nlanaca\u011f\u0131 seyirci taraf\u0131ndan merak ediliyor. Seyircinin merakla bekledi\u011fi K\u00fc\u00e7\u00fck Dahi \u0130bn-i Sina dizisinin ilk sezonu 3 Temmuz 2023 tarihinde TRT 1 ekranlar\u0131nda izleyici kar\u015f\u0131s\u0131na \u00e7\u0131km\u0131\u015ft\u0131. Dizinin ilk b\u00f6l\u00fcm\u00fc TRT ekranlar\u0131nda yay\u0131nlanm\u0131\u015f, yeni b\u00f6l\u00fcmleri ise TRT\u2019nin dijital platformu Tabii\u2019de yay\u0131nlanmaya devam etmi\u015ftir. \u0130lk sezonuyla b\u00fcy\u00fck bir izleyici kitlesine sahip olan K\u00fc\u00e7\u00fck Dahi \u0130bn-i Sina dizisinin 2. sezonu da b\u00fcy\u00fck bir heyecanla bekleniyor.<\/p>\n<p><img loading=\"lazy\" decoding=\"async\" class=\"alignnone wp-image-122357\" src=\"https:\/\/www.tgrthaber.com\/mavikadin\/wp-content\/uploads\/Kucuk-Dahi-Ibn-i-Sina-8-1024x576.jpg\" alt=\"K\u00fc\u00e7\u00fck Dahi \u0130bn-i Sina dizisi 2. sezon ne zaman ba\u015fl\u0131yor? \" width=\"1208\" height=\"680\" title=\"\" srcset=\"https:\/\/www.tgrthaber.com\/mavikadin\/wp-content\/uploads\/Kucuk-Dahi-Ibn-i-Sina-8-1024x576.jpg 1024w, https:\/\/www.tgrthaber.com\/mavikadin\/wp-content\/uploads\/Kucuk-Dahi-Ibn-i-Sina-8-300x169.jpg 300w, https:\/\/www.tgrthaber.com\/mavikadin\/wp-content\/uploads\/Kucuk-Dahi-Ibn-i-Sina-8-768x432.jpg 768w, https:\/\/www.tgrthaber.com\/mavikadin\/wp-content\/uploads\/Kucuk-Dahi-Ibn-i-Sina-8-1536x864.jpg 1536w, https:\/\/www.tgrthaber.com\/mavikadin\/wp-content\/uploads\/Kucuk-Dahi-Ibn-i-Sina-8.jpg 1600w\" sizes=\"(max-width: 1208px) 100vw, 1208px\" \/><\/p>\n<hr \/>\n<p>K\u00fc\u00e7\u00fck Dahi \u0130bn-i Sina dizisinin yeni sezonu seyirci ile bulu\u015fmaya g\u00fcn say\u0131yor. Seyircinin sab\u0131rs\u0131zl\u0131kla bekledi\u011fi K\u00fc\u00e7\u00fck Dahi \u0130bn-i Sina dizisi 20 Ocak Pazartesi g\u00fcn\u00fc 2. sezonuyla Tabii dijital platformunda izleyici ile bulu\u015fmaya haz\u0131rlan\u0131yor. \u0130slam d\u00fcnyas\u0131n\u0131n \u00f6nemli d\u00fc\u015f\u00fcn\u00fcrleri aras\u0131nda yer alan \u0130bn-i Sina\u2019n\u0131n hayat\u0131n\u0131 konu alan dizinin yeni sezonu izleyiciler taraf\u0131ndan uzun s\u00fcredir bekleniyordu. Tabii resmi Instagram hesab\u0131ndan yap\u0131lan payla\u015f\u0131mla m\u00fcjdeli haber geldi. K\u00fc\u00e7\u00fck Dahi \u0130bn-i Sina dizisi hayranlar\u0131 20 Ocak\u2019ta Tabii platformunda diziyi izleyebilecek.<\/p>\n<p><img loading=\"lazy\" decoding=\"async\" class=\"alignnone wp-image-122358\" src=\"https:\/\/www.tgrthaber.com\/mavikadin\/wp-content\/uploads\/Kucuk-Dahi-Ibn-i-Sina-5-1024x576.jpg\" alt=\"K\u00fc\u00e7\u00fck Dahi \u0130bn-i Sina dizisi 2. sezon ne zaman ba\u015fl\u0131yor? \" width=\"1208\" height=\"680\" title=\"\" srcset=\"https:\/\/www.tgrthaber.com\/mavikadin\/wp-content\/uploads\/Kucuk-Dahi-Ibn-i-Sina-5-1024x576.jpg 1024w, https:\/\/www.tgrthaber.com\/mavikadin\/wp-content\/uploads\/Kucuk-Dahi-Ibn-i-Sina-5-300x169.jpg 300w, https:\/\/www.tgrthaber.com\/mavikadin\/wp-content\/uploads\/Kucuk-Dahi-Ibn-i-Sina-5-768x432.jpg 768w, https:\/\/www.tgrthaber.com\/mavikadin\/wp-content\/uploads\/Kucuk-Dahi-Ibn-i-Sina-5-1536x864.jpg 1536w, https:\/\/www.tgrthaber.com\/mavikadin\/wp-content\/uploads\/Kucuk-Dahi-Ibn-i-Sina-5.jpg 1600w\" sizes=\"(max-width: 1208px) 100vw, 1208px\" \/><\/p>\n<hr \/>\n<h3>K\u00dc\u00c7\u00dcK DAH\u0130 \u0130BN-\u0130 S\u0130NA D\u0130Z\u0130S\u0130 OYUNCULARI DE\u011e\u0130\u015eT\u0130 M\u0130?<\/h3>\n<p>\u0130bn-i Sina\u2019n\u0131n \u00e7ocuklu\u011funu konu alan \u201cK\u00fc\u00e7\u00fck Dahi \u0130bn-i Sina\u201d dizisi hem konusu hem de g\u00fc\u00e7l\u00fc oyuncu kadrosuyla dikkatleri \u00fczerine \u00e7ekiyor. \u0130lk sezonunda olduk\u00e7a ba\u015far\u0131l\u0131 isimlerle izleyici kar\u015f\u0131s\u0131na \u00e7\u0131kan dizi, yeni sezonunda yeni oyuncular\u0131n da dahil olmas\u0131yla seyir zevkini art\u0131raca\u011fa benziyor. Dizinin 2. sezonu sab\u0131rs\u0131zl\u0131kla beklenirken, oyuncu kadrosunda kimlerin oldu\u011fu da merak ediliyor.<\/p>\n<p><img loading=\"lazy\" decoding=\"async\" class=\"alignnone wp-image-122359\" src=\"https:\/\/www.tgrthaber.com\/mavikadin\/wp-content\/uploads\/Kucuk-Dahi-Ibn-i-Sina-2-1024x576.jpg\" alt=\"K\u00fc\u00e7\u00fck Dahi \u0130bn-i Sina dizisi 2. sezon ne zaman ba\u015fl\u0131yor? \" width=\"1208\" height=\"680\" title=\"\" srcset=\"https:\/\/www.tgrthaber.com\/mavikadin\/wp-content\/uploads\/Kucuk-Dahi-Ibn-i-Sina-2-1024x576.jpg 1024w, https:\/\/www.tgrthaber.com\/mavikadin\/wp-content\/uploads\/Kucuk-Dahi-Ibn-i-Sina-2-300x169.jpg 300w, https:\/\/www.tgrthaber.com\/mavikadin\/wp-content\/uploads\/Kucuk-Dahi-Ibn-i-Sina-2-768x432.jpg 768w, https:\/\/www.tgrthaber.com\/mavikadin\/wp-content\/uploads\/Kucuk-Dahi-Ibn-i-Sina-2-1536x864.jpg 1536w, https:\/\/www.tgrthaber.com\/mavikadin\/wp-content\/uploads\/Kucuk-Dahi-Ibn-i-Sina-2.jpg 1600w\" sizes=\"(max-width: 1208px) 100vw, 1208px\" \/><\/p>\n<hr \/>\n<p>Yap\u0131mc\u0131l\u0131\u011f\u0131n\u0131 Mehmet Bozda\u011f\u2019\u0131n \u00fcstlendi\u011fi ve \u0130hsan Y\u0131ld\u0131r\u0131m\u2019\u0131n kaleme ald\u0131\u011f\u0131 K\u00fc\u00e7\u00fck Dahi \u0130bn-i Sina dizisinin y\u00f6netmen koltu\u011funda ise Hakan Arslan oturuyor. Ba\u015frollerinde Kaan Alp Day\u0131, Meri\u00e7 \u00d6zkaya, Burak Tamdo\u011fan ve Deniz Bol\u0131\u015f\u0131k\u2019\u0131n yer ald\u0131\u011f\u0131 dizide birbirinden ba\u015far\u0131l\u0131 oyuncular boy g\u00f6steriyor. Bu isimlerin yan\u0131 s\u0131ra dizinin kadrosunda Bengi \u00d6zt\u00fcrk, Ekin Pasvano\u011flu, Mehmet Ali Kaptanlar ve Recep Efe Ekemen gibi ba\u015far\u0131l\u0131 isimler de yer al\u0131yor.<\/p>\n<p><img loading=\"lazy\" decoding=\"async\" class=\"alignnone wp-image-122360\" src=\"https:\/\/www.tgrthaber.com\/mavikadin\/wp-content\/uploads\/Kucuk-Dahi-Ibn-i-Sina-6-1024x576.jpg\" alt=\"K\u00fc\u00e7\u00fck Dahi \u0130bn-i Sina dizisi 2. sezon ne zaman ba\u015fl\u0131yor? \" width=\"1208\" height=\"680\" title=\"\" srcset=\"https:\/\/www.tgrthaber.com\/mavikadin\/wp-content\/uploads\/Kucuk-Dahi-Ibn-i-Sina-6-1024x576.jpg 1024w, https:\/\/www.tgrthaber.com\/mavikadin\/wp-content\/uploads\/Kucuk-Dahi-Ibn-i-Sina-6-300x169.jpg 300w, https:\/\/www.tgrthaber.com\/mavikadin\/wp-content\/uploads\/Kucuk-Dahi-Ibn-i-Sina-6-768x432.jpg 768w, https:\/\/www.tgrthaber.com\/mavikadin\/wp-content\/uploads\/Kucuk-Dahi-Ibn-i-Sina-6-1536x864.jpg 1536w, https:\/\/www.tgrthaber.com\/mavikadin\/wp-content\/uploads\/Kucuk-Dahi-Ibn-i-Sina-6.jpg 1600w\" sizes=\"(max-width: 1208px) 100vw, 1208px\" \/><\/p>\n<hr \/>\n<p><strong>\u0130\u015fte K\u00fc\u00e7\u00fck Dahi \u0130bn-i Sina dizisinin oyuncular\u0131;<\/strong><\/p>\n<ul>\n<li>Kaan Alp Day\u0131 \u2013 \u0130bn-i Sina<\/li>\n<li>Burak Tamdo\u011fan \u2013 Ku\u015fyar<\/li>\n<li>Meri\u00e7 \u00d6zkaya \u2013 Abdullah<\/li>\n<li>Deniz Bol\u0131\u015f\u0131k \u2013 \u015eehriyar<\/li>\n<li>Bengi \u00d6zt\u00fcrk \u2013 Mahiye<\/li>\n<li>Ekin Pasvano\u011flu \u2013 Bahar<\/li>\n<li>Mehmet Ali Kaptanlar \u2013 Dede<\/li>\n<li>Efe Ekemen \u2013 Haris<\/li>\n<li>Ahmet Hakan \u00dcnal \u2013 Naim<\/li>\n<li>Ece Bi\u00e7ici \u2013 G\u00f6k\u00e7e<\/li>\n<li>Zeynep Erg\u00fcney \u2013 Hare<\/li>\n<li>Osman Albayrak \u2013 Artuk Efendi<\/li>\n<li>G\u00f6khan Bekletenler<\/li>\n<li>Osman Do\u011fan<\/li>\n<li>Murat \u00d6ng\u00fcn<\/li>\n<li>Do\u011fan \u00c7etiner<\/li>\n<\/ul>\n<p><img loading=\"lazy\" decoding=\"async\" class=\"alignnone wp-image-122361\" src=\"https:\/\/www.tgrthaber.com\/mavikadin\/wp-content\/uploads\/Kucuk-Dahi-Ibn-i-Sina-3-1024x576.jpg\" alt=\"K\u00fc\u00e7\u00fck Dahi \u0130bn-i Sina dizisi 2. sezon ne zaman ba\u015fl\u0131yor? \" width=\"1208\" height=\"680\" title=\"\" srcset=\"https:\/\/www.tgrthaber.com\/mavikadin\/wp-content\/uploads\/Kucuk-Dahi-Ibn-i-Sina-3-1024x576.jpg 1024w, https:\/\/www.tgrthaber.com\/mavikadin\/wp-content\/uploads\/Kucuk-Dahi-Ibn-i-Sina-3-300x169.jpg 300w, https:\/\/www.tgrthaber.com\/mavikadin\/wp-content\/uploads\/Kucuk-Dahi-Ibn-i-Sina-3-768x432.jpg 768w, https:\/\/www.tgrthaber.com\/mavikadin\/wp-content\/uploads\/Kucuk-Dahi-Ibn-i-Sina-3-1536x864.jpg 1536w, https:\/\/www.tgrthaber.com\/mavikadin\/wp-content\/uploads\/Kucuk-Dahi-Ibn-i-Sina-3.jpg 1600w\" sizes=\"(max-width: 1208px) 100vw, 1208px\" \/><\/p>\n<hr \/>\n<h3>K\u00dc\u00c7\u00dcK DAH\u0130 \u0130BN-\u0130 S\u0130NA D\u0130Z\u0130S\u0130N\u0130N KONUSU<\/h3>\n<p>\u0130slam d\u00fcnyas\u0131n\u0131n \u00f6nemli isimleri aras\u0131nda yer alan \u0130bn-i Sina\u2019n\u0131n \u00e7ocuklu\u011funu konu alan K\u00fc\u00e7\u00fck Dahi \u0130bn-i Sina dizisi, 10 ya\u015f\u0131nda kab\u0131na s\u0131\u011fmayan \u0130bn-i Sina\u2019n\u0131n \u00f6\u011frenme ve bilgiyi ke\u015ffetmenin pe\u015finde ko\u015ftu\u011fu, \u00e7ocukluk d\u00f6nemini ve g\u00fcndelik hayat\u0131n\u0131 konu al\u0131yor.<\/p>\n<p>K\u00fc\u00e7\u00fck Dahi \u0130bn-i Sina dizisi, k\u00fc\u00e7\u00fck ya\u015flarda merak ettiklerinin pe\u015finde ko\u015fan ve dedesinin sordu\u011fu veya s\u00f6yledi\u011fi \u015feylerle ara\u015ft\u0131rmalarda bulunan \u0130bn-i Sina\u2019n\u0131n, toplumda sosyal zekas\u0131yla farkl\u0131la\u015fan ki\u015fili\u011fini \u00f6ne \u00e7\u0131kar\u0131yor. Merak ettiklerinin cevab\u0131n\u0131 bulmak i\u00e7in bilginin pe\u015finden ko\u015fan Sina, \u201cK\u00fc\u00e7\u00fck Dahi\u201d olarak da adland\u0131r\u0131l\u0131yor.<\/p>\n<p><img loading=\"lazy\" decoding=\"async\" class=\"alignnone wp-image-122362\" src=\"https:\/\/www.tgrthaber.com\/mavikadin\/wp-content\/uploads\/Kucuk-Dahi-Ibn-i-Sina-4-1024x576.jpg\" alt=\"K\u00fc\u00e7\u00fck Dahi \u0130bn-i Sina dizisi 2. sezon ne zaman ba\u015fl\u0131yor? \" width=\"1208\" height=\"680\" title=\"\" srcset=\"https:\/\/www.tgrthaber.com\/mavikadin\/wp-content\/uploads\/Kucuk-Dahi-Ibn-i-Sina-4-1024x576.jpg 1024w, https:\/\/www.tgrthaber.com\/mavikadin\/wp-content\/uploads\/Kucuk-Dahi-Ibn-i-Sina-4-300x169.jpg 300w, https:\/\/www.tgrthaber.com\/mavikadin\/wp-content\/uploads\/Kucuk-Dahi-Ibn-i-Sina-4-768x432.jpg 768w, https:\/\/www.tgrthaber.com\/mavikadin\/wp-content\/uploads\/Kucuk-Dahi-Ibn-i-Sina-4-1536x864.jpg 1536w, https:\/\/www.tgrthaber.com\/mavikadin\/wp-content\/uploads\/Kucuk-Dahi-Ibn-i-Sina-4.jpg 1600w\" sizes=\"(max-width: 1208px) 100vw, 1208px\" \/><\/p>\n<hr \/>\n<p>Dizide \u0130bn-i Sina karakteri, bilgiyi ke\u015ffetmenin pe\u015finde ko\u015fan, kab\u0131na s\u0131\u011fmayan, \u00e7a\u011f\u0131n\u0131n \u00f6tesinde bir zekaya sahip merakl\u0131 bir \u00e7ocuk olarak kar\u015f\u0131m\u0131za \u00e7\u0131k\u0131yor. Ayn\u0131 zamanda \u0130bn-i Sina dizide, Aristoteles&#8217;in Metafizik kitab\u0131n\u0131 kavrayabilmek i\u00e7in defalarca okur, ya\u015f\u0131tlar\u0131 gibi oyun oynamak yerine ara\u015ft\u0131rmalar yapar ve \u00e7o\u011funlukla en yak\u0131n arkada\u015f\u0131 ke\u00e7i Sokrates ile dertle\u015fir.<\/p>\n","protected":false},"excerpt":{"rendered":"<p>TRT ekranlar\u0131n\u0131n dijital platformu Tabii\u2019de yay\u0131nlanan K\u00fc\u00e7\u00fck Dahi \u0130bn-i Sina dizisinin 2. sezonunun ne zaman yay\u0131nlanaca\u011f\u0131 merak ediliyor. Dizinin oyuncular\u0131n\u0131n de\u011fi\u015fip de\u011fi\u015fmedi\u011fi de merak edilenler aras\u0131nda yer al\u0131yor. Peki, K\u00fc\u00e7\u00fck Dahi \u0130bn-i Sina dizisi 2. sezon ne zaman ba\u015fl\u0131yor? Oyuncular de\u011fi\u015fti mi? \u0130\u015fte detaylar\u2026 <\/p>\n","protected":false},"author":26,"featured_media":122363,"comment_status":"closed","ping_status":"closed","sticky":false,"template":"","format":"standard","meta":{"rank_math_lock_modified_date":false,"footnotes":""},"categories":[602],"tags":[6637,8295,6203,6219],"class_list":["post-122355","post","type-post","status-publish","format-standard","has-post-thumbnail","hentry","category-diziler","tag-ibni-sina","tag-kucuk-dahi-ibn-i-sina","tag-tabii","tag-tabii-dizileri"],"_links":{"self":[{"href":"https:\/\/www.tgrthaber.com\/mavikadin\/wp-json\/wp\/v2\/posts\/122355"}],"collection":[{"href":"https:\/\/www.tgrthaber.com\/mavikadin\/wp-json\/wp\/v2\/posts"}],"about":[{"href":"https:\/\/www.tgrthaber.com\/mavikadin\/wp-json\/wp\/v2\/types\/post"}],"author":[{"embeddable":true,"href":"https:\/\/www.tgrthaber.com\/mavikadin\/wp-json\/wp\/v2\/users\/26"}],"replies":[{"embeddable":true,"href":"https:\/\/www.tgrthaber.com\/mavikadin\/wp-json\/wp\/v2\/comments?post=122355"}],"version-history":[{"count":1,"href":"https:\/\/www.tgrthaber.com\/mavikadin\/wp-json\/wp\/v2\/posts\/122355\/revisions"}],"predecessor-version":[{"id":122366,"href":"https:\/\/www.tgrthaber.com\/mavikadin\/wp-json\/wp\/v2\/posts\/122355\/revisions\/122366"}],"wp:featuredmedia":[{"embeddable":true,"href":"https:\/\/www.tgrthaber.com\/mavikadin\/wp-json\/wp\/v2\/media\/122363"}],"wp:attachment":[{"href":"https:\/\/www.tgrthaber.com\/mavikadin\/wp-json\/wp\/v2\/media?parent=122355"}],"wp:term":[{"taxonomy":"category","embeddable":true,"href":"https:\/\/www.tgrthaber.com\/mavikadin\/wp-json\/wp\/v2\/categories?post=122355"},{"taxonomy":"post_tag","embeddable":true,"href":"https:\/\/www.tgrthaber.com\/mavikadin\/wp-json\/wp\/v2\/tags?post=122355"}],"curies":[{"name":"wp","href":"https:\/\/api.w.org\/{rel}","templated":true}]}}