{"id":122474,"date":"2025-01-16T21:58:57","date_gmt":"2025-01-16T18:58:57","guid":{"rendered":"https:\/\/www.tgrthaber.com\/mavikadin\/?p=122474"},"modified":"2025-01-16T21:58:57","modified_gmt":"2025-01-16T18:58:57","slug":"pelin-karahanin-cocuklari-boyuna-geldi-kendi-filminin-galasina-ogullariyla-geldi","status":"publish","type":"post","link":"https:\/\/www.tgrthaber.com\/mavikadin\/pelin-karahanin-cocuklari-boyuna-geldi-kendi-filminin-galasina-ogullariyla-geldi\/","title":{"rendered":"Pelin Karahan&#8217;\u0131n \u00e7ocuklar\u0131 boyuna geldi! Kendi filminin galas\u0131na o\u011fullar\u0131yla geldi"},"content":{"rendered":"<p>Evlendikten sonra g\u00f6zlerden uzak bir ya\u015fam tercih eden Pelin Karahan, \u015fu s\u0131ralar sekt\u00f6re yava\u015f yava\u015f geri d\u00f6n\u00fcyor. Evlili\u011finden Ey\u00fcp ve Ali isimli iki o\u011flunu d\u00fcnyaya getiren Karahan, sosyal medya payla\u015f\u0131mlar\u0131yla b\u00fcy\u00fck ilgi g\u00f6r\u00fcrken, \u00e7ocuklar\u0131n\u0131 belirli bir ya\u015fa getirdikten sonra ekranlara d\u00f6nmeye ba\u015flad\u0131. 24 Ocak\u2019ta vizyona girecek Tete ve Masal: R\u00fcyalar Diyar\u0131 adl\u0131 filmle beyazperdede izleyiciyle bulu\u015fmaya haz\u0131rlanan Pelin Karahan, galada zarafetiyle dikkat \u00e7ekti. G\u00fczel oyuncuya etkinlikte e\u015fi Bedri G\u00fcntay ve sevimli o\u011fullar\u0131 Ali ile Ey\u00fcp e\u015flik etti.<\/p>\n<h3>PEL\u0130N KARAHAN&#8217;IN \u00c7OCUKLARI BOYUNA GELD\u0130<\/h3>\n<p>Engin Altan D\u00fczyatan, Fahriye Evcen \u00d6z\u00e7ivit, Keremcem, Haldun Dormen gibi yetenekli isimlerin yer ald\u0131\u011f\u0131 Tete ve Masal: R\u00fcyalar Diyar\u0131 adl\u0131 filmle sinemaya d\u00f6n\u00fc\u015f yapan Pelin Karahan, bug\u00fcn d\u00fczenlenen galaya o\u011fullar\u0131 Ali Demir ve Ey\u00fcp Can ile birlikte kat\u0131ld\u0131. Karahan\u2019\u0131n \u00e7ocuklar\u0131n\u0131n ona olan benzerli\u011fi g\u00f6zlerden ka\u00e7mazken, bu karelere \u201c\u00fcst\u00fcn gen aktar\u0131m\u0131,\u201d &#8220;g\u00fczelli\u011fini anne ve babas\u0131ndan alm\u0131\u015f&#8221; gibi pek \u00e7ok yorum yap\u0131ld\u0131.<\/p>\n<div style=\"width: 640px;\" class=\"wp-video\"><!--[if lt IE 9]><script>document.createElement('video');<\/script><![endif]-->\n<video class=\"wp-video-shortcode\" id=\"video-122474-1\" width=\"640\" height=\"1138\" preload=\"metadata\" controls=\"controls\"><source type=\"video\/mp4\" src=\"https:\/\/www.tgrthaber.com\/mavikadin\/wp-content\/uploads\/pelin.mp4?_=1\" \/><a href=\"https:\/\/www.tgrthaber.com\/mavikadin\/wp-content\/uploads\/pelin.mp4\">https:\/\/www.tgrthaber.com\/mavikadin\/wp-content\/uploads\/pelin.mp4<\/a><\/video><\/div>\n<hr \/>\n<h3>EKRANLARA D\u00d6NMEYE HAZIRLANIYOR<\/h3>\n<p>Oyunculu\u011fa, Kavak Yelleri dizisinde oynad\u0131\u011f\u0131 Asl\u0131 karakteriyle ad\u0131m atan g\u00fczel oyuncu Pelin Karahan, \u015fu s\u0131ralar kurdu\u011fu mutlu yuvadan sonra sekt\u00f6re yava\u015f\u00e7a d\u00f6nmeye haz\u0131rlan\u0131yor.\u00a02014 y\u0131l\u0131nda i\u015fadam\u0131 Bedri G\u00fcntay ile evlenen Pelin Karahan, o\u011fullar\u0131 Ali ve Ey\u00fcp&#8217;\u00fc kucaklad\u0131ktan sonra g\u00f6zlerden uzak bir ya\u015fam s\u00fcrme karar\u0131 alm\u0131\u015ft\u0131.<\/p>\n<p><img loading=\"lazy\" decoding=\"async\" class=\"alignnone size-full wp-image-122476\" src=\"https:\/\/www.tgrthaber.com\/mavikadin\/wp-content\/uploads\/dfg-Kurtarildif.jpg\" alt=\"\" width=\"1208\" height=\"680\" title=\"\" srcset=\"https:\/\/www.tgrthaber.com\/mavikadin\/wp-content\/uploads\/dfg-Kurtarildif.jpg 1208w, https:\/\/www.tgrthaber.com\/mavikadin\/wp-content\/uploads\/dfg-Kurtarildif-300x169.jpg 300w, https:\/\/www.tgrthaber.com\/mavikadin\/wp-content\/uploads\/dfg-Kurtarildif-1024x576.jpg 1024w, https:\/\/www.tgrthaber.com\/mavikadin\/wp-content\/uploads\/dfg-Kurtarildif-768x432.jpg 768w\" sizes=\"(max-width: 1208px) 100vw, 1208px\" \/><\/p>\n<hr \/>\n<p>\u00c7ocuklar\u0131n\u0131 olduk\u00e7a b\u00fcy\u00fcyen \u00fcnl\u00fc isim, sekt\u00f6re yava\u015f\u00e7a d\u00f6n\u00fc\u015f yaparak en son Bahar dizisindeki k\u00fc\u00e7\u00fck rol\u00fcyle ekranlara geldi. \u00dcnl\u00fc isim son olarak yer ald\u0131\u011f\u0131 yeni filminin galas\u0131na boyuna gelen o\u011fullar\u0131yla birlikte kat\u0131ld\u0131.<\/p>\n","protected":false},"excerpt":{"rendered":"<p>Oyunculuk kariyerine evlendikten sonra ara veren Pelin Karahan, ekranlara geri d\u00f6nd\u00fc. Bu ak\u015fam galas\u0131 yap\u0131lan &#8216;Tete ve Masal: R\u00fcyalar Diyar\u0131&#8217; filminin ilk g\u00f6sterimine kat\u0131lan Karahan, bir s\u00fcrpriz yaparak geceye o\u011fullar\u0131 ile kat\u0131ld\u0131. Karahan&#8217;\u0131n \u00e7ocuklar\u0131n\u0131n bir hayli b\u00fcy\u00fcd\u00fc\u011f\u00fc ve annelerinin boyuna geldi\u011fi dikkatlerden ka\u00e7mad\u0131.<\/p>\n","protected":false},"author":2,"featured_media":122479,"comment_status":"closed","ping_status":"closed","sticky":false,"template":"","format":"standard","meta":{"rank_math_lock_modified_date":false,"footnotes":""},"categories":[76],"tags":[133,2218,3027,7191],"class_list":["post-122474","post","type-post","status-publish","format-standard","has-post-thumbnail","hentry","category-magazin","tag-magazin","tag-magazin-haberleri","tag-pelin-karahan","tag-tete-ve-masal-ruyalar-diyari"],"_links":{"self":[{"href":"https:\/\/www.tgrthaber.com\/mavikadin\/wp-json\/wp\/v2\/posts\/122474"}],"collection":[{"href":"https:\/\/www.tgrthaber.com\/mavikadin\/wp-json\/wp\/v2\/posts"}],"about":[{"href":"https:\/\/www.tgrthaber.com\/mavikadin\/wp-json\/wp\/v2\/types\/post"}],"author":[{"embeddable":true,"href":"https:\/\/www.tgrthaber.com\/mavikadin\/wp-json\/wp\/v2\/users\/2"}],"replies":[{"embeddable":true,"href":"https:\/\/www.tgrthaber.com\/mavikadin\/wp-json\/wp\/v2\/comments?post=122474"}],"version-history":[{"count":1,"href":"https:\/\/www.tgrthaber.com\/mavikadin\/wp-json\/wp\/v2\/posts\/122474\/revisions"}],"predecessor-version":[{"id":122480,"href":"https:\/\/www.tgrthaber.com\/mavikadin\/wp-json\/wp\/v2\/posts\/122474\/revisions\/122480"}],"wp:featuredmedia":[{"embeddable":true,"href":"https:\/\/www.tgrthaber.com\/mavikadin\/wp-json\/wp\/v2\/media\/122479"}],"wp:attachment":[{"href":"https:\/\/www.tgrthaber.com\/mavikadin\/wp-json\/wp\/v2\/media?parent=122474"}],"wp:term":[{"taxonomy":"category","embeddable":true,"href":"https:\/\/www.tgrthaber.com\/mavikadin\/wp-json\/wp\/v2\/categories?post=122474"},{"taxonomy":"post_tag","embeddable":true,"href":"https:\/\/www.tgrthaber.com\/mavikadin\/wp-json\/wp\/v2\/tags?post=122474"}],"curies":[{"name":"wp","href":"https:\/\/api.w.org\/{rel}","templated":true}]}}