{"id":122493,"date":"2025-01-16T22:52:13","date_gmt":"2025-01-16T19:52:13","guid":{"rendered":"https:\/\/www.tgrthaber.com\/mavikadin\/?p=122493"},"modified":"2025-01-16T22:52:13","modified_gmt":"2025-01-16T19:52:13","slug":"keremcemin-sevgilisi-sena-secen-kimdir-yasi-ve-meslegi-merak-edildi","status":"publish","type":"post","link":"https:\/\/www.tgrthaber.com\/mavikadin\/keremcemin-sevgilisi-sena-secen-kimdir-yasi-ve-meslegi-merak-edildi\/","title":{"rendered":"Keremcem&#8217;in sevgilisi Sena Se\u00e7en kimdir? Ya\u015f\u0131 ve mesle\u011fi merak edildi"},"content":{"rendered":"<p>\u00dcnl\u00fc sanat\u00e7\u0131 Keremcem\u2019in sevgilisi Sena Se\u00e7en\u2019in kim oldu\u011fu merak ediliyor. Son zamanlarda s\u0131k s\u0131k birlikte g\u00f6r\u00fcnt\u00fc veren \u00fcnl\u00fc \u00e7ift, uzun s\u00fcredir mutlu beraberliklerini devam ettiriyor. \u00dcnl\u00fc sanat\u00e7\u0131 Keremcem\u2019in sevgilisi Sena Se\u00e7en\u2019in \u00f6zel hayat\u0131 da sosyal medya kullan\u0131c\u0131lar\u0131 taraf\u0131ndan merak ediliyor. Peki, Keremcem\u2019in sevgilisi Sena Se\u00e7en kimdir? Sena Se\u00e7en ka\u00e7 ya\u015f\u0131nda, mesle\u011fi ne? Sena Se\u00e7en hakk\u0131nda merak edilenleri sizin i\u00e7in ara\u015ft\u0131rd\u0131k. \u0130\u015fte Sena Se\u00e7en hakk\u0131nda merak edilenler\u2026<\/p>\n<hr \/>\n<h3>SENA SE\u00c7EN K\u0130MD\u0130R?<\/h3>\n<p>\u00dcnl\u00fc sanat\u00e7\u0131 Keremcem\u2019in sevgilisi Sena Se\u00e7en hakk\u0131nda pek bir \u015fey bilinmiyor. Yap\u0131lan ara\u015ft\u0131rmalar sonucunda Se\u00e7en\u2019in moda ve stil dan\u0131\u015fman\u0131 oldu\u011fu g\u00f6r\u00fcl\u00fcyor. Ayn\u0131 zamanda Se\u00e7en\u2019in Beykent \u00dcniversitesi\u2019nden 2020 y\u0131l\u0131nda mezun oldu\u011fu bilgisine eri\u015filiyor.<\/p>\n<p><img loading=\"lazy\" decoding=\"async\" class=\"alignnone wp-image-122494\" src=\"https:\/\/www.tgrthaber.com\/mavikadin\/wp-content\/uploads\/Sena-Secen-5-1024x576.jpg\" alt=\"Keremcem&#039;in sevgilisi Sena Se\u00e7en kimdir? Ya\u015f\u0131 ve mesle\u011fi merak edildi\" width=\"1208\" height=\"680\" title=\"\" srcset=\"https:\/\/www.tgrthaber.com\/mavikadin\/wp-content\/uploads\/Sena-Secen-5-1024x576.jpg 1024w, https:\/\/www.tgrthaber.com\/mavikadin\/wp-content\/uploads\/Sena-Secen-5-300x169.jpg 300w, https:\/\/www.tgrthaber.com\/mavikadin\/wp-content\/uploads\/Sena-Secen-5-768x432.jpg 768w, https:\/\/www.tgrthaber.com\/mavikadin\/wp-content\/uploads\/Sena-Secen-5-1536x864.jpg 1536w, https:\/\/www.tgrthaber.com\/mavikadin\/wp-content\/uploads\/Sena-Secen-5.jpg 1600w\" sizes=\"(max-width: 1208px) 100vw, 1208px\" \/><\/p>\n<hr \/>\n<p>\u00d6zel hayat\u0131 hakk\u0131nda bilgi bulunmayan Sena Se\u00e7en, sosyal medya hesaplar\u0131n\u0131 aktif olarak kullan\u0131yor. Instagram hesab\u0131nda 7900\u2019den fazla takip\u00e7i kitlesine sahip olan Se\u00e7en, sevgilisi \u00fcnl\u00fc sanat\u00e7\u0131 Keremcem ile pozlar\u0131n\u0131 payla\u015f\u0131yor. Daha \u00e7ok moda \u00fczerine payla\u015f\u0131mlarda bulunan Se\u00e7en, gezip g\u00f6rd\u00fc\u011f\u00fc yerleri de takip\u00e7ileriyle payla\u015f\u0131yor. Ayn\u0131 zamanda sevgilisi Keremcem\u2019i hi\u00e7bir konserinde yaln\u0131z b\u0131rakmayan Se\u00e7en, sosyal medya hesaplar\u0131ndan sevgilisini destekleyici payla\u015f\u0131mlarda da bulunuyor.<\/p>\n<p><img loading=\"lazy\" decoding=\"async\" class=\"alignnone wp-image-122497\" src=\"https:\/\/www.tgrthaber.com\/mavikadin\/wp-content\/uploads\/Sena-Secen-2-1024x576.jpg\" alt=\"Keremcem&#039;in sevgilisi Sena Se\u00e7en kimdir? Ya\u015f\u0131 ve mesle\u011fi merak edildi\" width=\"1208\" height=\"680\" title=\"\" srcset=\"https:\/\/www.tgrthaber.com\/mavikadin\/wp-content\/uploads\/Sena-Secen-2-1024x576.jpg 1024w, https:\/\/www.tgrthaber.com\/mavikadin\/wp-content\/uploads\/Sena-Secen-2-300x169.jpg 300w, https:\/\/www.tgrthaber.com\/mavikadin\/wp-content\/uploads\/Sena-Secen-2-768x432.jpg 768w, https:\/\/www.tgrthaber.com\/mavikadin\/wp-content\/uploads\/Sena-Secen-2-1536x864.jpg 1536w, https:\/\/www.tgrthaber.com\/mavikadin\/wp-content\/uploads\/Sena-Secen-2.jpg 1600w\" sizes=\"(max-width: 1208px) 100vw, 1208px\" \/><\/p>\n<hr \/>\n<h3>SENA SE\u00c7EN KA\u00c7 YA\u015eINDA, MESLE\u011e\u0130 NE?<\/h3>\n<p>\u00d6zel hayat\u0131n\u0131 daha \u00e7ok g\u00f6zlerden uzak ya\u015famay\u0131 tercih eden Sena Se\u00e7en\u2019in ya\u015f\u0131 bilinmiyor. Moda ve stil dan\u0131\u015fmanl\u0131\u011f\u0131 yapan Se\u00e7en, i\u015finde olduk\u00e7a ba\u015far\u0131l\u0131 bir performans sergiliyor. Se\u00e7en, son zamanlarda i\u015finin yan\u0131 s\u0131ra sevgilisi \u00fcnl\u00fc sanat\u00e7\u0131 Keremcem ile g\u00fcndeme geliyor.<\/p>\n<p><img loading=\"lazy\" decoding=\"async\" class=\"alignnone wp-image-122495\" src=\"https:\/\/www.tgrthaber.com\/mavikadin\/wp-content\/uploads\/Sena-Secen-1-1024x576.jpg\" alt=\"Keremcem&#039;in sevgilisi Sena Se\u00e7en kimdir? Ya\u015f\u0131 ve mesle\u011fi merak edildi\" width=\"1208\" height=\"680\" title=\"\" srcset=\"https:\/\/www.tgrthaber.com\/mavikadin\/wp-content\/uploads\/Sena-Secen-1-1024x576.jpg 1024w, https:\/\/www.tgrthaber.com\/mavikadin\/wp-content\/uploads\/Sena-Secen-1-300x169.jpg 300w, https:\/\/www.tgrthaber.com\/mavikadin\/wp-content\/uploads\/Sena-Secen-1-768x432.jpg 768w, https:\/\/www.tgrthaber.com\/mavikadin\/wp-content\/uploads\/Sena-Secen-1-1536x864.jpg 1536w, https:\/\/www.tgrthaber.com\/mavikadin\/wp-content\/uploads\/Sena-Secen-1.jpg 1600w\" sizes=\"(max-width: 1208px) 100vw, 1208px\" \/><\/p>\n<hr \/>\n<p>Uzun s\u00fcredir Keremcem ile mutlu beraberliklerini devam ettiren Sena Se\u00e7en, son zamanlarda s\u0131k s\u0131k magazin d\u00fcnyas\u0131n\u0131n g\u00fcndeminde yer al\u0131yor. Se\u00e7en\u2019in Keremcem ile sevgili olmadan \u00f6nce \u00fcnl\u00fc sanat\u00e7\u0131n\u0131n stilistli\u011fini yapt\u0131\u011f\u0131 biliniyor. \u0130kilinin a\u015fk\u0131 ise Se\u00e7en\u2019in i\u015finden do\u011fmu\u015f gibi duruyor. \u0130\u015f ortakl\u0131\u011f\u0131n\u0131 a\u015fka d\u00f6n\u00fc\u015ft\u00fcren ikili \u015fimdilerde mutlu beraberlikleriyle magazin d\u00fcnyas\u0131n\u0131n g\u00fcndemine oturuyor.<\/p>\n<p><img loading=\"lazy\" decoding=\"async\" class=\"alignnone wp-image-122496\" src=\"https:\/\/www.tgrthaber.com\/mavikadin\/wp-content\/uploads\/Sena-Secen-3-1024x576.jpg\" alt=\"Keremcem&#039;in sevgilisi Sena Se\u00e7en kimdir? Ya\u015f\u0131 ve mesle\u011fi merak edildi\" width=\"1208\" height=\"680\" title=\"\" srcset=\"https:\/\/www.tgrthaber.com\/mavikadin\/wp-content\/uploads\/Sena-Secen-3-1024x576.jpg 1024w, https:\/\/www.tgrthaber.com\/mavikadin\/wp-content\/uploads\/Sena-Secen-3-300x169.jpg 300w, https:\/\/www.tgrthaber.com\/mavikadin\/wp-content\/uploads\/Sena-Secen-3-768x432.jpg 768w, https:\/\/www.tgrthaber.com\/mavikadin\/wp-content\/uploads\/Sena-Secen-3-1536x864.jpg 1536w, https:\/\/www.tgrthaber.com\/mavikadin\/wp-content\/uploads\/Sena-Secen-3.jpg 1600w\" sizes=\"(max-width: 1208px) 100vw, 1208px\" \/><\/p>\n<hr \/>\n<h3>KEREMCEM VE SENA SE\u00c7EN \u00c7\u0130FT\u0130 DAVETTE EL ELE!<\/h3>\n<p>\u00dcnl\u00fc sanat\u00e7\u0131 Keremcem, stilist sevgilisi Sena Se\u00e7en ile \u201cTete ve Masal: R\u00fcyalar Diyar\u0131\u201d filminin galas\u0131na kat\u0131ld\u0131. Galaya el ele kat\u0131lan \u00e7ift, muhabirlere samimi pozlar verdi. Uzun s\u00fcredir ekranlarda g\u00f6r\u00fcnmeyen Keremcem, geceye sevgilisi Se\u00e7en ile damga vurdu. Uzun s\u00fcredir mutlu beraberliklerini devam ettiren \u00e7ift, uyumlar\u0131 ve \u015f\u0131kl\u0131klar\u0131yla da g\u00f6z kama\u015ft\u0131rd\u0131.<\/p>\n","protected":false},"excerpt":{"rendered":"<p>\u00dcnl\u00fc sanat\u00e7\u0131 Keremcem\u2019in sevgilisi Sena Se\u00e7en\u2019in kim oldu\u011fu merak ediliyor. Uzun s\u00fcredir Keremcem ile birlikte olan Se\u00e7en\u2019in \u00f6zel hayat\u0131 merak edildi. \u0130\u015fte detaylar\u2026 <\/p>\n","protected":false},"author":26,"featured_media":122498,"comment_status":"closed","ping_status":"closed","sticky":false,"template":"","format":"standard","meta":{"rank_math_lock_modified_date":false,"footnotes":""},"categories":[491],"tags":[3685,133,2218,8326],"class_list":["post-122493","post","type-post","status-publish","format-standard","has-post-thumbnail","hentry","category-biyografi","tag-keremcem","tag-magazin","tag-magazin-haberleri","tag-sena-secen"],"_links":{"self":[{"href":"https:\/\/www.tgrthaber.com\/mavikadin\/wp-json\/wp\/v2\/posts\/122493"}],"collection":[{"href":"https:\/\/www.tgrthaber.com\/mavikadin\/wp-json\/wp\/v2\/posts"}],"about":[{"href":"https:\/\/www.tgrthaber.com\/mavikadin\/wp-json\/wp\/v2\/types\/post"}],"author":[{"embeddable":true,"href":"https:\/\/www.tgrthaber.com\/mavikadin\/wp-json\/wp\/v2\/users\/26"}],"replies":[{"embeddable":true,"href":"https:\/\/www.tgrthaber.com\/mavikadin\/wp-json\/wp\/v2\/comments?post=122493"}],"version-history":[{"count":1,"href":"https:\/\/www.tgrthaber.com\/mavikadin\/wp-json\/wp\/v2\/posts\/122493\/revisions"}],"predecessor-version":[{"id":122499,"href":"https:\/\/www.tgrthaber.com\/mavikadin\/wp-json\/wp\/v2\/posts\/122493\/revisions\/122499"}],"wp:featuredmedia":[{"embeddable":true,"href":"https:\/\/www.tgrthaber.com\/mavikadin\/wp-json\/wp\/v2\/media\/122498"}],"wp:attachment":[{"href":"https:\/\/www.tgrthaber.com\/mavikadin\/wp-json\/wp\/v2\/media?parent=122493"}],"wp:term":[{"taxonomy":"category","embeddable":true,"href":"https:\/\/www.tgrthaber.com\/mavikadin\/wp-json\/wp\/v2\/categories?post=122493"},{"taxonomy":"post_tag","embeddable":true,"href":"https:\/\/www.tgrthaber.com\/mavikadin\/wp-json\/wp\/v2\/tags?post=122493"}],"curies":[{"name":"wp","href":"https:\/\/api.w.org\/{rel}","templated":true}]}}