{"id":122563,"date":"2025-01-17T10:52:45","date_gmt":"2025-01-17T07:52:45","guid":{"rendered":"https:\/\/www.tgrthaber.com\/mavikadin\/?p=122563"},"modified":"2025-01-17T10:58:27","modified_gmt":"2025-01-17T07:58:27","slug":"uzeri-citir-ici-yumusacik-borek-tarifi-borek-sosu-yogurt-mu-sut-mu","status":"publish","type":"post","link":"https:\/\/www.tgrthaber.com\/mavikadin\/uzeri-citir-ici-yumusacik-borek-tarifi-borek-sosu-yogurt-mu-sut-mu\/","title":{"rendered":"\u00dczeri \u00e7\u0131t\u0131r i\u00e7i yumu\u015fac\u0131k b\u00f6rek tarifi! B\u00f6rek sosu yo\u011furt mu s\u00fct m\u00fc?"},"content":{"rendered":"<p>\u00dclkemizin hemen hemen her y\u00f6resinde kendine \u00f6zg\u00fc b\u00f6rek tarifleri var. \u00dczeri \u00e7\u0131t\u0131r \u00e7\u0131t\u0131r olan ancak i\u00e7i de bir o kadar yumu\u015fac\u0131k olan b\u00f6rek tariflerinde baz\u0131 kritik noktalar var. \u00d6zellikle \u0130\u00e7 Anadolu da yayg\u0131n olan b\u00f6rek \u00e7e\u015fitlerinde s\u0131rlar\u0131 sizler i\u00e7in ke\u015ffettik. Anadolu kad\u0131nlar\u0131n\u0131n saklad\u0131\u011f\u0131 b\u00f6rek tariflerde ise en \u00e7ok merak edilen soru ise \u00fczeri \u00e7\u0131t\u0131r i\u00e7i nas\u0131l yumu\u015fak yapabilirim?<\/p>\n<h3>\u00dcZER\u0130 \u00c7ITIR \u0130\u00c7\u0130 YUMU\u015eACIK B\u00d6REK TAR\u0130F\u0130<\/h3>\n<p>B\u00f6re\u011fin \u00fczerinin yumu\u015fak olmas\u0131 i\u00e7in d\u0131\u015f k\u0131sm\u0131na s\u00fcrece\u011finiz kar\u0131\u015f\u0131m\u0131n i\u00e7ine mutlaka s\u0131v\u0131 ya\u011f ekleyin. \u00d6te yandan i\u00e7inin de yumu\u015fak olmas\u0131 i\u00e7in harca s\u00fct ekleyin. Baz\u0131 yerlerde yo\u011furtta tavsiye edilir. Ancak yo\u011furt pi\u015firme \u0131s\u0131s\u0131na g\u00f6re bazen b\u00f6reklerin sertle\u015fmesine neden olabilir.<\/p>\n<p><img loading=\"lazy\" decoding=\"async\" class=\"alignnone wp-image-122609\" src=\"https:\/\/www.tgrthaber.com\/mavikadin\/wp-content\/uploads\/UN-2025-01-17T104905.562.png\" alt=\"\" width=\"1208\" height=\"680\" title=\"\" srcset=\"https:\/\/www.tgrthaber.com\/mavikadin\/wp-content\/uploads\/UN-2025-01-17T104905.562.png 1920w, https:\/\/www.tgrthaber.com\/mavikadin\/wp-content\/uploads\/UN-2025-01-17T104905.562-300x169.png 300w, https:\/\/www.tgrthaber.com\/mavikadin\/wp-content\/uploads\/UN-2025-01-17T104905.562-1024x576.png 1024w, https:\/\/www.tgrthaber.com\/mavikadin\/wp-content\/uploads\/UN-2025-01-17T104905.562-768x432.png 768w, https:\/\/www.tgrthaber.com\/mavikadin\/wp-content\/uploads\/UN-2025-01-17T104905.562-1536x864.png 1536w\" sizes=\"(max-width: 1208px) 100vw, 1208px\" \/><\/p>\n<hr \/>\n<p><strong>MALZEMELER<\/strong><\/p>\n<p>Bir bu\u00e7uk su barda\u011f\u0131 \u00e7ok ama\u00e7l\u0131 un<br \/>\nBir tatl\u0131 ka\u015f\u0131\u011f\u0131 tuz<br \/>\n1 yemek ka\u015f\u0131\u011f\u0131 \u015feker<br \/>\n1 su barda\u011f\u0131 tereya\u011f\u0131<br \/>\n1\/4 su barda\u011f\u0131 so\u011fuk su<br \/>\n1 tatl\u0131 ka\u015f\u0131\u011f\u0131 vanilya \u00f6z\u00fc<\/p>\n<p><strong>TAL\u0130MATLAR<\/strong><\/p>\n<p>B\u00fcy\u00fck bir kar\u0131\u015ft\u0131rma kab\u0131nda, unu, tuzu ve \u015fekeri \u00e7\u0131rp\u0131n.<\/p>\n<p>So\u011fuk k\u00fcp tereya\u011f\u0131n\u0131 un kar\u0131\u015f\u0131m\u0131na ekleyin. Tereya\u011f\u0131n\u0131 una, bezelye b\u00fcy\u00fckl\u00fc\u011f\u00fcnde tereya\u011f\u0131 par\u00e7alar\u0131yla kaba k\u0131r\u0131nt\u0131lara benzeyene kadar kesmek i\u00e7in bir hamur kesici, iki b\u0131\u00e7ak veya parmak u\u00e7lar\u0131n\u0131z\u0131 kullan\u0131n.<\/p>\n<p>So\u011fuk suyu yava\u015f yava\u015f, bir seferde bir yemek ka\u015f\u0131\u011f\u0131 ekleyin ve hamur bir araya gelmeye ba\u015flayana kadar bir \u00e7atalla hafif\u00e7e kar\u0131\u015ft\u0131r\u0131n. Kullan\u0131yorsan\u0131z, vanilya \u00f6z\u00fcn\u00fc de ekleyin.<\/p>\n<p><img loading=\"lazy\" decoding=\"async\" class=\"alignnone wp-image-122610\" src=\"https:\/\/www.tgrthaber.com\/mavikadin\/wp-content\/uploads\/UN-2025-01-17T104817.848.png\" alt=\"\" width=\"1208\" height=\"680\" title=\"\" srcset=\"https:\/\/www.tgrthaber.com\/mavikadin\/wp-content\/uploads\/UN-2025-01-17T104817.848.png 1920w, https:\/\/www.tgrthaber.com\/mavikadin\/wp-content\/uploads\/UN-2025-01-17T104817.848-300x169.png 300w, https:\/\/www.tgrthaber.com\/mavikadin\/wp-content\/uploads\/UN-2025-01-17T104817.848-1024x576.png 1024w, https:\/\/www.tgrthaber.com\/mavikadin\/wp-content\/uploads\/UN-2025-01-17T104817.848-768x432.png 768w, https:\/\/www.tgrthaber.com\/mavikadin\/wp-content\/uploads\/UN-2025-01-17T104817.848-1536x864.png 1536w\" sizes=\"(max-width: 1208px) 100vw, 1208px\" \/><\/p>\n<hr \/>\n<p>Hamur olu\u015fmaya ba\u015flad\u0131\u011f\u0131nda, hafif\u00e7e unlanm\u0131\u015f bir y\u00fczeye aktar\u0131n ve p\u00fcr\u00fczs\u00fcz olana kadar hafif\u00e7e yo\u011furun. Yumu\u015fak ve hassas kalmas\u0131 i\u00e7in hamuru fazla yo\u011furmamaya dikkat edin.<\/p>\n<p>Hamuru stre\u00e7 filme sar\u0131n ve en az 30 dakika buzdolab\u0131nda bekletin. Bu, tereya\u011f\u0131n\u0131n tekrar sertle\u015fmesine yard\u0131mc\u0131 olur ve hamurun a\u00e7\u0131lmas\u0131n\u0131 kolayla\u015ft\u0131r\u0131r.<\/p>\n<p>So\u011fuduktan sonra, hamuru hafif\u00e7e unlanm\u0131\u015f bir y\u00fczeyde istedi\u011finiz kal\u0131nl\u0131\u011fa kadar a\u00e7\u0131n. Turtalar, turtalar veya hamur i\u015fi bazl\u0131 herhangi bir tarifte kullan\u0131n.<\/p>\n<h3>B\u00d6REK SOSU YO\u011eURT MU S\u00dcT M\u00dc?<\/h3>\n<p>B\u00f6rek sosuna eklenmesi gereken en kritik malzeme s\u00fctt\u00fcr. Yo\u011furt ise baz\u0131 y\u00f6relerde kullan\u0131l\u0131r Ancak yo\u011furt biraz daha y\u00fcksek ate\u015fli f\u0131r\u0131nlar i\u00e7in \u00f6nerilir. Baz\u0131 ev han\u0131mlar\u0131 ise b\u00f6rek sosuna maden\u00a0 suyu eklemeyi tercih ediyor.<\/p>\n","protected":false},"excerpt":{"rendered":"<p>\u00dclkemizin hemen hemen her y\u00f6resinde kendine \u00f6zg\u00fc b\u00f6rek tarifleri var. \u00dczeri \u00e7\u0131t\u0131r \u00e7\u0131t\u0131r olan ancak i\u00e7i de bir o kadar yumu\u015fac\u0131k olan b\u00f6rek tariflerinde baz\u0131 kritik noktalar var. \u00d6zellikle \u0130\u00e7 Anadolu da yayg\u0131n olan b\u00f6rek \u00e7e\u015fitlerinde s\u0131rlar\u0131 sizler i\u00e7in ke\u015ffettik. Anadolu kad\u0131nlar\u0131n\u0131n saklad\u0131\u011f\u0131 b\u00f6rek tariflerde ise en \u00e7ok merak edilen soru ise \u00fczeri \u00e7\u0131t\u0131r i\u00e7i nas\u0131l yumu\u015fak yapabilirim.<\/p>\n","protected":false},"author":24,"featured_media":122611,"comment_status":"closed","ping_status":"closed","sticky":false,"template":"","format":"standard","meta":{"rank_math_lock_modified_date":false,"footnotes":""},"categories":[191],"tags":[8342,8343,3411],"class_list":["post-122563","post","type-post","status-publish","format-standard","has-post-thumbnail","hentry","category-yemek-tarifleri","tag-borek-sosu","tag-borek-tarifleri","tag-yemek-tarifleri"],"_links":{"self":[{"href":"https:\/\/www.tgrthaber.com\/mavikadin\/wp-json\/wp\/v2\/posts\/122563"}],"collection":[{"href":"https:\/\/www.tgrthaber.com\/mavikadin\/wp-json\/wp\/v2\/posts"}],"about":[{"href":"https:\/\/www.tgrthaber.com\/mavikadin\/wp-json\/wp\/v2\/types\/post"}],"author":[{"embeddable":true,"href":"https:\/\/www.tgrthaber.com\/mavikadin\/wp-json\/wp\/v2\/users\/24"}],"replies":[{"embeddable":true,"href":"https:\/\/www.tgrthaber.com\/mavikadin\/wp-json\/wp\/v2\/comments?post=122563"}],"version-history":[{"count":3,"href":"https:\/\/www.tgrthaber.com\/mavikadin\/wp-json\/wp\/v2\/posts\/122563\/revisions"}],"predecessor-version":[{"id":122616,"href":"https:\/\/www.tgrthaber.com\/mavikadin\/wp-json\/wp\/v2\/posts\/122563\/revisions\/122616"}],"wp:featuredmedia":[{"embeddable":true,"href":"https:\/\/www.tgrthaber.com\/mavikadin\/wp-json\/wp\/v2\/media\/122611"}],"wp:attachment":[{"href":"https:\/\/www.tgrthaber.com\/mavikadin\/wp-json\/wp\/v2\/media?parent=122563"}],"wp:term":[{"taxonomy":"category","embeddable":true,"href":"https:\/\/www.tgrthaber.com\/mavikadin\/wp-json\/wp\/v2\/categories?post=122563"},{"taxonomy":"post_tag","embeddable":true,"href":"https:\/\/www.tgrthaber.com\/mavikadin\/wp-json\/wp\/v2\/tags?post=122563"}],"curies":[{"name":"wp","href":"https:\/\/api.w.org\/{rel}","templated":true}]}}