{"id":122594,"date":"2025-01-17T10:30:39","date_gmt":"2025-01-17T07:30:39","guid":{"rendered":"https:\/\/www.tgrthaber.com\/mavikadin\/?p=122594"},"modified":"2025-01-17T10:33:22","modified_gmt":"2025-01-17T07:33:22","slug":"kurulus-osman-guney-korede-osman-beyin-basarisi-kitalara-yayildi","status":"publish","type":"post","link":"https:\/\/www.tgrthaber.com\/mavikadin\/kurulus-osman-guney-korede-osman-beyin-basarisi-kitalara-yayildi\/","title":{"rendered":"Kurulu\u015f Osman G\u00fcney Kore&#8217;de! Osman Bey&#8217;in ba\u015far\u0131s\u0131 k\u0131talara yay\u0131ld\u0131"},"content":{"rendered":"<p>Ba\u015far\u0131s\u0131 k\u0131talara yay\u0131lan Kurulu\u015f Osman dizisi G\u00fcney Kore\u2019de yay\u0131nlanacak. \u0130zleyicisiyle 6 \u015eubat tarihinde bulu\u015fmaya haz\u0131rlanan dizinin yeni b\u00f6l\u00fcm\u00fc merak ediliyor.<\/p>\n<p>ATV ekranlar\u0131n\u0131n sevilen dizisi 6. Sezonuyla da b\u00fcy\u00fck ilgi g\u00f6rd\u00fc. \u00c7ar\u015famba ak\u015famlar\u0131 yay\u0131nlanan dizinin ba\u015far\u0131s\u0131 T\u00fcrkiye\u2019yle s\u0131n\u0131rl\u0131 kalmad\u0131.<\/p>\n<p>6 \u015eubat tarihinde G\u00fcney Kore\u2019de yay\u0131nlanmas\u0131 beklenen dizi destans\u0131 hikayesiyle 7\u2019den 70\u2019e herkesin ilgisini \u00e7ekiyor.<\/p>\n<p>Daha \u00f6nce Orta Do\u011fu b\u00f6lgesinde ve Asya&#8217;da \u00f6nemli bir ilgi g\u00f6rm\u00fc\u015f olan Kurulu\u015f Osman dizisi \u00f6zellikle Pakistan, Tanzanya, Arnavutluk, H\u0131rvatistan, G\u00fcrcistan, Kazakistan ve Malezya gibi \u00fclkelerde y\u00fcksek reytingler elde etti.<\/p>\n<h3>KURULU\u015e OSMAN SON B\u00d6L\u00dcMDE NELER OLDU?<\/h3>\n<p><strong>Kurulu\u015f Osman\u2019\u0131n son b\u00f6l\u00fcm\u00fcnde neler oldu merak ediliyor?<\/strong><\/p>\n<p><strong>Mo\u011fol Komutan\u0131 Ulugan\u2019\u0131n Kay\u0131 Obas\u0131\u2019na geli\u015fi<\/strong><\/p>\n<p>Kay\u0131 Obas\u0131\u2019na gelen Mo\u011fol Komutan\u0131 Ulugan Osman Bey ile y\u00fczle\u015fti.<\/p>\n<p><img loading=\"lazy\" decoding=\"async\" class=\"alignnone wp-image-122597\" src=\"https:\/\/www.tgrthaber.com\/mavikadin\/wp-content\/uploads\/Kurulus-Osman-4.jpg\" alt=\"\" width=\"1208\" height=\"680\" title=\"\" srcset=\"https:\/\/www.tgrthaber.com\/mavikadin\/wp-content\/uploads\/Kurulus-Osman-4.jpg 1600w, https:\/\/www.tgrthaber.com\/mavikadin\/wp-content\/uploads\/Kurulus-Osman-4-300x169.jpg 300w, https:\/\/www.tgrthaber.com\/mavikadin\/wp-content\/uploads\/Kurulus-Osman-4-1024x576.jpg 1024w, https:\/\/www.tgrthaber.com\/mavikadin\/wp-content\/uploads\/Kurulus-Osman-4-768x432.jpg 768w, https:\/\/www.tgrthaber.com\/mavikadin\/wp-content\/uploads\/Kurulus-Osman-4-1536x864.jpg 1536w\" sizes=\"(max-width: 1208px) 100vw, 1208px\" \/><\/p>\n<hr \/>\n<p>Ulugan\u2019\u0131n obaya geli\u015f amac\u0131 Osman Bey\u2019in itibar\u0131n\u0131 ve can\u0131n\u0131 hedef alarak Osman Bey\u2019i alt etmekti.<\/p>\n<p><strong>Orhan Bey\u2019in esareti<\/strong><\/p>\n<p>Mo\u011follar taraf\u0131ndan Karacahisar\u2019da pusuya d\u00fc\u015f\u00fcr\u00fclerek esir al\u0131nan \u015eehzade Orhan\u2019\u0131n i\u015fkence sahneleri \u00e7ok ses getirmi\u015fti.<\/p>\n<p>Osman Bey o\u011flunu kurtarmak i\u00e7in b\u00fcy\u00fck bir \u00e7aba g\u00f6stermi\u015fti.<\/p>\n<p><strong>Obadaki Zehirlenme olay\u0131<\/strong><\/p>\n<p>Kay\u0131 Obas\u0131\u2019nda zehirlenme olay\u0131 herkesi etkisi alt\u0131na ald\u0131. Alaeddin Bey Panzehiri bulmak i\u00e7in b\u00fcy\u00fck bir \u00e7aba g\u00f6sterdi. Ama zehir sadece ahaliyi de\u011fil Bala Hatun\u2019un da hayat\u0131n\u0131 riske att\u0131.<\/p>\n<p><img loading=\"lazy\" decoding=\"async\" class=\"alignnone wp-image-122598\" src=\"https:\/\/www.tgrthaber.com\/mavikadin\/wp-content\/uploads\/Kurulus-Osman-3.jpg\" alt=\"\" width=\"1208\" height=\"680\" title=\"\" srcset=\"https:\/\/www.tgrthaber.com\/mavikadin\/wp-content\/uploads\/Kurulus-Osman-3.jpg 1600w, https:\/\/www.tgrthaber.com\/mavikadin\/wp-content\/uploads\/Kurulus-Osman-3-300x169.jpg 300w, https:\/\/www.tgrthaber.com\/mavikadin\/wp-content\/uploads\/Kurulus-Osman-3-1024x576.jpg 1024w, https:\/\/www.tgrthaber.com\/mavikadin\/wp-content\/uploads\/Kurulus-Osman-3-768x432.jpg 768w, https:\/\/www.tgrthaber.com\/mavikadin\/wp-content\/uploads\/Kurulus-Osman-3-1536x864.jpg 1536w\" sizes=\"(max-width: 1208px) 100vw, 1208px\" \/><\/p>\n<hr \/>\n<h3>KURULU\u015e OSMAN YEN\u0130 B\u00d6L\u00dcMDE NE BEKLEN\u0130YOR?<\/h3>\n<p>Osman Bey, o\u011flunu kurtarmak ve Kay\u0131 Obas\u0131\u2019n\u0131 d\u00fc\u015fman tehdidinden korumak i\u00e7in m\u00fccadele etmeyi s\u00fcrd\u00fcrecek.<\/p>\n<p><strong>Osman Bey\u2019in Mo\u011follara olan plan\u0131<\/strong><\/p>\n<p>Osman Bey, Ulugan ve n\u00f6kerlerine kar\u015f\u0131 yeni bir strateji uygulamak isteyecek.<\/p>\n<p>Mo\u011fol tehdidini bertaraf etmek i\u00e7in Kay\u0131 Obas\u0131\u2019ndaki birlikteli\u011fi sa\u011flam tutmaya \u00e7al\u0131\u015facak. Osman bey bu s\u00fcre\u00e7te oban\u0131n gelece\u011fini tayin edecek.<\/p>\n<p><img loading=\"lazy\" decoding=\"async\" class=\"alignnone wp-image-122599\" src=\"https:\/\/www.tgrthaber.com\/mavikadin\/wp-content\/uploads\/Kurulus-Osman-5.jpg\" alt=\"\" width=\"1208\" height=\"680\" title=\"\" srcset=\"https:\/\/www.tgrthaber.com\/mavikadin\/wp-content\/uploads\/Kurulus-Osman-5.jpg 1600w, https:\/\/www.tgrthaber.com\/mavikadin\/wp-content\/uploads\/Kurulus-Osman-5-300x169.jpg 300w, https:\/\/www.tgrthaber.com\/mavikadin\/wp-content\/uploads\/Kurulus-Osman-5-1024x576.jpg 1024w, https:\/\/www.tgrthaber.com\/mavikadin\/wp-content\/uploads\/Kurulus-Osman-5-768x432.jpg 768w, https:\/\/www.tgrthaber.com\/mavikadin\/wp-content\/uploads\/Kurulus-Osman-5-1536x864.jpg 1536w\" sizes=\"(max-width: 1208px) 100vw, 1208px\" \/><\/p>\n<hr \/>\n<p><strong>Orhan Bey ve Alaeddin Bey aras\u0131ndaki m\u00fccadele<\/strong><\/p>\n<p>Alaeddin Bey ve \u015eehzade Orhan d\u00fc\u015fmanlara kar\u015f\u0131 direni\u015fte olacak. Orhan Bey\u2019in esaretten tamamen kurtulmas\u0131 i\u00e7in yapacaklar\u0131 herkesi ekran ba\u015f\u0131na kilitleyecek.<\/p>\n<p><strong>Bala Hatun\u2019un ailesini koruma \u00e7abas\u0131<\/strong><\/p>\n<p>Zehirlenme durumuyla kar\u015f\u0131 kar\u015f\u0131ya kalan Bala Hatun, ailesini koruma m\u00fccadelesi verecek.<\/p>\n<p><img loading=\"lazy\" decoding=\"async\" class=\"alignnone wp-image-122600\" src=\"https:\/\/www.tgrthaber.com\/mavikadin\/wp-content\/uploads\/Kurulus-Osman-6.jpg\" alt=\"\" width=\"1208\" height=\"680\" title=\"\" srcset=\"https:\/\/www.tgrthaber.com\/mavikadin\/wp-content\/uploads\/Kurulus-Osman-6.jpg 1600w, https:\/\/www.tgrthaber.com\/mavikadin\/wp-content\/uploads\/Kurulus-Osman-6-300x169.jpg 300w, https:\/\/www.tgrthaber.com\/mavikadin\/wp-content\/uploads\/Kurulus-Osman-6-1024x576.jpg 1024w, https:\/\/www.tgrthaber.com\/mavikadin\/wp-content\/uploads\/Kurulus-Osman-6-768x432.jpg 768w, https:\/\/www.tgrthaber.com\/mavikadin\/wp-content\/uploads\/Kurulus-Osman-6-1536x864.jpg 1536w\" sizes=\"(max-width: 1208px) 100vw, 1208px\" \/><\/p>\n<hr \/>\n<p>K\u0131z\u0131 Halime\u2019yi kurtarmak i\u00e7in b\u00fcy\u00fck bir \u00e7aba g\u00f6sterecek.<\/p>\n<p><strong>\u0130lbay ve Beg\u00fcm Hatun Aras\u0131nda ya\u015fanan \u00e7eki\u015fme<\/strong><\/p>\n<p>\u0130lbay\u2019\u0131n ihaneti y\u00fcz\u00fcnden Beg\u00fcm Hatun beklenmedik bir hamle yaparak t\u00fcm plan\u0131 tepetaklak yapabilir.<\/p>\n","protected":false},"excerpt":{"rendered":"<p>Sevilen dizi Kurulu\u015f Osman G\u00fcney Kore&#8217;de yay\u0131nlanacak. Daha \u00f6nce Pakistan, Tanzanya, Arnavutluk, H\u0131rvatistan, G\u00fcrcistan gibi \u00fclkelerde yay\u0131nlanan dizinin G\u00fcney Kore&#8217;de 6 \u015eubat tarihinde izleyici ile bulu\u015fmas\u0131 bekleniyor.<\/p>\n","protected":false},"author":5,"featured_media":122595,"comment_status":"closed","ping_status":"closed","sticky":false,"template":"","format":"standard","meta":{"rank_math_lock_modified_date":false,"footnotes":""},"categories":[602],"tags":[2154,3072,8340],"class_list":["post-122594","post","type-post","status-publish","format-standard","has-post-thumbnail","hentry","category-diziler","tag-burak-ozcivit","tag-kurulus-osman","tag-kurulus-osman-guney-kore"],"_links":{"self":[{"href":"https:\/\/www.tgrthaber.com\/mavikadin\/wp-json\/wp\/v2\/posts\/122594"}],"collection":[{"href":"https:\/\/www.tgrthaber.com\/mavikadin\/wp-json\/wp\/v2\/posts"}],"about":[{"href":"https:\/\/www.tgrthaber.com\/mavikadin\/wp-json\/wp\/v2\/types\/post"}],"author":[{"embeddable":true,"href":"https:\/\/www.tgrthaber.com\/mavikadin\/wp-json\/wp\/v2\/users\/5"}],"replies":[{"embeddable":true,"href":"https:\/\/www.tgrthaber.com\/mavikadin\/wp-json\/wp\/v2\/comments?post=122594"}],"version-history":[{"count":4,"href":"https:\/\/www.tgrthaber.com\/mavikadin\/wp-json\/wp\/v2\/posts\/122594\/revisions"}],"predecessor-version":[{"id":122604,"href":"https:\/\/www.tgrthaber.com\/mavikadin\/wp-json\/wp\/v2\/posts\/122594\/revisions\/122604"}],"wp:featuredmedia":[{"embeddable":true,"href":"https:\/\/www.tgrthaber.com\/mavikadin\/wp-json\/wp\/v2\/media\/122595"}],"wp:attachment":[{"href":"https:\/\/www.tgrthaber.com\/mavikadin\/wp-json\/wp\/v2\/media?parent=122594"}],"wp:term":[{"taxonomy":"category","embeddable":true,"href":"https:\/\/www.tgrthaber.com\/mavikadin\/wp-json\/wp\/v2\/categories?post=122594"},{"taxonomy":"post_tag","embeddable":true,"href":"https:\/\/www.tgrthaber.com\/mavikadin\/wp-json\/wp\/v2\/tags?post=122594"}],"curies":[{"name":"wp","href":"https:\/\/api.w.org\/{rel}","templated":true}]}}