{"id":122615,"date":"2025-01-17T12:03:00","date_gmt":"2025-01-17T09:03:00","guid":{"rendered":"https:\/\/www.tgrthaber.com\/mavikadin\/?p=122615"},"modified":"2025-01-17T12:08:26","modified_gmt":"2025-01-17T09:08:26","slug":"kral-kaybederse-ne-zaman-yayinlanacak-ve-nerede-izlenecek","status":"publish","type":"post","link":"https:\/\/www.tgrthaber.com\/mavikadin\/kral-kaybederse-ne-zaman-yayinlanacak-ve-nerede-izlenecek\/","title":{"rendered":"Kral Kaybederse ne zaman yay\u0131nlanacak ve nerede izlenecek?"},"content":{"rendered":"<p>Kral Kaybederse ne zaman yay\u0131nlanacak herkesin merak etti\u011fi konulardan biri. Star TV\u2019nin fragman\u0131n\u0131 yay\u0131nlad\u0131\u011f\u0131 yeni dizisi Kral Kaybederse ilk fragman\u0131yla adeta herkesin ilgisini \u00e7ekti. Halit Ergen\u00e7. Merve Dizdar, Asl\u0131han G\u00fcrb\u00fcz gibi g\u00fc\u00e7l\u00fc oyun kadrosuyla \u00f6ne \u00e7\u0131kan dizi harika bir g\u00f6rsel keyif sunacak gibi g\u00f6r\u00fcn\u00fcyor. Ayn\u0131 zamanda Halit Ergen\u00e72in karizmatik duru\u015fu da fragman sonras\u0131 en \u00e7ok konu\u015fulan detaylardan biri oldu. Herkes Kral Kaybederse ne zaman yay\u0131nlanacak ve nerede izlenecek merak ediyor. \u0130\u015fte detaylar&#8230;<\/p>\n<h3>KRAL KAYBEDERSE NE ZAMAN YAYINLANACAK?<\/h3>\n<p>Kral Kaybederse ilk fragman\u0131yla adeta g\u00fcndeme bomba gibi d\u00fc\u015ft\u00fc. Reytingleri alt \u00fcst edece\u011fi \u00f6n g\u00f6r\u00fclen dizinin yay\u0131n g\u00fcn\u00fc de merakla bekleniyor. Herkesin Halit Ergen\u00e7, Merve Dizdar ve Asl\u0131han G\u00fcrb\u00fcz&#8217;\u00fc izlemek i\u00e7in sab\u0131rs\u0131zland\u0131\u011f\u0131 dizi yak\u0131nda Star Tv ekranlar\u0131nda yerini alacak. Harika bir uyarlama dizi olan Kral Kaybederse muhte\u015fem oyuncu kadrosuna sahip. Adeta g\u00f6rsel \u015f\u00f6len sunacak olan dizinin konusu da bir hayli karma\u015f\u0131k ve izleyici gerilime s\u00fcr\u00fckleyecek.<\/p>\n<p><img loading=\"lazy\" decoding=\"async\" class=\"alignnone size-full wp-image-122625\" src=\"https:\/\/www.tgrthaber.com\/mavikadin\/wp-content\/uploads\/Ekran-goruntusu-2025-01-17-115526.png\" alt=\"\" width=\"1919\" height=\"1079\" title=\"\" srcset=\"https:\/\/www.tgrthaber.com\/mavikadin\/wp-content\/uploads\/Ekran-goruntusu-2025-01-17-115526.png 1919w, https:\/\/www.tgrthaber.com\/mavikadin\/wp-content\/uploads\/Ekran-goruntusu-2025-01-17-115526-300x169.png 300w, https:\/\/www.tgrthaber.com\/mavikadin\/wp-content\/uploads\/Ekran-goruntusu-2025-01-17-115526-1024x576.png 1024w, https:\/\/www.tgrthaber.com\/mavikadin\/wp-content\/uploads\/Ekran-goruntusu-2025-01-17-115526-768x432.png 768w, https:\/\/www.tgrthaber.com\/mavikadin\/wp-content\/uploads\/Ekran-goruntusu-2025-01-17-115526-1536x864.png 1536w\" sizes=\"(max-width: 1919px) 100vw, 1919px\" \/><\/p>\n<hr \/>\n<p>Kral Kaybederse dizisinin yay\u0131n tarihi i\u00e7in hen\u00fcz net tarihi belli de\u011fil. Dizinin fragman\u0131 da yeni yay\u0131nland\u0131 ve Star Tv&#8217;de yay\u0131n ak\u0131\u015f\u0131na bak\u0131ld\u0131\u011f\u0131nda Pazartesi g\u00fcnlerinin bo\u015f oldu\u011fu g\u00f6r\u00fcl\u00fcyor. Kral Kaybederse Star Tv ekranlar\u0131nda pazartesi ya da per\u015fembe g\u00fcnleri ekrana gelebilir. Star Tv&#8217;nin en iddial\u0131 yap\u0131mlar\u0131ndan biri olaca\u011f\u0131 d\u00fc\u015f\u00fcn\u00fclen Kral Kaybederse ne zaman yay\u0131nlanacak merak eden seyirci sab\u0131rs\u0131zl\u0131kla ikinci fragman\u0131 ve yay\u0131n g\u00fcn\u00fcn\u00fc bekliyor.<\/p>\n<p><img loading=\"lazy\" decoding=\"async\" class=\"alignnone size-full wp-image-122627\" src=\"https:\/\/www.tgrthaber.com\/mavikadin\/wp-content\/uploads\/Ekran-goruntusu-2025-01-17-115639.png\" alt=\"\" width=\"1103\" height=\"591\" title=\"\" srcset=\"https:\/\/www.tgrthaber.com\/mavikadin\/wp-content\/uploads\/Ekran-goruntusu-2025-01-17-115639.png 1103w, https:\/\/www.tgrthaber.com\/mavikadin\/wp-content\/uploads\/Ekran-goruntusu-2025-01-17-115639-300x161.png 300w, https:\/\/www.tgrthaber.com\/mavikadin\/wp-content\/uploads\/Ekran-goruntusu-2025-01-17-115639-1024x549.png 1024w, https:\/\/www.tgrthaber.com\/mavikadin\/wp-content\/uploads\/Ekran-goruntusu-2025-01-17-115639-768x412.png 768w\" sizes=\"(max-width: 1103px) 100vw, 1103px\" \/><\/p>\n<hr \/>\n<h3>KRAL KAYBEDERSE NEREDE \u0130ZLENECEK?<\/h3>\n<p>Kral Kaybederse bir romandan uyarlama olarak Halit Ergen\u00e7 ve Merve Dizdar&#8217;\u0131n e\u015fsiz yetenekteki oyunculu\u011fu ile ekranlara gelecek. Star Tv&#8217; ekranlar\u0131nda izleyici ile bulu\u015facak olan dizi Kral Kaybederse yak\u0131nda izleyiciyle bulu\u015facak.<\/p>\n<p>Dizinin oyuncu kadrosu da herkesi derinden etkiliyor. Bir roman uyarlamas\u0131 olan dizide yer alan oyuncular ; Halit Ergen\u00e7, Merve Dizdar, Asl\u0131han G\u00fcrb\u00fcz, Nilperi \u015eahinkaya, Murat Garipa\u011fao\u011flu, Cenan \u00c7amyurdu, Nalan Kuru\u00e7im.<\/p>\n<p><img loading=\"lazy\" decoding=\"async\" class=\"alignnone size-full wp-image-122628\" src=\"https:\/\/www.tgrthaber.com\/mavikadin\/wp-content\/uploads\/Ekran-goruntusu-2025-01-17-115646.png\" alt=\"\" width=\"1144\" height=\"692\" title=\"\" srcset=\"https:\/\/www.tgrthaber.com\/mavikadin\/wp-content\/uploads\/Ekran-goruntusu-2025-01-17-115646.png 1144w, https:\/\/www.tgrthaber.com\/mavikadin\/wp-content\/uploads\/Ekran-goruntusu-2025-01-17-115646-300x181.png 300w, https:\/\/www.tgrthaber.com\/mavikadin\/wp-content\/uploads\/Ekran-goruntusu-2025-01-17-115646-1024x619.png 1024w, https:\/\/www.tgrthaber.com\/mavikadin\/wp-content\/uploads\/Ekran-goruntusu-2025-01-17-115646-768x465.png 768w\" sizes=\"(max-width: 1144px) 100vw, 1144px\" \/><\/p>\n<hr \/>\n<p>Dizi G\u00fclseren Budayc\u0131o\u011flu&#8217;nun ayn\u0131 isimli roman\u0131ndan uyarlama olarak ekranlara gelecek. Dizi de narsist bir ki\u015filik olan Kenan Baran&#8217;\u0131n y\u0131k\u0131m hikayesi konu al\u0131n\u0131yor. Yak\u0131\u015f\u0131kl\u0131, dikkat \u00e7ekici, kad\u0131nlar\u0131n ilgi oda\u011f\u0131 haline gelmi\u015f birisi olan Kenan Baran asl\u0131nda narsistik ki\u015filik bozuklu\u011fu ile m\u00fccadele ediyor. Kenan her zaman kazanaca\u011f\u0131n\u0131 bilen ve her \u015feyin onun lehine d\u00f6nece\u011fini d\u00fc\u015f\u00fcnen biridir.<\/p>\n<p><img loading=\"lazy\" decoding=\"async\" class=\"alignnone size-full wp-image-122629\" src=\"https:\/\/www.tgrthaber.com\/mavikadin\/wp-content\/uploads\/Ekran-goruntusu-2025-01-17-115702.png\" alt=\"\" width=\"1173\" height=\"704\" title=\"\" srcset=\"https:\/\/www.tgrthaber.com\/mavikadin\/wp-content\/uploads\/Ekran-goruntusu-2025-01-17-115702.png 1173w, https:\/\/www.tgrthaber.com\/mavikadin\/wp-content\/uploads\/Ekran-goruntusu-2025-01-17-115702-300x180.png 300w, https:\/\/www.tgrthaber.com\/mavikadin\/wp-content\/uploads\/Ekran-goruntusu-2025-01-17-115702-1024x615.png 1024w, https:\/\/www.tgrthaber.com\/mavikadin\/wp-content\/uploads\/Ekran-goruntusu-2025-01-17-115702-768x461.png 768w\" sizes=\"(max-width: 1173px) 100vw, 1173px\" \/><\/p>\n<hr \/>\n<p>Ancak bir g\u00fcn Kenan Baran&#8217;\u0131n bu imaj\u0131 y\u0131k\u0131l\u0131r ve i\u015fer istedi\u011fi gibi gitmez. Kenan i\u00e7in travma olan bu durum onu psikolojik destek almaya kadar g\u00f6t\u00fcrecek bir maceran\u0131n ba\u015f\u0131d\u0131r. Kendisiyle y\u00fczle\u015fmek zorunda kalan Kenan, psikolojik bir yard\u0131m alarak hayat\u0131n\u0131 yeniden sorgulamaya ba\u015flar. Bu s\u00fcre\u00e7, Kenan\u2019\u0131n ge\u00e7mi\u015fi, hayattaki se\u00e7imleri ve di\u011fer insanlarla kurdu\u011fu ili\u015fkilerdeki \u00e7at\u0131\u015fmalar\u0131 \u00e7\u00f6zmek i\u00e7in \u00e7\u0131kt\u0131\u011f\u0131 zorlu bir yolculuk olacakt\u0131r.<\/p>\n<p><iframe loading=\"lazy\" title=\"YouTube video player\" src=\"https:\/\/www.youtube.com\/embed\/WEZCQVi3uto?si=Dy9Vh9Mco4kHb6O5\" width=\"560\" height=\"315\" frameborder=\"0\" allowfullscreen=\"allowfullscreen\"><\/iframe><\/p>\n","protected":false},"excerpt":{"rendered":"<p>G\u00fclseren Budayc\u0131o\u011flu&#8217;nun ayn\u0131 isimli roman\u0131ndan uyarlama olan Kral Kaybederse dizisinin ilk fragman\u0131 geldi. Herkesin ilgisini \u00e7eken dizi ne zaman yay\u0131nlanacak ve nerede yay\u0131nlanacak en \u00e7ok merak edilen konulardan biri oldu. <\/p>\n","protected":false},"author":25,"featured_media":122636,"comment_status":"closed","ping_status":"closed","sticky":false,"template":"","format":"standard","meta":{"rank_math_lock_modified_date":false,"footnotes":""},"categories":[602],"tags":[8347,2194,2193,8336,7367,8335,2921],"class_list":["post-122615","post","type-post","status-publish","format-standard","has-post-thumbnail","hentry","category-diziler","tag-aslihan-gurbuz","tag-halit-ergenc","tag-kral-kaybederse","tag-kral-kaybederse-dizi-oyunculari","tag-kral-kaybederse-dizisi","tag-kral-kaybederse-dizisi-konusu","tag-merve-dizdar"],"_links":{"self":[{"href":"https:\/\/www.tgrthaber.com\/mavikadin\/wp-json\/wp\/v2\/posts\/122615"}],"collection":[{"href":"https:\/\/www.tgrthaber.com\/mavikadin\/wp-json\/wp\/v2\/posts"}],"about":[{"href":"https:\/\/www.tgrthaber.com\/mavikadin\/wp-json\/wp\/v2\/types\/post"}],"author":[{"embeddable":true,"href":"https:\/\/www.tgrthaber.com\/mavikadin\/wp-json\/wp\/v2\/users\/25"}],"replies":[{"embeddable":true,"href":"https:\/\/www.tgrthaber.com\/mavikadin\/wp-json\/wp\/v2\/comments?post=122615"}],"version-history":[{"count":1,"href":"https:\/\/www.tgrthaber.com\/mavikadin\/wp-json\/wp\/v2\/posts\/122615\/revisions"}],"predecessor-version":[{"id":122634,"href":"https:\/\/www.tgrthaber.com\/mavikadin\/wp-json\/wp\/v2\/posts\/122615\/revisions\/122634"}],"wp:featuredmedia":[{"embeddable":true,"href":"https:\/\/www.tgrthaber.com\/mavikadin\/wp-json\/wp\/v2\/media\/122636"}],"wp:attachment":[{"href":"https:\/\/www.tgrthaber.com\/mavikadin\/wp-json\/wp\/v2\/media?parent=122615"}],"wp:term":[{"taxonomy":"category","embeddable":true,"href":"https:\/\/www.tgrthaber.com\/mavikadin\/wp-json\/wp\/v2\/categories?post=122615"},{"taxonomy":"post_tag","embeddable":true,"href":"https:\/\/www.tgrthaber.com\/mavikadin\/wp-json\/wp\/v2\/tags?post=122615"}],"curies":[{"name":"wp","href":"https:\/\/api.w.org\/{rel}","templated":true}]}}