{"id":122648,"date":"2025-01-17T13:28:58","date_gmt":"2025-01-17T10:28:58","guid":{"rendered":"https:\/\/www.tgrthaber.com\/mavikadin\/?p=122648"},"modified":"2025-01-17T13:28:59","modified_gmt":"2025-01-17T10:28:59","slug":"somer-sivrioglu-ve-ayse-ozyilmazel-evleniyor-mu-iste-ilk-aciklama","status":"publish","type":"post","link":"https:\/\/www.tgrthaber.com\/mavikadin\/somer-sivrioglu-ve-ayse-ozyilmazel-evleniyor-mu-iste-ilk-aciklama\/","title":{"rendered":"Somer Sivrio\u011flu ve Ay\u015fe \u00d6zy\u0131lmazel evleniyor mu? \u0130\u015fte ilk a\u00e7\u0131klama"},"content":{"rendered":"<p>T\u00fcrkiye&#8217;nin en sevilen yemek programlar\u0131ndan biri olan MasterChef&#8217;in j\u00fcri \u00fcyelerinden Somer Sivrio\u011flu, hem profesyonel kariyeriyle hem de \u00f6zel hayat\u0131yla g\u00fcndemden d\u00fc\u015fm\u00fcyor. Son zamanlarda ad\u0131 s\u0131k\u00e7a a\u015fk dedikodular\u0131na kar\u0131\u015fan \u00fcnl\u00fc \u015fef, Ay\u015fe \u00d6zy\u0131lmazel ile ili\u015fki ya\u015fad\u0131\u011f\u0131n\u0131 duyurmu\u015ftu. Ancak k\u0131sa s\u00fcre i\u00e7inde ayr\u0131l\u0131k haberleriyle \u015fa\u015f\u0131rtm\u0131\u015flard\u0131. Sivrio\u011flu, kat\u0131ld\u0131\u011f\u0131 bir etkinlikte \u00f6zel hayat\u0131na dair a\u00e7\u0131klamalarda bulunarak merakl\u0131 g\u00f6zlerin \u00fczerine \u00e7evrildi\u011fi konuya netlik kazand\u0131rd\u0131.<\/p>\n<h3>S\u0130VR\u0130O\u011eLU \u201cHER\u015eEY YOLUNDA\u201d<\/h3>\n<p>\u00dcnl\u00fc \u015fef Somer Sivrio\u011flu, kat\u0131ld\u0131\u011f\u0131 bir etkinlikte \u00f6zel hayat\u0131na dair samimi a\u00e7\u0131klamalarda bulundu. Ay\u015fe \u00d6zy\u0131lmazel ile bar\u0131\u015ft\u0131klar\u0131n\u0131 duyuran Sivrio\u011flu, &#8220;Her \u015fey yolunda. Gayet g\u00fczel gidiyor&#8221; dedi. Bu mutlu haberi sevenleriyle payla\u015fan \u015fef, ili\u015fkilerindeki olumlu geli\u015fmelerle ne\u015fesini yans\u0131tt\u0131.<\/p>\n<p><img loading=\"lazy\" decoding=\"async\" class=\"alignnone wp-image-122654\" src=\"https:\/\/www.tgrthaber.com\/mavikadin\/wp-content\/uploads\/somer-sivrioglu-ve-ayse-ozyilmazel-300x169.jpg\" alt=\"somer sivrio\u011flu ve ay\u015fe \u00f6zy\u0131lmazel\" width=\"1208\" height=\"680\" title=\"\" srcset=\"https:\/\/www.tgrthaber.com\/mavikadin\/wp-content\/uploads\/somer-sivrioglu-ve-ayse-ozyilmazel-300x169.jpg 300w, https:\/\/www.tgrthaber.com\/mavikadin\/wp-content\/uploads\/somer-sivrioglu-ve-ayse-ozyilmazel-1024x576.jpg 1024w, https:\/\/www.tgrthaber.com\/mavikadin\/wp-content\/uploads\/somer-sivrioglu-ve-ayse-ozyilmazel-768x432.jpg 768w, https:\/\/www.tgrthaber.com\/mavikadin\/wp-content\/uploads\/somer-sivrioglu-ve-ayse-ozyilmazel-1536x864.jpg 1536w, https:\/\/www.tgrthaber.com\/mavikadin\/wp-content\/uploads\/somer-sivrioglu-ve-ayse-ozyilmazel.jpg 1920w\" sizes=\"(max-width: 1208px) 100vw, 1208px\" \/><\/p>\n<hr \/>\n<h3>S\u0130VR\u0130O\u011eLU EVL\u0130L\u0130K SORUSUNU GE\u00c7\u0130\u015eT\u0130RD\u0130<\/h3>\n<p>Somer Sivrio\u011flu, eski sevgilisi Ay\u015fe \u00d6zy\u0131lmazel\u2019le aralar\u0131nda ya\u015fan\u0131lan anla\u015fmazl\u0131klar sonucu ayr\u0131lm\u0131\u015flard\u0131. Uzun s\u00fcre ayr\u0131 olan \u00e7iftin bar\u0131\u015ft\u0131\u011f\u0131 haberleri g\u00fcndeme bomba gibi d\u00fc\u015ft\u00fc. Somer Sivrio\u011flu, o s\u00fcre\u00e7te yo\u011fun i\u015f tempolar\u0131ndan kaynakl\u0131 g\u00f6r\u00fc\u015femediklerini ve baz\u0131 sorunlar\u0131n oldu\u011funu dile getirerek ayr\u0131l\u0131klar\u0131n\u0131n k\u0131sa s\u00fcrd\u00fc\u011f\u00fcn\u00fc belirtti. Ay\u015fe \u00d6zy\u0131lmazel\u2019le bar\u0131\u015fan Somer Sivrio\u011flu, ili\u015fkilerinin evlilikle sonu\u00e7lanacak m\u0131? haberlerine kar\u015f\u0131 \u015fu s\u00f6zleri s\u00f6yledi. Sivrio\u011flu, \u201c&#8221;Onlar\u0131 bilemeyiz. Onlar i\u00e7in \u00e7ok erken&#8221;\u00a0diyerek evlilik sorusuna ka\u00e7amak bir cevap verdi.<\/p>\n","protected":false},"excerpt":{"rendered":"<p>Masterchef\u2019in sevilen j\u00fcri \u00fcyesi Somer Sivrio\u011flu, kat\u0131ld\u0131\u011f\u0131 bir etkinlikte uzun s\u00fcredir konu\u015fmad\u0131\u011f\u0131 eski sevgilisi Ay\u015fe \u00d6zy\u0131lmazel\u2019le yeniden bar\u0131\u015ft\u0131lar. Somer Sivrio\u011flu, evlilik sorular\u0131na \u201cOnlar i\u00e7in \u00e7ok erken\u201d cevab\u0131n\u0131 verdi. <\/p>\n","protected":false},"author":10,"featured_media":122652,"comment_status":"closed","ping_status":"closed","sticky":false,"template":"","format":"standard","meta":{"rank_math_lock_modified_date":false,"footnotes":""},"categories":[76],"tags":[8351],"class_list":["post-122648","post","type-post","status-publish","format-standard","has-post-thumbnail","hentry","category-magazin","tag-somer-sivrioglu-ve-ayse-ozyilmazel"],"_links":{"self":[{"href":"https:\/\/www.tgrthaber.com\/mavikadin\/wp-json\/wp\/v2\/posts\/122648"}],"collection":[{"href":"https:\/\/www.tgrthaber.com\/mavikadin\/wp-json\/wp\/v2\/posts"}],"about":[{"href":"https:\/\/www.tgrthaber.com\/mavikadin\/wp-json\/wp\/v2\/types\/post"}],"author":[{"embeddable":true,"href":"https:\/\/www.tgrthaber.com\/mavikadin\/wp-json\/wp\/v2\/users\/10"}],"replies":[{"embeddable":true,"href":"https:\/\/www.tgrthaber.com\/mavikadin\/wp-json\/wp\/v2\/comments?post=122648"}],"version-history":[{"count":1,"href":"https:\/\/www.tgrthaber.com\/mavikadin\/wp-json\/wp\/v2\/posts\/122648\/revisions"}],"predecessor-version":[{"id":122657,"href":"https:\/\/www.tgrthaber.com\/mavikadin\/wp-json\/wp\/v2\/posts\/122648\/revisions\/122657"}],"wp:featuredmedia":[{"embeddable":true,"href":"https:\/\/www.tgrthaber.com\/mavikadin\/wp-json\/wp\/v2\/media\/122652"}],"wp:attachment":[{"href":"https:\/\/www.tgrthaber.com\/mavikadin\/wp-json\/wp\/v2\/media?parent=122648"}],"wp:term":[{"taxonomy":"category","embeddable":true,"href":"https:\/\/www.tgrthaber.com\/mavikadin\/wp-json\/wp\/v2\/categories?post=122648"},{"taxonomy":"post_tag","embeddable":true,"href":"https:\/\/www.tgrthaber.com\/mavikadin\/wp-json\/wp\/v2\/tags?post=122648"}],"curies":[{"name":"wp","href":"https:\/\/api.w.org\/{rel}","templated":true}]}}