{"id":122686,"date":"2025-01-17T14:27:21","date_gmt":"2025-01-17T11:27:21","guid":{"rendered":"https:\/\/www.tgrthaber.com\/mavikadin\/?p=122686"},"modified":"2025-01-17T16:06:52","modified_gmt":"2025-01-17T13:06:52","slug":"zerrin-ozerden-yillardan-sonra-gelen-itiraf-en-buyuk-pismanligini-soyledi","status":"publish","type":"post","link":"https:\/\/www.tgrthaber.com\/mavikadin\/zerrin-ozerden-yillardan-sonra-gelen-itiraf-en-buyuk-pismanligini-soyledi\/","title":{"rendered":"Zerrin \u00d6zer y\u0131llar sonra itiraf etti! En b\u00fcy\u00fck pi\u015fmanl\u0131\u011f\u0131n\u0131 a\u00e7\u0131klad\u0131"},"content":{"rendered":"<p>T\u00fcrk m\u00fczi\u011finin efsane 67 ya\u015f\u0131ndaki Zerrin \u00d6zer, hayat\u0131na dair bilinmeyenleri TV 8\u2019de Ece Erken ve Nur Tu\u011fba Alg\u00fcl\u2019\u00fcn Gel Konu\u015fal\u0131m program\u0131na konu\u015ftu. Usta \u015fark\u0131c\u0131 Zerrin \u00d6zer, Ece Erken\u2019in sordu\u011fu sorulara i\u00e7ten ve samimi cevaplar verdi.<\/p>\n<h3>ZERR\u0130N \u00d6ZER&#8217;\u0130N EN B\u00dcY\u00dcK P\u0130\u015eMANLI\u011eI NE?<\/h3>\n<p>Zerrin \u00d6zer, \u015fark\u0131 s\u00f6ylemeye ilk ba\u015flad\u0131\u011f\u0131 zamanlarda yurt d\u0131\u015f\u0131ndan gelen bir\u00e7ok teklif vard\u0131. Sesinin rengi ve g\u0131rtlak yap\u0131s\u0131 m\u00fczik ustalar\u0131 taraf\u0131ndan be\u011feniliyordu. Sesinin farkl\u0131l\u0131\u011f\u0131n\u0131 ke\u015ffeden biri yabanc\u0131 \u00fclkeye gelmesini istedi\u011fini ve bunu reddetti\u011fini defalarca dile getiren Zerrin \u00d6zer, \u015fuan ki ya\u015fam ko\u015fullar\u0131nda bunu yapmazd\u0131m diyerek Z ku\u015fa\u011f\u0131na \u00f6\u011f\u00fctlerde bulundu.<\/p>\n<div style=\"width: 640px;\" class=\"wp-video\"><!--[if lt IE 9]><script>document.createElement('video');<\/script><![endif]-->\n<video class=\"wp-video-shortcode\" id=\"video-122686-1\" width=\"640\" height=\"640\" preload=\"metadata\" controls=\"controls\"><source type=\"video\/mp4\" src=\"https:\/\/www.tgrthaber.com\/mavikadin\/wp-content\/uploads\/Brown-Minimalist-and-Elegant-Coffee-Shop-Promotion-Square-Video-2-1.mp4?_=1\" \/><a href=\"https:\/\/www.tgrthaber.com\/mavikadin\/wp-content\/uploads\/Brown-Minimalist-and-Elegant-Coffee-Shop-Promotion-Square-Video-2-1.mp4\">https:\/\/www.tgrthaber.com\/mavikadin\/wp-content\/uploads\/Brown-Minimalist-and-Elegant-Coffee-Shop-Promotion-Square-Video-2-1.mp4<\/a><\/video><\/div>\n<p>Zerin \u00d6zer, bug\u00fcn ki akl\u0131n olsa ne yapard\u0131n sorusuna kar\u015f\u0131l\u0131k \u201cHayata kesin T\u00fcrkiye&#8217;de ba\u015flamamas\u0131 gerekti\u011fini s\u00f6ylerdim. Amerika&#8217;ya yerle\u015fmesini s\u00f6ylerdim. Ke\u015fke Z ku\u015fa\u011f\u0131 olsayd\u0131m. Z ku\u015fa\u011f\u0131n\u0131n hepsini \u00e7ok seviyorum. Hi\u00e7 tavizleri yok.&#8217;\u00a0diyerek a\u00e7\u0131klad\u0131.<\/p>\n<p><img loading=\"lazy\" decoding=\"async\" class=\"alignnone wp-image-122687\" src=\"https:\/\/www.tgrthaber.com\/mavikadin\/wp-content\/uploads\/zerrin-ozer-300x169.jpg\" alt=\"zerrin \u00f6zer\" width=\"1208\" height=\"680\" title=\"\" srcset=\"https:\/\/www.tgrthaber.com\/mavikadin\/wp-content\/uploads\/zerrin-ozer-300x169.jpg 300w, https:\/\/www.tgrthaber.com\/mavikadin\/wp-content\/uploads\/zerrin-ozer-1024x576.jpg 1024w, https:\/\/www.tgrthaber.com\/mavikadin\/wp-content\/uploads\/zerrin-ozer-768x432.jpg 768w, https:\/\/www.tgrthaber.com\/mavikadin\/wp-content\/uploads\/zerrin-ozer-1536x864.jpg 1536w, https:\/\/www.tgrthaber.com\/mavikadin\/wp-content\/uploads\/zerrin-ozer.jpg 1920w\" sizes=\"(max-width: 1208px) 100vw, 1208px\" \/><\/p>\n<hr \/>\n<h3>\u201cHAYATIMDA K\u0130MSE YOK\u201d<\/h3>\n<p>Zerrin \u00d6zer, ya\u015fad\u0131\u011f\u0131 3 ba\u015far\u0131s\u0131z evlilikten sonra hayat\u0131nda biri var m\u0131? sorusunu cevaplad\u0131. Zerrin \u00d6zer, \u201cHayat\u0131mda kimse yok. Bunu bilemem, yar\u0131n\u0131n ne getirece\u011fini bilemem. Yapt\u0131\u011f\u0131m evliliklerden \u00e7ok pi\u015fmanl\u0131\u011f\u0131m var. Bu akl\u0131m o zamanlarda olsayd\u0131 asla evlilik yapmazd\u0131m.&#8221;\u00a0s\u00f6zleriyle evliliklerinden pi\u015fmanl\u0131k duydu\u011funu dile getirdi.<\/p>\n<h3>\u00d6ZER \u201cANNE OLAMADI\u011eIM \u0130\u00c7\u0130N P\u0130\u015eMANIM\u201d<\/h3>\n<p>\u00d6zer, istedi\u011fi huzurlu aile ya\u015fam\u0131n\u0131 bir t\u00fcrl\u00fc bulamad\u0131\u011f\u0131n\u0131 dile getirdi. Hayattaki en b\u00fcy\u00fck pi\u015fmanl\u0131\u011f\u0131n\u0131 ise \u015fu s\u00f6zlerle a\u00e7\u0131klad\u0131. Zerin \u00d6zer, \u201c&#8217;Anne olmad\u0131\u011f\u0131m i\u00e7in \u00e7ok pi\u015fman\u0131m. Ya\u015fad\u0131\u011f\u0131m en b\u00fcy\u00fck pi\u015fmanl\u0131k \u00e7ocuk yapmamak. Bana benzer miydi, ben nas\u0131l bir anne olurdum merak ediyorum.&#8221; a\u00e7\u0131klamalar\u0131yla \u00e7ocu\u011fa olan \u00f6zlemini dile getirdi.<\/p>\n<p><img loading=\"lazy\" decoding=\"async\" class=\"alignnone wp-image-122688\" src=\"https:\/\/www.tgrthaber.com\/mavikadin\/wp-content\/uploads\/zerrin-ozer-1-300x169.jpg\" alt=\"zerrin \u00f6zer \" width=\"1208\" height=\"680\" title=\"\" srcset=\"https:\/\/www.tgrthaber.com\/mavikadin\/wp-content\/uploads\/zerrin-ozer-1-300x169.jpg 300w, https:\/\/www.tgrthaber.com\/mavikadin\/wp-content\/uploads\/zerrin-ozer-1-1024x576.jpg 1024w, https:\/\/www.tgrthaber.com\/mavikadin\/wp-content\/uploads\/zerrin-ozer-1-768x432.jpg 768w, https:\/\/www.tgrthaber.com\/mavikadin\/wp-content\/uploads\/zerrin-ozer-1-1536x864.jpg 1536w, https:\/\/www.tgrthaber.com\/mavikadin\/wp-content\/uploads\/zerrin-ozer-1.jpg 1920w\" sizes=\"(max-width: 1208px) 100vw, 1208px\" \/><\/p>\n<hr \/>\n<h3>\u201cBEN BABA SEVG\u0130S\u0130 OLMADAN B\u00dcY\u00dcD\u00dcM\u201d<\/h3>\n<p>Hayatta en \u00f6nemli olan \u015feyin sevgi oldu\u011funu vurgulayan usta sanat\u00e7\u0131 Zerrin \u00d6zer, aile ya\u015fant\u0131s\u0131nda arad\u0131\u011f\u0131 bu sevgiyi hep eksik ya\u015fad\u0131\u011f\u0131n\u0131 dile getirdi. \u00d6zer, &#8221;Annem ve babam ben \u00e7ok k\u00fc\u00e7\u00fckken bo\u015fand\u0131lar. Anne baba kavgalar\u0131yla b\u00fcy\u00fcd\u00fcm. Babam\u0131zdan korkard\u0131k. Bunlar \u00e7ok yanl\u0131\u015f \u015feyler. Annem, babamla g\u00f6r\u00fc\u015fmemizi engelledi. Hi\u00e7bir zaman bir evlad\u0131 annesinden babas\u0131ndan ay\u0131ramazs\u0131n. Ben baba sevgilisi olmadan b\u00fcy\u00fcd\u00fcm.&#8221; S\u00f6zleriyle baba sevgisinden mahrum kald\u0131\u011f\u0131n\u0131 ve o s\u0131cac\u0131k aile sevgisinin \u00f6zlemini oldu\u011funu izleyenlere hissettirdi.<\/p>\n<h3>M\u00dcZ\u0130KLER ESK\u0130S\u0130 G\u0130B\u0130 DE\u011e\u0130L<\/h3>\n<p>Zerrin \u00d6zer, yeni jenerasyon m\u00fczik d\u00fcnyas\u0131 ile ilgili d\u00fc\u015f\u00fcnceleri soruldu\u011funda \u201c80&#8217;leri 90&#8217;lar\u0131 \u00e7ok \u00f6zl\u00fcyorum. O zamanlar daha ger\u00e7ek daha sahiydi. Ne mutluyum 80 senesini ve 90 senesini ya\u015fad\u0131m. M\u00fczik olarak \u00e7ok g\u00fczel y\u0131llard\u0131. Ben Sezen Aksu&#8217;ya lokumum derim. \u00c7ok k\u0131ymetlidir benim i\u00e7in. T\u00fcrkiye i\u00e7in \u00e7ok k\u0131ymetlidir. Allah ona bir kabiliyet vermi\u015f.\u201d cevaplad\u0131.<\/p>\n<p><img loading=\"lazy\" decoding=\"async\" class=\"alignnone wp-image-122689\" src=\"https:\/\/www.tgrthaber.com\/mavikadin\/wp-content\/uploads\/zerrin-ozer-2-300x169.jpg\" alt=\"zerrin \u00f6zer \" width=\"1208\" height=\"680\" title=\"\" srcset=\"https:\/\/www.tgrthaber.com\/mavikadin\/wp-content\/uploads\/zerrin-ozer-2-300x169.jpg 300w, https:\/\/www.tgrthaber.com\/mavikadin\/wp-content\/uploads\/zerrin-ozer-2-1024x576.jpg 1024w, https:\/\/www.tgrthaber.com\/mavikadin\/wp-content\/uploads\/zerrin-ozer-2-768x432.jpg 768w, https:\/\/www.tgrthaber.com\/mavikadin\/wp-content\/uploads\/zerrin-ozer-2-1536x864.jpg 1536w, https:\/\/www.tgrthaber.com\/mavikadin\/wp-content\/uploads\/zerrin-ozer-2.jpg 1920w\" sizes=\"(max-width: 1208px) 100vw, 1208px\" \/><\/p>\n<hr \/>\n<h3>\u201cI\u015eIN KARACAYI \u00c7OK SEVER\u0130M\u201d<\/h3>\n<p>M\u00fczikleriyle 80\u2019li ve 90\u2019l\u0131 y\u0131llara damga vuran Zerrin \u00d6zer bir\u00e7ok sanat\u00e7\u0131n\u0131n da \u00f6rnek ald\u0131\u011f\u0131 bir \u015fark\u0131c\u0131d\u0131r. \u015eark\u0131lar\u0131yla yeni jenerasyonunda be\u011fenisini kazanan \u00d6zer, kendisinin hangi \u015fark\u0131c\u0131lar\u0131 dinledi\u011fi merak ediliyor. Usta \u015fark\u0131c\u0131 \u00d6zer, &#8221;I\u015f\u0131n Karaca&#8217;y\u0131 \u00e7ok severim. Onun da idol\u00fc benim. Funda Arar, Zeynep Bast\u0131k ve Mabel&#8217;i dinliyorum.&#8221;<\/p>\n<h3>KEREM TEK\u0130N \u0130LE SIKI DOSTTUK<\/h3>\n<p>Kerem Tekin ve Zerrin \u00d6zer aras\u0131nda 90 \u2018l\u0131 y\u0131llarda a\u015fk iddialar\u0131 konu\u015fuluyordu. \u0130ki yak\u0131n sanat\u00e7\u0131n\u0131n samimi halleri o d\u00f6nemde aralar\u0131nda a\u015fk var dedikodular\u0131na neden olmu\u015ftu. Zerrin \u00d6zer bu dedikodulara y\u0131llar sonra cevap verdi. \u00d6zer, &#8221;Biz \u00e7ok iyi yak\u0131n dosttuk. Herkes bizi sevgili sand\u0131 katiyen b\u00f6yle bir \u015fey olmad\u0131. Hatta k\u0131z arkada\u015f\u0131yla giderken \u00f6ld\u00fc. Dualarda bulu\u015fuyoruz.&#8221; a\u00e7\u0131klamalar\u0131yla aralar\u0131nda hi\u00e7bir zaman a\u015fk olmad\u0131\u011f\u0131n\u0131 dile getirdi.<\/p>\n","protected":false},"excerpt":{"rendered":"<p>80\u2019ler ve 90\u2019lar\u0131n efsane ismi Zerrin \u00d6zer, uzun bir aran\u0131n ard\u0131ndan Gel Konu\u015fal\u0131m program\u0131na r\u00f6portaj verdi. Ece Erken\u2019in y\u00f6neltti\u011fi sorular\u0131 cevaplayan Zerrin \u00d6zer, y\u0131llard\u0131r kimsenin bilmedi\u011fi en b\u00fcy\u00fck pi\u015fmanl\u0131\u011f\u0131n\u0131 a\u00e7\u0131klad\u0131. <\/p>\n","protected":false},"author":10,"featured_media":122690,"comment_status":"closed","ping_status":"closed","sticky":false,"template":"","format":"standard","meta":{"rank_math_lock_modified_date":false,"footnotes":""},"categories":[76],"tags":[8354,8355,8356],"class_list":["post-122686","post","type-post","status-publish","format-standard","has-post-thumbnail","hentry","category-magazin","tag-zerrin-ozer","tag-zerrin-ozer-itiraf","tag-zerrin-ozer-ve-kerim-tekin"],"_links":{"self":[{"href":"https:\/\/www.tgrthaber.com\/mavikadin\/wp-json\/wp\/v2\/posts\/122686"}],"collection":[{"href":"https:\/\/www.tgrthaber.com\/mavikadin\/wp-json\/wp\/v2\/posts"}],"about":[{"href":"https:\/\/www.tgrthaber.com\/mavikadin\/wp-json\/wp\/v2\/types\/post"}],"author":[{"embeddable":true,"href":"https:\/\/www.tgrthaber.com\/mavikadin\/wp-json\/wp\/v2\/users\/10"}],"replies":[{"embeddable":true,"href":"https:\/\/www.tgrthaber.com\/mavikadin\/wp-json\/wp\/v2\/comments?post=122686"}],"version-history":[{"count":5,"href":"https:\/\/www.tgrthaber.com\/mavikadin\/wp-json\/wp\/v2\/posts\/122686\/revisions"}],"predecessor-version":[{"id":122735,"href":"https:\/\/www.tgrthaber.com\/mavikadin\/wp-json\/wp\/v2\/posts\/122686\/revisions\/122735"}],"wp:featuredmedia":[{"embeddable":true,"href":"https:\/\/www.tgrthaber.com\/mavikadin\/wp-json\/wp\/v2\/media\/122690"}],"wp:attachment":[{"href":"https:\/\/www.tgrthaber.com\/mavikadin\/wp-json\/wp\/v2\/media?parent=122686"}],"wp:term":[{"taxonomy":"category","embeddable":true,"href":"https:\/\/www.tgrthaber.com\/mavikadin\/wp-json\/wp\/v2\/categories?post=122686"},{"taxonomy":"post_tag","embeddable":true,"href":"https:\/\/www.tgrthaber.com\/mavikadin\/wp-json\/wp\/v2\/tags?post=122686"}],"curies":[{"name":"wp","href":"https:\/\/api.w.org\/{rel}","templated":true}]}}