{"id":122703,"date":"2025-01-17T15:21:40","date_gmt":"2025-01-17T12:21:40","guid":{"rendered":"https:\/\/www.tgrthaber.com\/mavikadin\/?p=122703"},"modified":"2025-01-17T15:24:34","modified_gmt":"2025-01-17T12:24:34","slug":"birsen-altuntas-dava-surpriziyle-gundem-oldu-elcin-sanguya-cevabi-gecikmedi","status":"publish","type":"post","link":"https:\/\/www.tgrthaber.com\/mavikadin\/birsen-altuntas-dava-surpriziyle-gundem-oldu-elcin-sanguya-cevabi-gecikmedi\/","title":{"rendered":"Birsen Altunta\u015f dava s\u00fcrpriziyle g\u00fcndem oldu! El\u00e7in Sangu\u2019ya cevab\u0131 gecikmedi"},"content":{"rendered":"<p>Gazeteci Birsen Altunta\u015f tekelle\u015fme iddialar\u0131 konusunda El\u00e7in Sangu ile at\u0131\u015f\u0131nca sosyal medyada g\u00fcndem olmu\u015ftu. Dizi sekt\u00f6r\u00fcnde \u2018Ay\u015fe Bar\u0131m\u2019 olay\u0131ndan sonra ya\u015fananlar g\u00fcnlerdir farkl\u0131 isimler \u00fczerinden konu\u015fulmaya devam ediyor.<\/p>\n<h3>B\u0130RSEN ALTUNTA\u015e EL\u00c7\u0130N SANGU GER\u0130L\u0130M\u0130<\/h3>\n<p>Dizi sekt\u00f6r\u00fcnde ya\u015fanan tekelle\u015fme iddialar\u0131 hakk\u0131nda yapt\u0131\u011f\u0131 a\u00e7\u0131klamalarla g\u00fcndem olan Birsen Altunta\u015f El\u00e7in Sangu\u2019ya dava a\u00e7t\u0131.<\/p>\n<p>\u0130kili aras\u0131nda ya\u015fanan at\u0131\u015fmalardan sonra El\u00e7in Sangu, Birsen Altunta\u015f&#8217;la gerilmi\u015fti El\u00e7in Sangu Birsen Altunta\u015f&#8217;a s\u00fcrpriz yapaca\u011f\u0131n\u0131 s\u00f6yleyerek kavgan\u0131n fitilini ate\u015flemi\u015fti.<\/p>\n<p><img loading=\"lazy\" decoding=\"async\" class=\"alignnone wp-image-122709\" src=\"https:\/\/www.tgrthaber.com\/mavikadin\/wp-content\/uploads\/ELcin-Sangu-1-1.jpg\" alt=\"\" width=\"1208\" height=\"680\" title=\"\" srcset=\"https:\/\/www.tgrthaber.com\/mavikadin\/wp-content\/uploads\/ELcin-Sangu-1-1.jpg 1600w, https:\/\/www.tgrthaber.com\/mavikadin\/wp-content\/uploads\/ELcin-Sangu-1-1-300x169.jpg 300w, https:\/\/www.tgrthaber.com\/mavikadin\/wp-content\/uploads\/ELcin-Sangu-1-1-1024x576.jpg 1024w, https:\/\/www.tgrthaber.com\/mavikadin\/wp-content\/uploads\/ELcin-Sangu-1-1-768x432.jpg 768w, https:\/\/www.tgrthaber.com\/mavikadin\/wp-content\/uploads\/ELcin-Sangu-1-1-1536x864.jpg 1536w\" sizes=\"(max-width: 1208px) 100vw, 1208px\" \/><\/p>\n<hr \/>\n<p>Daha sonra belgelerle konu\u015fan El\u00e7in Sangu bu durumun \u00fczerine iki s\u00fcrpriz daha yapt\u0131. Sosyal medya hesab\u0131ndan Altunta\u015f&#8217;a dava a\u00e7t\u0131\u011f\u0131n\u0131 duyurdu.<\/p>\n<h3>B\u0130RSEN ALTUNTA\u015e EL\u00c7\u0130N SANGU&#8217;YA &#8220;DAVA&#8221; A\u00c7TI<\/h3>\n<p>Tekelle\u015fme iddialar\u0131n\u0131n alt\u0131n\u0131n bo\u015f olmad\u0131\u011f\u0131n\u0131 s\u00f6yleyen ve konunun ak\u0131\u015f\u0131n\u0131 bozan a\u00e7\u0131klamalarda bulunan meslekta\u015flar\u0131n\u0131 da hedef alan Sangu analiz yapt\u0131\u011f\u0131 bir flood&#8217;u payla\u015fm\u0131\u015ft\u0131.<\/p>\n<p><img loading=\"lazy\" decoding=\"async\" class=\"alignnone wp-image-122710\" src=\"https:\/\/www.tgrthaber.com\/mavikadin\/wp-content\/uploads\/Elcin-Sangu-3-1.jpg\" alt=\"\" width=\"1208\" height=\"680\" title=\"\" srcset=\"https:\/\/www.tgrthaber.com\/mavikadin\/wp-content\/uploads\/Elcin-Sangu-3-1.jpg 1600w, https:\/\/www.tgrthaber.com\/mavikadin\/wp-content\/uploads\/Elcin-Sangu-3-1-300x169.jpg 300w, https:\/\/www.tgrthaber.com\/mavikadin\/wp-content\/uploads\/Elcin-Sangu-3-1-1024x576.jpg 1024w, https:\/\/www.tgrthaber.com\/mavikadin\/wp-content\/uploads\/Elcin-Sangu-3-1-768x432.jpg 768w, https:\/\/www.tgrthaber.com\/mavikadin\/wp-content\/uploads\/Elcin-Sangu-3-1-1536x864.jpg 1536w\" sizes=\"(max-width: 1208px) 100vw, 1208px\" \/><\/p>\n<hr \/>\n<h3>B\u0130RSEN ALTUNTA\u015e&#8217;TAN CEVAP<\/h3>\n<p>\u00dcnl\u00fc oyuncu El\u00e7in Sangu d\u00fcn &#8220;sana iki s\u00fcrprizi daha var&#8221; diyerek Altunta\u015f&#8217;a dava a\u00e7t\u0131\u011f\u0131n\u0131 ilan etmi\u015fti.<\/p>\n<p>Birsen Altunta\u015f&#8217;a &#8220;Seninle son kez muhatap oluyorum&#8221; diyerek dava a\u00e7m\u0131\u015ft\u0131. Birsen Altunta\u015f ise Sangu\u2019nun davas\u0131 kar\u015f\u0131s\u0131nda sessiz kalmayarak dava a\u00e7t\u0131\u011f\u0131n\u0131 \u015fu s\u00f6zlerle duyurdu:<\/p>\n<p>&#8220;Bug\u00fcne kadar i\u015flerini hep zorbal\u0131kla y\u00fcr\u00fctmeye \u00e7al\u0131\u015fan El\u00e7in Sangu benim de sana k\u00fc\u00e7\u00fck bir s\u00fcrprizim var.&#8221;<\/p>\n<p><img loading=\"lazy\" decoding=\"async\" class=\"alignnone size-full wp-image-122711\" src=\"https:\/\/www.tgrthaber.com\/mavikadin\/wp-content\/uploads\/Ekran-goruntusu-2025-01-17-144333.png\" alt=\"\" width=\"646\" height=\"602\" title=\"\" srcset=\"https:\/\/www.tgrthaber.com\/mavikadin\/wp-content\/uploads\/Ekran-goruntusu-2025-01-17-144333.png 646w, https:\/\/www.tgrthaber.com\/mavikadin\/wp-content\/uploads\/Ekran-goruntusu-2025-01-17-144333-300x280.png 300w\" sizes=\"(max-width: 646px) 100vw, 646px\" \/><\/p>\n","protected":false},"excerpt":{"rendered":"<p>Tekelle\u015fme iddialar\u0131 konusunda s\u00f6yledikleri y\u00fcz\u00fcnden Birsen Altunta\u015f ile El\u00e7in Sangu aras\u0131nda gerilim ya\u015fanm\u0131\u015ft\u0131. Kar\u015f\u0131l\u0131kl\u0131 at\u0131\u015fman\u0131n ya\u015fand\u0131\u011f\u0131 ikili aras\u0131nda son olarak Birsen Altunta\u015f El\u00e7in Sangu&#8217;ya dava a\u00e7t\u0131.\u00a0<\/p>\n","protected":false},"author":5,"featured_media":122713,"comment_status":"closed","ping_status":"closed","sticky":false,"template":"","format":"standard","meta":{"rank_math_lock_modified_date":false,"footnotes":""},"categories":[76],"tags":[7564,2333],"class_list":["post-122703","post","type-post","status-publish","format-standard","has-post-thumbnail","hentry","category-magazin","tag-birsen-altuntas","tag-elcin-sangu"],"_links":{"self":[{"href":"https:\/\/www.tgrthaber.com\/mavikadin\/wp-json\/wp\/v2\/posts\/122703"}],"collection":[{"href":"https:\/\/www.tgrthaber.com\/mavikadin\/wp-json\/wp\/v2\/posts"}],"about":[{"href":"https:\/\/www.tgrthaber.com\/mavikadin\/wp-json\/wp\/v2\/types\/post"}],"author":[{"embeddable":true,"href":"https:\/\/www.tgrthaber.com\/mavikadin\/wp-json\/wp\/v2\/users\/5"}],"replies":[{"embeddable":true,"href":"https:\/\/www.tgrthaber.com\/mavikadin\/wp-json\/wp\/v2\/comments?post=122703"}],"version-history":[{"count":1,"href":"https:\/\/www.tgrthaber.com\/mavikadin\/wp-json\/wp\/v2\/posts\/122703\/revisions"}],"predecessor-version":[{"id":122714,"href":"https:\/\/www.tgrthaber.com\/mavikadin\/wp-json\/wp\/v2\/posts\/122703\/revisions\/122714"}],"wp:featuredmedia":[{"embeddable":true,"href":"https:\/\/www.tgrthaber.com\/mavikadin\/wp-json\/wp\/v2\/media\/122713"}],"wp:attachment":[{"href":"https:\/\/www.tgrthaber.com\/mavikadin\/wp-json\/wp\/v2\/media?parent=122703"}],"wp:term":[{"taxonomy":"category","embeddable":true,"href":"https:\/\/www.tgrthaber.com\/mavikadin\/wp-json\/wp\/v2\/categories?post=122703"},{"taxonomy":"post_tag","embeddable":true,"href":"https:\/\/www.tgrthaber.com\/mavikadin\/wp-json\/wp\/v2\/tags?post=122703"}],"curies":[{"name":"wp","href":"https:\/\/api.w.org\/{rel}","templated":true}]}}