{"id":122834,"date":"2025-01-17T22:26:07","date_gmt":"2025-01-17T19:26:07","guid":{"rendered":"https:\/\/www.tgrthaber.com\/mavikadin\/?p=122834"},"modified":"2025-01-17T22:26:07","modified_gmt":"2025-01-17T19:26:07","slug":"deha-hayranlari-sosyal-medyayi-ayagi-kaldirdi-basrol-oyuncusu-ayriliyor","status":"publish","type":"post","link":"https:\/\/www.tgrthaber.com\/mavikadin\/deha-hayranlari-sosyal-medyayi-ayagi-kaldirdi-basrol-oyuncusu-ayriliyor\/","title":{"rendered":"Deha hayranlar\u0131 sosyal medyay\u0131 aya\u011f\u0131 kald\u0131rd\u0131! Ba\u015frol oyuncusu ayr\u0131l\u0131yor"},"content":{"rendered":"<p>Show TV\u2019nin pop\u00fcler yap\u0131m\u0131 Deha, yeni b\u00f6l\u00fcm\u00fcndeki \u015fok eden senaryo karar\u0131 ile izleyicinin tepkisini toplad\u0131. Dizinin ba\u015frol oyuncusunun diziden ayr\u0131laca\u011f\u0131 haberlerinin g\u00fcn y\u00fcz\u00fcne \u00e7\u0131kmas\u0131 ile sosyal medya kar\u0131\u015ft\u0131.<\/p>\n<h3>DEHA HAYRANLARI SOSYAL MEDYAYI AYA\u011eI KALDIRDI<\/h3>\n<p>Show TV\u2019nin pazar gecelerine damga vuran yap\u0131m\u0131 Deha\u2019n\u0131n ba\u015frollerinden biri projeden ayr\u0131l\u0131yor. Ayr\u0131l\u0131kla ilgili hen\u00fcz bir a\u00e7\u0131klama yap\u0131lmazken, izleyiciler \u00fczerinde b\u00fcy\u00fck bir \u015fa\u015fk\u0131nl\u0131k etkisi meydana getiren bu geli\u015fmenin ard\u0131ndan dizinin ilerleyen b\u00f6l\u00fcmlerinde neler olaca\u011f\u0131 ise netle\u015fti. Sosyal medyada bu haberin yay\u0131lmas\u0131n\u0131n \u00fczerine dizinin hayranlar\u0131 aya\u011fa kalkt\u0131.<\/p>\n<p><img loading=\"lazy\" decoding=\"async\" class=\"alignnone size-full wp-image-122835\" src=\"https:\/\/www.tgrthaber.com\/mavikadin\/wp-content\/uploads\/dfs-1.jpg\" alt=\"\" width=\"1208\" height=\"680\" title=\"\" srcset=\"https:\/\/www.tgrthaber.com\/mavikadin\/wp-content\/uploads\/dfs-1.jpg 1208w, https:\/\/www.tgrthaber.com\/mavikadin\/wp-content\/uploads\/dfs-1-300x169.jpg 300w, https:\/\/www.tgrthaber.com\/mavikadin\/wp-content\/uploads\/dfs-1-1024x576.jpg 1024w, https:\/\/www.tgrthaber.com\/mavikadin\/wp-content\/uploads\/dfs-1-768x432.jpg 768w\" sizes=\"(max-width: 1208px) 100vw, 1208px\" \/><\/p>\n<hr \/>\n<h3>SENARYODA DE\u011e\u0130\u015e\u0130KL\u0130KLER YAPILIYOR<\/h3>\n<p>Deha dizisinde tansiyon h\u0131zla art\u0131yor. Ay Yap\u0131m imzas\u0131n\u0131 ta\u015f\u0131yan dizide Esme karakterini oynayan Ahsen Ero\u011flu ile ilgili dikkat \u00e7ekici bir geli\u015fme ya\u015fand\u0131. Damla Serim\u2019in yazd\u0131\u011f\u0131, Umut Aral\u2019\u0131n y\u00f6netti\u011fi proje cephesinden edinilen bilgilere g\u00f6re hik\u00e2yede de\u011fi\u015fiklikler yap\u0131l\u0131yor ve Ahsen Ero\u011flu diziye veda ediyor.<\/p>\n","protected":false},"excerpt":{"rendered":"<p>Ekranlar\u0131n en sevilen dizilerinden biri olan Deha&#8217;da radikal bir karar verildi. Dizinin ba\u015frol oyuncular\u0131ndan Ahsen Ero\u011flu&#8217;nun diziye veda edece\u011fi haberinin g\u00fcndem olmas\u0131yla sosyal medyada tepkiler \u00e7\u0131\u011f gibi b\u00fcy\u00fcd\u00fc.<\/p>\n","protected":false},"author":2,"featured_media":122836,"comment_status":"closed","ping_status":"closed","sticky":false,"template":"","format":"standard","meta":{"rank_math_lock_modified_date":false,"footnotes":""},"categories":[602],"tags":[2186,2791,3398],"class_list":["post-122834","post","type-post","status-publish","format-standard","has-post-thumbnail","hentry","category-diziler","tag-ahsen-eroglu","tag-deha-dizi","tag-deha-dizisi"],"_links":{"self":[{"href":"https:\/\/www.tgrthaber.com\/mavikadin\/wp-json\/wp\/v2\/posts\/122834"}],"collection":[{"href":"https:\/\/www.tgrthaber.com\/mavikadin\/wp-json\/wp\/v2\/posts"}],"about":[{"href":"https:\/\/www.tgrthaber.com\/mavikadin\/wp-json\/wp\/v2\/types\/post"}],"author":[{"embeddable":true,"href":"https:\/\/www.tgrthaber.com\/mavikadin\/wp-json\/wp\/v2\/users\/2"}],"replies":[{"embeddable":true,"href":"https:\/\/www.tgrthaber.com\/mavikadin\/wp-json\/wp\/v2\/comments?post=122834"}],"version-history":[{"count":1,"href":"https:\/\/www.tgrthaber.com\/mavikadin\/wp-json\/wp\/v2\/posts\/122834\/revisions"}],"predecessor-version":[{"id":122837,"href":"https:\/\/www.tgrthaber.com\/mavikadin\/wp-json\/wp\/v2\/posts\/122834\/revisions\/122837"}],"wp:featuredmedia":[{"embeddable":true,"href":"https:\/\/www.tgrthaber.com\/mavikadin\/wp-json\/wp\/v2\/media\/122836"}],"wp:attachment":[{"href":"https:\/\/www.tgrthaber.com\/mavikadin\/wp-json\/wp\/v2\/media?parent=122834"}],"wp:term":[{"taxonomy":"category","embeddable":true,"href":"https:\/\/www.tgrthaber.com\/mavikadin\/wp-json\/wp\/v2\/categories?post=122834"},{"taxonomy":"post_tag","embeddable":true,"href":"https:\/\/www.tgrthaber.com\/mavikadin\/wp-json\/wp\/v2\/tags?post=122834"}],"curies":[{"name":"wp","href":"https:\/\/api.w.org\/{rel}","templated":true}]}}