{"id":122838,"date":"2025-01-17T22:58:31","date_gmt":"2025-01-17T19:58:31","guid":{"rendered":"https:\/\/www.tgrthaber.com\/mavikadin\/?p=122838"},"modified":"2025-01-17T22:58:31","modified_gmt":"2025-01-17T19:58:31","slug":"kan-cicegi-dizisi-ne-zaman-final-yapiyor","status":"publish","type":"post","link":"https:\/\/www.tgrthaber.com\/mavikadin\/kan-cicegi-dizisi-ne-zaman-final-yapiyor\/","title":{"rendered":"Kan \u00c7i\u00e7e\u011fi dizisi ne zaman final yap\u0131yor?"},"content":{"rendered":"<p>Ekranlar\u0131n be\u011feniyle takip edilen g\u00fcnl\u00fck dizisi Kan \u00c7i\u00e7ekleri, izleyicilerini hem heyecanland\u0131ran hem de \u00fczen bir geli\u015fmeyle g\u00fcndemde. Ba\u015frollerini Bar\u0131\u015f Bakta\u015f ve Ya\u011fmur Y\u00fcksel\u2019in payla\u015ft\u0131\u011f\u0131, Kanal 7\u2019de yay\u0131nlanan Kan \u00c7i\u00e7ekleri, ekran maceras\u0131na veda etmeye haz\u0131rlan\u0131yor. Kan \u00c7i\u00e7ekleri final mi yap\u0131yor? Kan \u00c7i\u00e7ekleri ne zaman final yap\u0131yor? Neden sona eriyor ve ka\u00e7\u0131nc\u0131 b\u00f6l\u00fcmde bitiyor? T\u00fcm bu sorular\u0131n yan\u0131tlar\u0131na haberimizde ula\u015fabilirsiniz.<\/p>\n<h3>KAN \u00c7\u0130\u00c7E\u011e\u0130 D\u0130Z\u0130S\u0130 NE ZAMAN F\u0130NAL YAPIYOR?<\/h3>\n<p>Kan \u00c7i\u00e7ekleri\u2019nin final b\u00f6l\u00fcm\u00fc, 17 Ocak 2025 \u00c7ar\u015famba g\u00fcn\u00fc ekrana gelecek. Dizinin final b\u00f6l\u00fcm\u00fc \u015fimdiden izleyiciler taraf\u0131ndan b\u00fcy\u00fck bir heyecanla bekleniyor. Son b\u00f6l\u00fcmde, Baran ve Dilan\u2019\u0131n \u00fczerindeki karanl\u0131k g\u00fcnleri geride b\u0131rak\u0131p b\u0131rakmayaca\u011f\u0131na dair sorulara yan\u0131t aranacak.<\/p>\n<p><img loading=\"lazy\" decoding=\"async\" class=\"alignnone size-full wp-image-122840\" src=\"https:\/\/www.tgrthaber.com\/mavikadin\/wp-content\/uploads\/dfsqwd.jpg\" alt=\"\" width=\"1208\" height=\"680\" title=\"\" srcset=\"https:\/\/www.tgrthaber.com\/mavikadin\/wp-content\/uploads\/dfsqwd.jpg 1208w, https:\/\/www.tgrthaber.com\/mavikadin\/wp-content\/uploads\/dfsqwd-300x169.jpg 300w, https:\/\/www.tgrthaber.com\/mavikadin\/wp-content\/uploads\/dfsqwd-1024x576.jpg 1024w, https:\/\/www.tgrthaber.com\/mavikadin\/wp-content\/uploads\/dfsqwd-768x432.jpg 768w\" sizes=\"(max-width: 1208px) 100vw, 1208px\" \/><\/p>\n<hr \/>\n<h3>KAN \u00c7\u0130\u00c7EKLER\u0130 F\u0130NAL TAR\u0130H\u0130 NE ZAMAN?<\/h3>\n<p>Kan \u00c7i\u00e7ekleri\u2019nin sona erme sebebiyle ilgili resmi bir a\u00e7\u0131klama yap\u0131lmam\u0131\u015f olsa da sekt\u00f6rdeki kulislerde dizinin hik\u00e2yesini tamamlad\u0131\u011f\u0131 ve g\u00fcnl\u00fck dizilerin do\u011fas\u0131 gere\u011fi belirli bir s\u00fcreyle s\u0131n\u0131rl\u0131 kald\u0131\u011f\u0131 y\u00f6n\u00fcnde iddialar bulunuyor. \u00dc\u00e7 sezon boyunca b\u00fcy\u00fck bir ba\u015far\u0131ya imza atan dizi, do\u011fal bir sona eri\u015fti. \u00d6zellikle final sahneleri s\u0131ras\u0131nda oyuncular\u0131n ya\u015fad\u0131\u011f\u0131 duygusal anlar, hem yap\u0131m ekibi hem de izleyiciler \u00fczerinde derin bir etki b\u0131rakt\u0131.<\/p>\n<p><img loading=\"lazy\" decoding=\"async\" class=\"alignnone size-full wp-image-122848\" src=\"https:\/\/www.tgrthaber.com\/mavikadin\/wp-content\/uploads\/dfsrt.jpg\" alt=\"\" width=\"1208\" height=\"680\" title=\"\" srcset=\"https:\/\/www.tgrthaber.com\/mavikadin\/wp-content\/uploads\/dfsrt.jpg 1208w, https:\/\/www.tgrthaber.com\/mavikadin\/wp-content\/uploads\/dfsrt-300x169.jpg 300w, https:\/\/www.tgrthaber.com\/mavikadin\/wp-content\/uploads\/dfsrt-1024x576.jpg 1024w, https:\/\/www.tgrthaber.com\/mavikadin\/wp-content\/uploads\/dfsrt-768x432.jpg 768w\" sizes=\"(max-width: 1208px) 100vw, 1208px\" \/><\/p>\n<hr \/>\n<h3>KAN \u00c7\u0130\u00c7EKLER\u0130 NEDEN F\u0130NAL YAPIYOR?<\/h3>\n<p>Kan \u00c7i\u00e7ekleri, 434. b\u00f6l\u00fcmde sona eriyor. Dizinin bu kadar uzun s\u00fcre ekranda kalabilmesinin ard\u0131nda, \u00f6yk\u00fcs\u00fcn\u00fcn g\u00fcc\u00fc ve oyuncular\u0131n etkileyici performanslar\u0131 yat\u0131yor. \u00dc\u00e7 sezon boyunca izleyicileri ekrana kilitleyen dizi, h\u00fcz\u00fcnl\u00fc bir veda ile takip\u00e7ilerine veda edecek.<\/p>\n<p><img loading=\"lazy\" decoding=\"async\" class=\"alignnone size-full wp-image-122842\" src=\"https:\/\/www.tgrthaber.com\/mavikadin\/wp-content\/uploads\/dfsqw-1.jpg\" alt=\"\" width=\"1208\" height=\"680\" title=\"\" srcset=\"https:\/\/www.tgrthaber.com\/mavikadin\/wp-content\/uploads\/dfsqw-1.jpg 1208w, https:\/\/www.tgrthaber.com\/mavikadin\/wp-content\/uploads\/dfsqw-1-300x169.jpg 300w, https:\/\/www.tgrthaber.com\/mavikadin\/wp-content\/uploads\/dfsqw-1-1024x576.jpg 1024w, https:\/\/www.tgrthaber.com\/mavikadin\/wp-content\/uploads\/dfsqw-1-768x432.jpg 768w\" sizes=\"(max-width: 1208px) 100vw, 1208px\" \/><\/p>\n<hr \/>\n<h3>KAN \u00c7\u0130\u00c7EKLER\u0130 KA\u00c7INCI B\u00d6L\u00dcMDE F\u0130NAL YAPTI?<\/h3>\n<p>Dizinin \u00e7ekimleri sona erdi\u011finde, set ekibi ve oyuncular aras\u0131nda duygusal anlar ya\u015fand\u0131. Ba\u015frol oyuncusu Ya\u011fmur Y\u00fcksel, ekip \u00fcyeleriyle vedala\u015f\u0131rken g\u00f6zya\u015flar\u0131na hakim olamad\u0131. \u00c7ekimlerin son g\u00fcn\u00fcnde Nil\u00fcfer\u2019in &#8220;\u0130nkar Etme&#8221; \u015fark\u0131s\u0131n\u0131n \u00e7almas\u0131, oyuncular\u0131 ve ekibi daha da etkiledi. Sosyal medyada yap\u0131lan payla\u015f\u0131mlar, izleyicilere de bu duygusal atmosferi aktard\u0131.<\/p>\n","protected":false},"excerpt":{"rendered":"<p>Bu ak\u015fam yay\u0131nlanacak yeni b\u00f6l\u00fcm\u00fc ile izleyici ile bulu\u015facak olan Kan \u00c7i\u00e7e\u011fi dizisi ne zaman final yapacak? \u0130\u015fte detaylar&#8230;<\/p>\n","protected":false},"author":2,"featured_media":122849,"comment_status":"closed","ping_status":"closed","sticky":false,"template":"","format":"standard","meta":{"rank_math_lock_modified_date":false,"footnotes":""},"categories":[602],"tags":[2628,8394,133,2218],"class_list":["post-122838","post","type-post","status-publish","format-standard","has-post-thumbnail","hentry","category-diziler","tag-dizi-haberleri","tag-kan-cicegi","tag-magazin","tag-magazin-haberleri"],"_links":{"self":[{"href":"https:\/\/www.tgrthaber.com\/mavikadin\/wp-json\/wp\/v2\/posts\/122838"}],"collection":[{"href":"https:\/\/www.tgrthaber.com\/mavikadin\/wp-json\/wp\/v2\/posts"}],"about":[{"href":"https:\/\/www.tgrthaber.com\/mavikadin\/wp-json\/wp\/v2\/types\/post"}],"author":[{"embeddable":true,"href":"https:\/\/www.tgrthaber.com\/mavikadin\/wp-json\/wp\/v2\/users\/2"}],"replies":[{"embeddable":true,"href":"https:\/\/www.tgrthaber.com\/mavikadin\/wp-json\/wp\/v2\/comments?post=122838"}],"version-history":[{"count":3,"href":"https:\/\/www.tgrthaber.com\/mavikadin\/wp-json\/wp\/v2\/posts\/122838\/revisions"}],"predecessor-version":[{"id":122852,"href":"https:\/\/www.tgrthaber.com\/mavikadin\/wp-json\/wp\/v2\/posts\/122838\/revisions\/122852"}],"wp:featuredmedia":[{"embeddable":true,"href":"https:\/\/www.tgrthaber.com\/mavikadin\/wp-json\/wp\/v2\/media\/122849"}],"wp:attachment":[{"href":"https:\/\/www.tgrthaber.com\/mavikadin\/wp-json\/wp\/v2\/media?parent=122838"}],"wp:term":[{"taxonomy":"category","embeddable":true,"href":"https:\/\/www.tgrthaber.com\/mavikadin\/wp-json\/wp\/v2\/categories?post=122838"},{"taxonomy":"post_tag","embeddable":true,"href":"https:\/\/www.tgrthaber.com\/mavikadin\/wp-json\/wp\/v2\/tags?post=122838"}],"curies":[{"name":"wp","href":"https:\/\/api.w.org\/{rel}","templated":true}]}}