{"id":122839,"date":"2025-01-17T23:02:52","date_gmt":"2025-01-17T20:02:52","guid":{"rendered":"https:\/\/www.tgrthaber.com\/mavikadin\/?p=122839"},"modified":"2025-01-17T23:05:17","modified_gmt":"2025-01-17T20:05:17","slug":"survivor-2025-efecan-gercek-ismi-ne-27-yil-sonra-babasiyla-tanisti-kacirilma-hikayesi-yurek-burktu","status":"publish","type":"post","link":"https:\/\/www.tgrthaber.com\/mavikadin\/survivor-2025-efecan-gercek-ismi-ne-27-yil-sonra-babasiyla-tanisti-kacirilma-hikayesi-yurek-burktu\/","title":{"rendered":"Survivor 2025 Efecan ger\u00e7ek ismi ne? 27 y\u0131l sonra babas\u0131yla tan\u0131\u015ft\u0131, ka\u00e7\u0131r\u0131lma hikayesi y\u00fcrek burktu!"},"content":{"rendered":"<p class=\"p1\">Survivor 2025\u2019te yedeklerden kat\u0131lan Efecan Dianzenza, son b\u00f6l\u00fcmde hayat hikayesini payla\u015farak izleyicileri derinden etkiledi. As\u0131l ad\u0131n\u0131n Steven oldu\u011funu a\u00e7\u0131klayan Efecan, 3 ya\u015f\u0131ndayken T\u00fcrkiye\u2019ye getirildi\u011fini ve 27 ya\u015f\u0131nda babas\u0131yla tan\u0131\u015ft\u0131\u011f\u0131n\u0131 anlatt\u0131. Efecan\u2019\u0131n y\u00fcrek burkan hikayesi sosyal medyada k\u0131sa s\u00fcre i\u00e7erisinde g\u00fcndem oldu.<\/p>\n<h3>SURV\u0130VOR 2025 EFECAN&#8217;IN GER\u00c7EK \u0130SM\u0130 NE? KA\u00c7IRILMA H\u0130KAYES\u0130 G\u00dcNDEM OLDU!<\/h3>\n<p class=\"p1\">Survivor 2025\u2019in yedeklerden kat\u0131lan eski yar\u0131\u015fmac\u0131lar\u0131ndan Efecan Dianzenza, ada ya\u015fam\u0131ndaki g\u00fc\u00e7l\u00fc performans\u0131 ve samimi ki\u015fili\u011fiyle dikkat \u00e7ekmeye devam ediyor. Aslen \u0130ngiltere do\u011fumlu olan Efecan, Survivor\u2019\u0131n yeni b\u00f6l\u00fcm\u00fcnde payla\u015ft\u0131\u011f\u0131 y\u00fcrek burkan hayat hikayesiyle izleyenleri derinden etkiledi. Ger\u00e7ek ad\u0131n\u0131n Steven oldu\u011funu belirten Efecan, 3 ya\u015f\u0131ndayken T\u00fcrkiye\u2019ye getirildi\u011fini ve burada ad\u0131n\u0131n de\u011fi\u015ftirildi\u011fini anlatt\u0131. Bu olay\u0131n kendisinde b\u0131rakt\u0131\u011f\u0131 derin izlerden bahseden Efecan, asl\u0131nda bu ger\u00e7e\u011fi y\u0131llar sonra, 27 ya\u015f\u0131nda babas\u0131yla tan\u0131\u015ft\u0131\u011f\u0131nda \u00f6\u011frendi\u011fini dile getirdi. Ya\u015fad\u0131\u011f\u0131 bu \u00e7arp\u0131c\u0131 olaylar\u0131 anlat\u0131rken duygusal anlar ya\u015fayan Efecan, ada arkada\u015flar\u0131n\u0131n ve ekran ba\u015f\u0131ndaki izleyicilerin ilgisini bir kez daha \u00fczerine \u00e7ekti.<\/p>\n<div style=\"width: 640px;\" class=\"wp-video\"><!--[if lt IE 9]><script>document.createElement('video');<\/script><![endif]-->\n<video class=\"wp-video-shortcode\" id=\"video-122839-1\" width=\"640\" height=\"1138\" preload=\"metadata\" controls=\"controls\"><source type=\"video\/mp4\" src=\"https:\/\/www.tgrthaber.com\/mavikadin\/wp-content\/uploads\/efe.mp4?_=1\" \/><a href=\"https:\/\/www.tgrthaber.com\/mavikadin\/wp-content\/uploads\/efe.mp4\">https:\/\/www.tgrthaber.com\/mavikadin\/wp-content\/uploads\/efe.mp4<\/a><\/video><\/div>\n<h3>SURV\u0130VOR 2025 EFECAN K\u0130MD\u0130R, KA\u00c7 YA\u015eINDA?<\/h3>\n<p class=\"p1\">14 Temmuz 1990\u2019da \u0130ngiltere\u2019de d\u00fcnyaya gelen Efecan Dianzenza, anne taraf\u0131ndan T\u00fcrk, baba taraf\u0131ndan ise \u0130ngiliz k\u00f6kenlidir. Ailesi, Efecan hen\u00fcz 3 ya\u015f\u0131ndayken \u0130zmir Kar\u015f\u0131yaka\u2019ya ta\u015f\u0131nm\u0131\u015f ve burada yeni bir hayata ba\u015flam\u0131\u015ft\u0131r. Sporla olan yolculu\u011fu da bu d\u00f6nemde ba\u015flam\u0131\u015ft\u0131r.<\/p>\n<p><img loading=\"lazy\" decoding=\"async\" class=\"alignnone wp-image-122844 \" src=\"https:\/\/www.tgrthaber.com\/mavikadin\/wp-content\/uploads\/Ekran-Resmi-2025-01-17-22.55.05.png\" alt=\"\" width=\"986\" height=\"737\" title=\"\" srcset=\"https:\/\/www.tgrthaber.com\/mavikadin\/wp-content\/uploads\/Ekran-Resmi-2025-01-17-22.55.05.png 904w, https:\/\/www.tgrthaber.com\/mavikadin\/wp-content\/uploads\/Ekran-Resmi-2025-01-17-22.55.05-300x224.png 300w, https:\/\/www.tgrthaber.com\/mavikadin\/wp-content\/uploads\/Ekran-Resmi-2025-01-17-22.55.05-768x574.png 768w\" sizes=\"(max-width: 986px) 100vw, 986px\" \/><\/p>\n<hr \/>\n<p class=\"p1\">9 ya\u015f\u0131nda Kar\u015f\u0131yaka Spor Kul\u00fcb\u00fc\u2019n\u00fcn altyap\u0131s\u0131na kat\u0131lan Efecan, burada futbola olan yetene\u011fini geli\u015ftirdi. 14 ya\u015f\u0131na geldi\u011finde Antalyaspor Kul\u00fcb\u00fc\u2019ne transfer olarak kariyerinde \u00f6nemli bir ad\u0131m att\u0131. Antalya\u2019da ge\u00e7irdi\u011fi y\u0131llar sadece futbol kariyerinde de\u011fil, ayn\u0131 zamanda sanatsal y\u00f6n\u00fcnde de belirleyici oldu. Arkada\u015f \u00e7evresinin etkisiyle m\u00fczi\u011fe ilgi duymaya ba\u015flayan Efecan, evine k\u00fc\u00e7\u00fck bir st\u00fcdyo kurarak kendi \u015fark\u0131lar\u0131n\u0131 \u00fcretmeye ba\u015flad\u0131.<\/p>\n<p><img loading=\"lazy\" decoding=\"async\" class=\"alignnone wp-image-122845 \" src=\"https:\/\/www.tgrthaber.com\/mavikadin\/wp-content\/uploads\/Ekran-Resmi-2025-01-17-22.55.09.png\" alt=\"\" width=\"984\" height=\"572\" title=\"\" srcset=\"https:\/\/www.tgrthaber.com\/mavikadin\/wp-content\/uploads\/Ekran-Resmi-2025-01-17-22.55.09.png 946w, https:\/\/www.tgrthaber.com\/mavikadin\/wp-content\/uploads\/Ekran-Resmi-2025-01-17-22.55.09-300x174.png 300w, https:\/\/www.tgrthaber.com\/mavikadin\/wp-content\/uploads\/Ekran-Resmi-2025-01-17-22.55.09-768x447.png 768w\" sizes=\"(max-width: 984px) 100vw, 984px\" \/><\/p>\n<hr \/>\n<p class=\"p1\">Bu s\u00fcre\u00e7te underground tarzda m\u00fczikler yaparak \u00f6zg\u00fcnl\u00fc\u011f\u00fcn\u00fc ortaya koydu.2 y\u0131l Antalya\u2019da ya\u015fad\u0131ktan sonra \u0130stanbul\u2019a yerle\u015fen Efecan, burada hem futbol kariyerine hem de m\u00fczik tutkusuna devam etti. \u0130stanbul B\u00fcy\u00fck\u015fehir Belediyesi Spor Kul\u00fcb\u00fc ile anla\u015farak futbol ya\u015fam\u0131n\u0131 s\u00fcrd\u00fcr\u00fcrken, ayn\u0131 zamanda gece kul\u00fcplerinde DJ olarak sahne ald\u0131.<\/p>\n<p><img loading=\"lazy\" decoding=\"async\" class=\"alignnone wp-image-122847 \" src=\"https:\/\/www.tgrthaber.com\/mavikadin\/wp-content\/uploads\/Ekran-Resmi-2025-01-17-22.56.30.png\" alt=\"\" width=\"981\" height=\"606\" title=\"\" srcset=\"https:\/\/www.tgrthaber.com\/mavikadin\/wp-content\/uploads\/Ekran-Resmi-2025-01-17-22.56.30.png 916w, https:\/\/www.tgrthaber.com\/mavikadin\/wp-content\/uploads\/Ekran-Resmi-2025-01-17-22.56.30-300x185.png 300w, https:\/\/www.tgrthaber.com\/mavikadin\/wp-content\/uploads\/Ekran-Resmi-2025-01-17-22.56.30-768x475.png 768w\" sizes=\"(max-width: 981px) 100vw, 981px\" \/><\/p>\n<hr \/>\n<p class=\"p1\">Survivor All Star G\u00f6n\u00fcll\u00fcler sezonunda bu sene dikkat \u00e7eken yar\u0131\u015fmac\u0131lardan biri olan Efecan hayat hikayesiyle g\u00fcndem olmaya devam edecek gibi g\u00f6z\u00fck\u00fcyor.<\/p>\n","protected":false},"excerpt":{"rendered":"<p>Survivor 2025\u2019e yedeklerden kat\u0131lan Efecan Dianzenza, son b\u00f6l\u00fcmde payla\u015ft\u0131\u011f\u0131 etkileyici hayat hikayesiyle izleyicilerin dikkatini \u00e7ekti. As\u0131l ad\u0131n\u0131n Steven oldu\u011funu a\u00e7\u0131klayan Efecan, 3 ya\u015f\u0131nda T\u00fcrkiye\u2019ye getirildi\u011fini ve 27 ya\u015f\u0131nda babas\u0131yla tan\u0131\u015ft\u0131\u011f\u0131n\u0131 anlatt\u0131. Efecan\u2019\u0131n bu a\u00e7\u0131klamalar\u0131 k\u0131sa s\u00fcre i\u00e7erisinde g\u00fcndem oldu. <\/p>\n","protected":false},"author":16,"featured_media":122854,"comment_status":"closed","ping_status":"closed","sticky":false,"template":"","format":"standard","meta":{"rank_math_lock_modified_date":false,"footnotes":""},"categories":[101],"tags":[8396,8397,8395],"class_list":["post-122839","post","type-post","status-publish","format-standard","has-post-thumbnail","hentry","category-kesfet","tag-survivor-2025-efecan-babasi-kim","tag-survivor-2025-efecan-diezanza","tag-survivor-2025-efecan-gercek-ismi-ne"],"_links":{"self":[{"href":"https:\/\/www.tgrthaber.com\/mavikadin\/wp-json\/wp\/v2\/posts\/122839"}],"collection":[{"href":"https:\/\/www.tgrthaber.com\/mavikadin\/wp-json\/wp\/v2\/posts"}],"about":[{"href":"https:\/\/www.tgrthaber.com\/mavikadin\/wp-json\/wp\/v2\/types\/post"}],"author":[{"embeddable":true,"href":"https:\/\/www.tgrthaber.com\/mavikadin\/wp-json\/wp\/v2\/users\/16"}],"replies":[{"embeddable":true,"href":"https:\/\/www.tgrthaber.com\/mavikadin\/wp-json\/wp\/v2\/comments?post=122839"}],"version-history":[{"count":2,"href":"https:\/\/www.tgrthaber.com\/mavikadin\/wp-json\/wp\/v2\/posts\/122839\/revisions"}],"predecessor-version":[{"id":122857,"href":"https:\/\/www.tgrthaber.com\/mavikadin\/wp-json\/wp\/v2\/posts\/122839\/revisions\/122857"}],"wp:featuredmedia":[{"embeddable":true,"href":"https:\/\/www.tgrthaber.com\/mavikadin\/wp-json\/wp\/v2\/media\/122854"}],"wp:attachment":[{"href":"https:\/\/www.tgrthaber.com\/mavikadin\/wp-json\/wp\/v2\/media?parent=122839"}],"wp:term":[{"taxonomy":"category","embeddable":true,"href":"https:\/\/www.tgrthaber.com\/mavikadin\/wp-json\/wp\/v2\/categories?post=122839"},{"taxonomy":"post_tag","embeddable":true,"href":"https:\/\/www.tgrthaber.com\/mavikadin\/wp-json\/wp\/v2\/tags?post=122839"}],"curies":[{"name":"wp","href":"https:\/\/api.w.org\/{rel}","templated":true}]}}