{"id":122897,"date":"2025-01-18T01:52:28","date_gmt":"2025-01-17T22:52:28","guid":{"rendered":"https:\/\/www.tgrthaber.com\/mavikadin\/?p=122897"},"modified":"2025-01-18T01:52:28","modified_gmt":"2025-01-17T22:52:28","slug":"feyza-civelek-kizilcik-serbeti-dizisinin-senaryosunu-acikladi","status":"publish","type":"post","link":"https:\/\/www.tgrthaber.com\/mavikadin\/feyza-civelek-kizilcik-serbeti-dizisinin-senaryosunu-acikladi\/","title":{"rendered":"Feyza Civelek &#8216;K\u0131z\u0131lc\u0131k \u015eerbeti&#8217; dizisinin senaryosunu a\u00e7\u0131klad\u0131!"},"content":{"rendered":"<p>Yeni b\u00f6l\u00fcmde \u00f6lece\u011fi ve diziden ayr\u0131laca\u011f\u0131 iddia edilen K\u0131z\u0131lc\u0131k \u015eerbeti dizisinin Nilay&#8217;\u0131 Feyza Civelek, dizinin senaryosunu a\u00e7\u0131klad\u0131. O anlar sosyal medyada geni\u015f yank\u0131 uyand\u0131rd\u0131. \u0130\u015fte ayr\u0131nt\u0131lar&#8230;<\/p>\n<h3>FEYZA C\u0130VELEK &#8216;KIZILCIK \u015eERBET\u0130&#8217; D\u0130Z\u0130S\u0130N\u0130N SENARYOSUNU A\u00c7IKLADI<\/h3>\n<p>&#8216;K\u0131z\u0131lc\u0131k \u015eerbeti&#8217; dizisinde Nilay rol\u00fcn\u00fc oynayan Feyza Civelek, hikayeye dair \u00f6nemli detaylar\u0131 ortaya \u00e7\u0131kard\u0131. Son b\u00f6l\u00fcmde yang\u0131n sonras\u0131 Nilay&#8217;\u0131n &#8220;hayatta kal\u0131p kalamayaca\u011f\u0131&#8221; merak konusu olmu\u015ftu. Civelek&#8217;in \u00f6lmedi\u011fi ve diziye devam etti\u011fi bu ak\u015fam yay\u0131nlanan b\u00f6l\u00fcmde ortaya \u00e7\u0131kt\u0131. Soluksuz izlenen 84. b\u00f6l\u00fcm\u00fcn ard\u0131ndan, \u00fcnl\u00fc oyuncu Feyzaa Civelek&#8217;ten senaryo payla\u015f\u0131m\u0131 geldi. \u00dcnl\u00fc isim, 85. b\u00f6l\u00fcm\u00fcn senaryosundan bir k\u0131sm\u0131 if\u015fa etti.<\/p>\n<figure id=\"attachment_122898\" aria-describedby=\"caption-attachment-122898\" style=\"width: 1208px\" class=\"wp-caption alignnone\"><img loading=\"lazy\" decoding=\"async\" class=\"size-full wp-image-122898\" src=\"https:\/\/www.tgrthaber.com\/mavikadin\/wp-content\/uploads\/dfs-2.jpg\" alt=\"K\u0131z\u0131lc\u0131k \u015eerbeti\" width=\"1208\" height=\"680\" title=\"\" srcset=\"https:\/\/www.tgrthaber.com\/mavikadin\/wp-content\/uploads\/dfs-2.jpg 1208w, https:\/\/www.tgrthaber.com\/mavikadin\/wp-content\/uploads\/dfs-2-300x169.jpg 300w, https:\/\/www.tgrthaber.com\/mavikadin\/wp-content\/uploads\/dfs-2-1024x576.jpg 1024w, https:\/\/www.tgrthaber.com\/mavikadin\/wp-content\/uploads\/dfs-2-768x432.jpg 768w\" sizes=\"(max-width: 1208px) 100vw, 1208px\" \/><figcaption id=\"caption-attachment-122898\" class=\"wp-caption-text\">K\u0131z\u0131lc\u0131k \u015eerbeti<\/figcaption><\/figure>\n<hr \/>\n<h3>YEN\u0130 B\u00d6L\u00dcMDE F\u0130RAZ A\u015eKINI \u0130T\u0130RAF ED\u0130YOR<\/h3>\n<p>Karakteri gere\u011fi iyile\u015ferek hayranlar\u0131na s\u00fcrpriz yapan Civelek, Instagram hesab\u0131nda, &#8220;Hayatta kald\u0131k ve geri d\u00f6nd\u00fck&#8221; notuyla bir g\u00f6nderi payla\u015farak yeni b\u00f6l\u00fcm senaryosunun bir k\u0131sm\u0131n\u0131 a\u00e7\u0131klad\u0131. Payla\u015f\u0131lan senaryoda, Firaz\u2019\u0131n Nursema\u2019ya a\u015fk\u0131n\u0131 itiraf etti\u011fi ve Nursema&#8217;y\u0131 \u00f6pt\u00fc\u011f\u00fcne dair bir sahnenin yer ald\u0131\u011f\u0131 g\u00f6r\u00fcld\u00fc.<\/p>\n<p><img loading=\"lazy\" decoding=\"async\" class=\"alignnone size-full wp-image-122899\" src=\"https:\/\/www.tgrthaber.com\/mavikadin\/wp-content\/uploads\/dfsc.jpg\" alt=\"\" width=\"1208\" height=\"680\" title=\"\" srcset=\"https:\/\/www.tgrthaber.com\/mavikadin\/wp-content\/uploads\/dfsc.jpg 1208w, https:\/\/www.tgrthaber.com\/mavikadin\/wp-content\/uploads\/dfsc-300x169.jpg 300w, https:\/\/www.tgrthaber.com\/mavikadin\/wp-content\/uploads\/dfsc-1024x576.jpg 1024w, https:\/\/www.tgrthaber.com\/mavikadin\/wp-content\/uploads\/dfsc-768x432.jpg 768w\" sizes=\"(max-width: 1208px) 100vw, 1208px\" \/><\/p>\n<hr \/>\n<h3>KIZILCIK \u015eERBET\u0130 85. B\u00d6L\u00dcM FRAGMANI \u0130ZLEY\u0130C\u0130YLE BULU\u015eTU<\/h3>\n<p>K\u0131z\u0131lc\u0131k \u015eerbeti 85. b\u00f6l\u00fcm fragman\u0131 yay\u0131nland\u0131. Yeni b\u00f6l\u00fcmde heyecan dorukta. Fatih ve Do\u011fa&#8217;n\u0131n ili\u015fkileri boyut atl\u0131yor. Do\u011fa, Fatih&#8217;in de\u011fi\u015fimine \u015fa\u015f\u0131r\u0131rken, bu durumdan olduk\u00e7a mutlu oldu\u011funu itiraf ediyor. Di\u011fer taraftan a\u015fk\u0131n\u0131 itiraf etti\u011fi d\u00fc\u015f\u00fcn\u00fclen Nursema&#8217;n\u0131n a\u011flad\u0131\u011f\u0131 sahneler ve annesi Pembe ile olan diyaloglar\u0131 yeni b\u00f6l\u00fcm fragman\u0131na damga vuruyor. Yeni b\u00f6l\u00fcm\u00fcn en \u00e7arp\u0131c\u0131 haberi ise K\u0131v\u0131lc\u0131m&#8217;dan geliyor. K\u0131v\u0131lc\u0131m, doktorundan hamilelik haberini alarak hayat\u0131n\u0131n \u015fokunu ya\u015f\u0131yor.<\/p>\n<div style=\"width: 640px;\" class=\"wp-video\"><!--[if lt IE 9]><script>document.createElement('video');<\/script><![endif]-->\n<video class=\"wp-video-shortcode\" id=\"video-122897-1\" width=\"640\" height=\"360\" preload=\"metadata\" controls=\"controls\"><source type=\"video\/mp4\" src=\"https:\/\/www.tgrthaber.com\/mavikadin\/wp-content\/uploads\/kizilcik-serbeti-7.mp4?_=1\" \/><a href=\"https:\/\/www.tgrthaber.com\/mavikadin\/wp-content\/uploads\/kizilcik-serbeti-7.mp4\">https:\/\/www.tgrthaber.com\/mavikadin\/wp-content\/uploads\/kizilcik-serbeti-7.mp4<\/a><\/video><\/div>\n","protected":false},"excerpt":{"rendered":"<p>K\u0131z\u0131lc\u0131k \u015eerbeti, cuma gecesine damga vurdu. Dizide Nihal rol\u00fcn\u00fc oynayan Feyza Civelek&#8217;in \u00f6lmedi\u011finin ortaya \u00e7\u0131kmas\u0131n\u0131n ard\u0131ndan, \u00fcnl\u00fc oyuncudan \u015fa\u015f\u0131rtan bir payla\u015f\u0131m geldi. Civelek, 85. b\u00f6l\u00fcmden senaryonun bir k\u0131sm\u0131n\u0131 if\u015fa etti.<\/p>\n","protected":false},"author":2,"featured_media":122901,"comment_status":"closed","ping_status":"closed","sticky":false,"template":"","format":"standard","meta":{"rank_math_lock_modified_date":false,"footnotes":""},"categories":[602],"tags":[2650,157,133,2218],"class_list":["post-122897","post","type-post","status-publish","format-standard","has-post-thumbnail","hentry","category-diziler","tag-feyza-civelek","tag-kizilcik-serbeti","tag-magazin","tag-magazin-haberleri"],"_links":{"self":[{"href":"https:\/\/www.tgrthaber.com\/mavikadin\/wp-json\/wp\/v2\/posts\/122897"}],"collection":[{"href":"https:\/\/www.tgrthaber.com\/mavikadin\/wp-json\/wp\/v2\/posts"}],"about":[{"href":"https:\/\/www.tgrthaber.com\/mavikadin\/wp-json\/wp\/v2\/types\/post"}],"author":[{"embeddable":true,"href":"https:\/\/www.tgrthaber.com\/mavikadin\/wp-json\/wp\/v2\/users\/2"}],"replies":[{"embeddable":true,"href":"https:\/\/www.tgrthaber.com\/mavikadin\/wp-json\/wp\/v2\/comments?post=122897"}],"version-history":[{"count":1,"href":"https:\/\/www.tgrthaber.com\/mavikadin\/wp-json\/wp\/v2\/posts\/122897\/revisions"}],"predecessor-version":[{"id":122902,"href":"https:\/\/www.tgrthaber.com\/mavikadin\/wp-json\/wp\/v2\/posts\/122897\/revisions\/122902"}],"wp:featuredmedia":[{"embeddable":true,"href":"https:\/\/www.tgrthaber.com\/mavikadin\/wp-json\/wp\/v2\/media\/122901"}],"wp:attachment":[{"href":"https:\/\/www.tgrthaber.com\/mavikadin\/wp-json\/wp\/v2\/media?parent=122897"}],"wp:term":[{"taxonomy":"category","embeddable":true,"href":"https:\/\/www.tgrthaber.com\/mavikadin\/wp-json\/wp\/v2\/categories?post=122897"},{"taxonomy":"post_tag","embeddable":true,"href":"https:\/\/www.tgrthaber.com\/mavikadin\/wp-json\/wp\/v2\/tags?post=122897"}],"curies":[{"name":"wp","href":"https:\/\/api.w.org\/{rel}","templated":true}]}}