{"id":122920,"date":"2025-01-18T08:59:50","date_gmt":"2025-01-18T05:59:50","guid":{"rendered":"https:\/\/www.tgrthaber.com\/mavikadin\/?p=122920"},"modified":"2025-01-18T08:59:50","modified_gmt":"2025-01-18T05:59:50","slug":"seda-sayan-dubaiye-tasinacaklari-iddiasina-yanit-verdi","status":"publish","type":"post","link":"https:\/\/www.tgrthaber.com\/mavikadin\/seda-sayan-dubaiye-tasinacaklari-iddiasina-yanit-verdi\/","title":{"rendered":"Seda Sayan Dubai\u2019ye ta\u015f\u0131nacaklar\u0131 iddias\u0131na yan\u0131t verdi!"},"content":{"rendered":"<p>\u00dcnl\u00fc sanat\u00e7\u0131 Seda Sayan ve e\u015fi \u00c7a\u011flar \u00d6kten, l\u00fcks villalar\u0131n\u0131 7 milyon dolara sat\u0131\u015fa \u00e7\u0131kard\u0131klar\u0131 haberleriyle g\u00fcndeme gelmi\u015fti. Dubai&#8217;ye yerle\u015fecekleri konu\u015fulan \u00e7ift, ta\u015f\u0131nma iddialar\u0131na yan\u0131t verdi. Seda Sayan, bir mek\u00e2n \u00e7\u0131k\u0131\u015f\u0131 yapt\u0131\u011f\u0131 a\u00e7\u0131klamada, villalar\u0131n\u0131 sat\u0131\u015fa \u00e7\u0131karmalar\u0131n\u0131n seyahat planlar\u0131yla ilgili oldu\u011funu belirtti. \u00c7iftin gelecekteki planlar\u0131 hakk\u0131nda net bir a\u00e7\u0131klama yapmazken takip\u00e7ilerini merakta b\u0131rakt\u0131.<\/p>\n<h3>SEDA SAYAN T\u00dcRK\u0130YE\u2019DEN AYRILIYOR MU?<\/h3>\n<p>T\u00fcrk televizyonunun sevilen ismi Seda Sayan, e\u015fi \u00c7a\u011flar \u00d6kten&#8217;in ile T\u00fcrkiye&#8217;yi terk ederek Dubai&#8217;ye yerle\u015fme karar\u0131, hayranlar\u0131n\u0131 \u015fa\u015f\u0131rtt\u0131. \u00dcnl\u00fc sanat\u00e7\u0131n\u0131n kozmetik firmas\u0131 ile yapm\u0131\u015f oldu\u011fu i\u015f anla\u015fmas\u0131n\u0131n etkisiyle ald\u0131\u011f\u0131 bu karar, Sar\u0131yer&#8217;deki l\u00fcks villas\u0131n\u0131n sat\u0131\u015fa \u00e7\u0131kar\u0131lmas\u0131yla da somut ad\u0131mlarla ortaya \u00e7\u0131kt\u0131. 7 milyon dolara al\u0131c\u0131 bulacak olan villalar\u0131n\u0131n yan\u0131 s\u0131ra, oturduklar\u0131 sitedeki kom\u015fular\u0131na veda ederken duygusal anlar ya\u015fayan \u00e7iftin Dubai maceras\u0131 merak konusu oldu.<\/p>\n<p><img loading=\"lazy\" decoding=\"async\" class=\"alignnone wp-image-122921\" src=\"https:\/\/www.tgrthaber.com\/mavikadin\/wp-content\/uploads\/seda-sayan-dubaiye-tasinacak-mi-300x169.jpg\" alt=\"seda sayan dubai&#039;ye ta\u015f\u0131nacak m\u0131\" width=\"1208\" height=\"680\" title=\"\" srcset=\"https:\/\/www.tgrthaber.com\/mavikadin\/wp-content\/uploads\/seda-sayan-dubaiye-tasinacak-mi-300x169.jpg 300w, https:\/\/www.tgrthaber.com\/mavikadin\/wp-content\/uploads\/seda-sayan-dubaiye-tasinacak-mi-1024x576.jpg 1024w, https:\/\/www.tgrthaber.com\/mavikadin\/wp-content\/uploads\/seda-sayan-dubaiye-tasinacak-mi-768x432.jpg 768w, https:\/\/www.tgrthaber.com\/mavikadin\/wp-content\/uploads\/seda-sayan-dubaiye-tasinacak-mi-1536x864.jpg 1536w, https:\/\/www.tgrthaber.com\/mavikadin\/wp-content\/uploads\/seda-sayan-dubaiye-tasinacak-mi.jpg 1920w\" sizes=\"(max-width: 1208px) 100vw, 1208px\" \/><\/p>\n<hr \/>\n<h3>SEDA SAYAN DUBA\u0130 \u0130DD\u0130ALARINI YANITLADI<\/h3>\n<p>\u00dcnl\u00fc \u015fark\u0131c\u0131 ve televizyon sunucusu Seda Sayan ile e\u015fi \u00c7a\u011flar \u00d6kten, ge\u00e7ti\u011fimiz g\u00fcn bir mekan \u00e7\u0131k\u0131\u015f\u0131nda bas\u0131n mensuplar\u0131yla kar\u015f\u0131la\u015ft\u0131. Gazetecilerin Dubai&#8217;ye ta\u015f\u0131nacaklar\u0131 y\u00f6n\u00fcndeki iddialar\u0131 sormas\u0131 \u00fczerine Seda Sayan, \u201cyoo yoo \u00f6yle bir \u015fey yok\u201d diyerek iddialar\u0131n as\u0131ls\u0131z oldu\u011funu belirterek bu konuda herhangi bir planlar\u0131n\u0131n olmad\u0131\u011f\u0131n\u0131 a\u00e7\u0131klad\u0131.<\/p>\n<p>Sosyal medyada h\u0131zla yay\u0131lan spek\u00fclasyonlara net bir yan\u0131t veren \u00fcnl\u00fc \u00e7ift, hayranlar\u0131n\u0131 rahatlatt\u0131. Seda Sayan, keyifli bir \u015fekilde mek\u00e2ndan ayr\u0131l\u0131rken ba\u015f\u0131ndan a\u015fa\u011f\u0131 k\u0131rm\u0131z\u0131 g\u00fcllerin d\u00f6k\u00fcld\u00fc\u011f\u00fc kadrajlardan ka\u00e7mad\u0131.<\/p>\n","protected":false},"excerpt":{"rendered":"<p>\u00dcnl\u00fc sanat\u00e7\u0131 Seda Sayan ve e\u015fi \u00c7a\u011flar \u00d6kten, ge\u00e7ti\u011fimiz g\u00fcnlerde ya\u015fad\u0131klar\u0131 l\u00fcks villay\u0131 7 milyon dolara sat\u0131\u015fa \u00e7\u0131karm\u0131\u015ft\u0131. Dubai\u2019ye yerle\u015fecekleri konu\u015fulan Seda Sayan ve \u00c7a\u011flar \u00d6kten \u00e7iftin, ta\u015f\u0131nma iddialar\u0131na cevap verdi. <\/p>\n","protected":false},"author":10,"featured_media":122922,"comment_status":"closed","ping_status":"closed","sticky":false,"template":"","format":"standard","meta":{"rank_math_lock_modified_date":false,"footnotes":""},"categories":[76],"tags":[2812,2811,8440],"class_list":["post-122920","post","type-post","status-publish","format-standard","has-post-thumbnail","hentry","category-magazin","tag-caglar-okten","tag-seda-sayan","tag-seda-sayan-dubai"],"_links":{"self":[{"href":"https:\/\/www.tgrthaber.com\/mavikadin\/wp-json\/wp\/v2\/posts\/122920"}],"collection":[{"href":"https:\/\/www.tgrthaber.com\/mavikadin\/wp-json\/wp\/v2\/posts"}],"about":[{"href":"https:\/\/www.tgrthaber.com\/mavikadin\/wp-json\/wp\/v2\/types\/post"}],"author":[{"embeddable":true,"href":"https:\/\/www.tgrthaber.com\/mavikadin\/wp-json\/wp\/v2\/users\/10"}],"replies":[{"embeddable":true,"href":"https:\/\/www.tgrthaber.com\/mavikadin\/wp-json\/wp\/v2\/comments?post=122920"}],"version-history":[{"count":1,"href":"https:\/\/www.tgrthaber.com\/mavikadin\/wp-json\/wp\/v2\/posts\/122920\/revisions"}],"predecessor-version":[{"id":122923,"href":"https:\/\/www.tgrthaber.com\/mavikadin\/wp-json\/wp\/v2\/posts\/122920\/revisions\/122923"}],"wp:featuredmedia":[{"embeddable":true,"href":"https:\/\/www.tgrthaber.com\/mavikadin\/wp-json\/wp\/v2\/media\/122922"}],"wp:attachment":[{"href":"https:\/\/www.tgrthaber.com\/mavikadin\/wp-json\/wp\/v2\/media?parent=122920"}],"wp:term":[{"taxonomy":"category","embeddable":true,"href":"https:\/\/www.tgrthaber.com\/mavikadin\/wp-json\/wp\/v2\/categories?post=122920"},{"taxonomy":"post_tag","embeddable":true,"href":"https:\/\/www.tgrthaber.com\/mavikadin\/wp-json\/wp\/v2\/tags?post=122920"}],"curies":[{"name":"wp","href":"https:\/\/api.w.org\/{rel}","templated":true}]}}