{"id":122924,"date":"2025-01-18T09:32:57","date_gmt":"2025-01-18T06:32:57","guid":{"rendered":"https:\/\/www.tgrthaber.com\/mavikadin\/?p=122924"},"modified":"2025-01-18T09:32:57","modified_gmt":"2025-01-18T06:32:57","slug":"cem-ozer-muhabir-dizisinin-kanal-koordinatoru-halim-karakteriyle-donuyor","status":"publish","type":"post","link":"https:\/\/www.tgrthaber.com\/mavikadin\/cem-ozer-muhabir-dizisinin-kanal-koordinatoru-halim-karakteriyle-donuyor\/","title":{"rendered":"Cem \u00d6zer Muhabir dizisinin kanal koordinat\u00f6r\u00fc Halim karakteriyle d\u00f6n\u00fcyor!"},"content":{"rendered":"<p>TRT Tabii\u2019nin iddial\u0131 yap\u0131mlar\u0131ndan biri olan \u201cMuhabir\u201d dizisinin \u00e7ekimleri \u015fubat ay\u0131nda ba\u015flayacak. Dizinin y\u00f6netmen koltu\u011funda, ayn\u0131 zamanda senaryosunu da yazan Emrah Agu\u015f bulunuyor. Serdar \u00d6\u011fretici\u2019nin yap\u0131mc\u0131l\u0131\u011f\u0131n\u0131 \u00fcstlendi\u011fi projenin izleyicileri heyecanland\u0131raca\u011f\u0131 kesin gibi g\u00f6r\u00fcn\u00fcyor. Emrah Agu\u015f&#8217;un yetenekli ellerinden \u00e7\u0131kacak olan senaryo ve y\u00f6netmenli\u011fi ile dikkat \u00e7eken yap\u0131m\u0131n, TRT Tabii ekranlar\u0131nda b\u00fcy\u00fck ilgi g\u00f6rmesi bekleniyor.<\/p>\n<h3>MUHAB\u0130R D\u0130Z\u0130S\u0130NE CEM \u00d6ZER\u2019DE DAH\u0130L OLDU<\/h3>\n<p>Televizyon d\u00fcnyas\u0131n\u0131n ba\u015far\u0131l\u0131 ismi Cem \u00d6zer, yeni projesi Muhabir dizisinde Halim \u00c7ift\u00e7i karakterine hayat verecek. Dizide kanal koordinat\u00f6r\u00fc olarak izleyicilerin kar\u015f\u0131s\u0131na \u00e7\u0131kacak olan \u00d6zer, ayn\u0131 zamanda tabii&#8217;nin heyecanla beklenen dizilerinden Altayda&#8217;da da ElCezeri rol\u00fcn\u00fc canland\u0131rmas\u0131yla dikkatleri \u00fczerine \u00e7ekiyor.<\/p>\n<p>Cem \u00d6zer&#8217;in makyajla gen\u00e7le\u015ftirilerek ek sahnelerin \u00e7ekildi\u011fi bu projede nas\u0131l bir performans sergileyece\u011fi ise merak konusu. Cem \u00d6zer\u2019in bu roldeki performans\u0131 ve hik\u00e2yeye kataca\u011f\u0131 derinlikle \u201cMuhabir\u201d dizisinin izleyiciyi ekrana kilitleyece\u011fi \u015fimdiden konu\u015fuluyor. Hayranlar\u0131 b\u00fcy\u00fck bir heyecanla onun yeni karakterini ve hik\u00e2yesini izlemeyi bekliyor.<\/p>\n<p><img loading=\"lazy\" decoding=\"async\" class=\"alignnone wp-image-122926\" src=\"https:\/\/www.tgrthaber.com\/mavikadin\/wp-content\/uploads\/muhabir-dizisine-cem-ozer-dahil-oldu-300x169.jpg\" alt=\"muhabir dizisine cem \u00f6zer dahil oldu\" width=\"1208\" height=\"680\" title=\"\" srcset=\"https:\/\/www.tgrthaber.com\/mavikadin\/wp-content\/uploads\/muhabir-dizisine-cem-ozer-dahil-oldu-300x169.jpg 300w, https:\/\/www.tgrthaber.com\/mavikadin\/wp-content\/uploads\/muhabir-dizisine-cem-ozer-dahil-oldu-1024x576.jpg 1024w, https:\/\/www.tgrthaber.com\/mavikadin\/wp-content\/uploads\/muhabir-dizisine-cem-ozer-dahil-oldu-768x432.jpg 768w, https:\/\/www.tgrthaber.com\/mavikadin\/wp-content\/uploads\/muhabir-dizisine-cem-ozer-dahil-oldu-1536x864.jpg 1536w, https:\/\/www.tgrthaber.com\/mavikadin\/wp-content\/uploads\/muhabir-dizisine-cem-ozer-dahil-oldu.jpg 1920w\" sizes=\"(max-width: 1208px) 100vw, 1208px\" \/><\/p>\n<hr \/>\n<h3>MUHAB\u0130R D\u0130Z\u0130S\u0130 KONUSU<\/h3>\n<p>2025 y\u0131l\u0131n\u0131n \u015eubat ay\u0131nda ekranlarda izleyicilerle bulu\u015facak olan Muhabir adl\u0131 dizi, habercilik d\u00fcnyas\u0131n\u0131n i\u00e7inden komik ve e\u011flenceli bir hik\u00e2yeyi seyircilere sunmaya haz\u0131rlan\u0131yor. \u0130\u015f yerindeki rekabetin, dostlu\u011fun ve bas\u0131n d\u00fcnyas\u0131nda ya\u015fanan abs\u00fcrt olaylar\u0131n i\u015flendi\u011fi dizi, kahkaha dolu anlar vaat ediyor.<\/p>\n<p>\u0130ki muhabir karakterinin kariyer yolculuklar\u0131na e\u011flenceli bir bak\u0131\u015f a\u00e7\u0131s\u0131 getiren yap\u0131m, seyircileri hem g\u00fcld\u00fcr\u00fcp hem de d\u00fc\u015f\u00fcnd\u00fcrecek. Muhabir dizisi, ilk sezonunda 10 b\u00f6l\u00fcm boyunca izleyicileri ekran ba\u015f\u0131na kilitlemeye haz\u0131rlan\u0131yor.<\/p>\n<p><img loading=\"lazy\" decoding=\"async\" class=\"alignnone wp-image-122927\" src=\"https:\/\/www.tgrthaber.com\/mavikadin\/wp-content\/uploads\/muhabir-dizisi-oyuncu-kadrosu-300x169.jpg\" alt=\"muhabir dizisi oyuncu kadrosu\" width=\"1208\" height=\"680\" title=\"\" srcset=\"https:\/\/www.tgrthaber.com\/mavikadin\/wp-content\/uploads\/muhabir-dizisi-oyuncu-kadrosu-300x169.jpg 300w, https:\/\/www.tgrthaber.com\/mavikadin\/wp-content\/uploads\/muhabir-dizisi-oyuncu-kadrosu-1024x576.jpg 1024w, https:\/\/www.tgrthaber.com\/mavikadin\/wp-content\/uploads\/muhabir-dizisi-oyuncu-kadrosu-768x432.jpg 768w, https:\/\/www.tgrthaber.com\/mavikadin\/wp-content\/uploads\/muhabir-dizisi-oyuncu-kadrosu-1536x864.jpg 1536w, https:\/\/www.tgrthaber.com\/mavikadin\/wp-content\/uploads\/muhabir-dizisi-oyuncu-kadrosu.jpg 1920w\" sizes=\"(max-width: 1208px) 100vw, 1208px\" \/><\/p>\n<hr \/>\n<h3>MUHAB\u0130R D\u0130Z\u0130S\u0130 OYUNCU KADROSU<\/h3>\n<p>Ocak ay\u0131nda \u00e7ekimleri ba\u015flayan Muhabir dizisinin oyuncu kadrosuna usta isimler d\u00e2hil olmaya devam ediyor. \u015eubat ay\u0131nda yay\u0131n hayat\u0131na ba\u015flayacak olan Muhabir dizisinin oyuncular\u0131<\/p>\n<ul>\n<li>Furkan And\u0131n\u00e7 \u2013 Bekir karakteri<\/li>\n<li>Ahmet K\u00fcr\u015fat \u00d6\u00e7alan \u2013 U\u011fur karakteri<\/li>\n<li>Cem \u00d6zer &#8211; Halim karakteri<\/li>\n<\/ul>\n","protected":false},"excerpt":{"rendered":"<p>TRT Tabii\u2019nin iddial\u0131 yap\u0131m\u0131 \u201cMuhabir\u201d dizisinde Cem \u00d6zer\u2019in Halim \u00c7ift\u00e7i karakteriyle ekranlara d\u00f6n\u00fc\u015f\u00fc seyirciler aras\u0131nda b\u00fcy\u00fck heyecan yaratt\u0131. Deneyimli oyuncunun kanal koordinat\u00f6r\u00fc olarak izleyicilerle bulu\u015faca\u011f\u0131 yeni proje, dizi tutkunlar\u0131 taraf\u0131ndan merakla bekleniyor. <\/p>\n","protected":false},"author":10,"featured_media":122925,"comment_status":"closed","ping_status":"closed","sticky":false,"template":"","format":"standard","meta":{"rank_math_lock_modified_date":false,"footnotes":""},"categories":[602],"tags":[6976,8442,8441,8443],"class_list":["post-122924","post","type-post","status-publish","format-standard","has-post-thumbnail","hentry","category-diziler","tag-cem-ozer","tag-cem-ozer-halim-karakteri","tag-cem-ozer-muhabir-dizisi","tag-muhabir-dizisi"],"_links":{"self":[{"href":"https:\/\/www.tgrthaber.com\/mavikadin\/wp-json\/wp\/v2\/posts\/122924"}],"collection":[{"href":"https:\/\/www.tgrthaber.com\/mavikadin\/wp-json\/wp\/v2\/posts"}],"about":[{"href":"https:\/\/www.tgrthaber.com\/mavikadin\/wp-json\/wp\/v2\/types\/post"}],"author":[{"embeddable":true,"href":"https:\/\/www.tgrthaber.com\/mavikadin\/wp-json\/wp\/v2\/users\/10"}],"replies":[{"embeddable":true,"href":"https:\/\/www.tgrthaber.com\/mavikadin\/wp-json\/wp\/v2\/comments?post=122924"}],"version-history":[{"count":1,"href":"https:\/\/www.tgrthaber.com\/mavikadin\/wp-json\/wp\/v2\/posts\/122924\/revisions"}],"predecessor-version":[{"id":122928,"href":"https:\/\/www.tgrthaber.com\/mavikadin\/wp-json\/wp\/v2\/posts\/122924\/revisions\/122928"}],"wp:featuredmedia":[{"embeddable":true,"href":"https:\/\/www.tgrthaber.com\/mavikadin\/wp-json\/wp\/v2\/media\/122925"}],"wp:attachment":[{"href":"https:\/\/www.tgrthaber.com\/mavikadin\/wp-json\/wp\/v2\/media?parent=122924"}],"wp:term":[{"taxonomy":"category","embeddable":true,"href":"https:\/\/www.tgrthaber.com\/mavikadin\/wp-json\/wp\/v2\/categories?post=122924"},{"taxonomy":"post_tag","embeddable":true,"href":"https:\/\/www.tgrthaber.com\/mavikadin\/wp-json\/wp\/v2\/tags?post=122924"}],"curies":[{"name":"wp","href":"https:\/\/api.w.org\/{rel}","templated":true}]}}