{"id":122935,"date":"2025-01-18T09:58:06","date_gmt":"2025-01-18T06:58:06","guid":{"rendered":"https:\/\/www.tgrthaber.com\/mavikadin\/?p=122935"},"modified":"2025-01-18T09:58:06","modified_gmt":"2025-01-18T06:58:06","slug":"kurulus-osman-dizisinde-lucas-karakterini-oynayan-ozgur-cevik-veda-ediyor","status":"publish","type":"post","link":"https:\/\/www.tgrthaber.com\/mavikadin\/kurulus-osman-dizisinde-lucas-karakterini-oynayan-ozgur-cevik-veda-ediyor\/","title":{"rendered":"Kurulu\u015f Osman dizisinde Lucas karakterini oynayan \u00d6zg\u00fcr \u00c7evik veda ediyor!"},"content":{"rendered":"<p>ATV&#8217;nin b\u00fcy\u00fck bir ilgiyle takip edilen dizisi Kurulu\u015f Osman, alt\u0131nc\u0131 sezonuyla izleyicileri yine ekran ba\u015f\u0131na kilitlemeye devam ediyor. Ahmet Y\u0131lmaz&#8217;\u0131n ba\u015far\u0131l\u0131 y\u00f6netmenli\u011finde \u00e7ekilen dizi, sezon ba\u015f\u0131nda Lukas karakteriyle hayranlar\u0131yla bulu\u015fan \u00d6zg\u00fcr \u00c7evik&#8217;in projeden ayr\u0131lma karar\u0131 almas\u0131yla g\u00fcndemde. Ani ayr\u0131l\u0131k, dizinin gelece\u011fi ve hikayenin nas\u0131l \u015fekillenece\u011fi konusunda merak uyand\u0131r\u0131rken, izleyicilerin heyecanla bekledi\u011fi yeni geli\u015fmelerin neler olaca\u011f\u0131 ise \u015fimdiden konu\u015fulmaya ba\u015fland\u0131.<\/p>\n<h3>LUCAS, VEDA ED\u0130YOR!<\/h3>\n<p>\u00d6zg\u00fcr \u00c7evik&#8217;in canland\u0131rd\u0131\u011f\u0131 Lukas karakterinin diziden ayr\u0131laca\u011f\u0131 s\u00f6ylentileri giderek g\u00fc\u00e7leniyor. Sosyal medyada ve set kulislerinde bu konu hakk\u0131nda yo\u011fun spek\u00fclasyonlar yap\u0131l\u0131yor. Lukas&#8217;\u0131n diziden ayr\u0131lmas\u0131, hem karakterin hem de hik\u00e2yenin gelece\u011fi \u00fczerinde belirsizlik olu\u015fturuyor. Dizinin hayranlar\u0131 Lukas&#8217;\u0131n diziye veda edip etmeyece\u011fi konusunda endi\u015feli bekleyi\u015f i\u00e7indeler.<\/p>\n<p>Kurulu\u015f Osman dizisinin yap\u0131m ekibinin bu de\u011fi\u015fikli\u011fi nas\u0131l i\u015fleyece\u011fi de b\u00fcy\u00fck bir merak konusu haline geldi. \u0130zleyicilerin g\u00f6zleri \u015fimdi dizideki yeni geli\u015fmelere \u00e7evrildi.<\/p>\n<p><img loading=\"lazy\" decoding=\"async\" class=\"alignnone wp-image-122937\" src=\"https:\/\/www.tgrthaber.com\/mavikadin\/wp-content\/uploads\/ozgur-cevik-kurulus-osman-dizisne-veda-ediyor-300x169.jpg\" alt=\"\u00f6zg\u00fcr \u00e7evik kurulu\u015f osman dizisne veda ediyor\" width=\"1208\" height=\"680\" title=\"\" srcset=\"https:\/\/www.tgrthaber.com\/mavikadin\/wp-content\/uploads\/ozgur-cevik-kurulus-osman-dizisne-veda-ediyor-300x169.jpg 300w, https:\/\/www.tgrthaber.com\/mavikadin\/wp-content\/uploads\/ozgur-cevik-kurulus-osman-dizisne-veda-ediyor-1024x576.jpg 1024w, https:\/\/www.tgrthaber.com\/mavikadin\/wp-content\/uploads\/ozgur-cevik-kurulus-osman-dizisne-veda-ediyor-768x432.jpg 768w, https:\/\/www.tgrthaber.com\/mavikadin\/wp-content\/uploads\/ozgur-cevik-kurulus-osman-dizisne-veda-ediyor-1536x864.jpg 1536w, https:\/\/www.tgrthaber.com\/mavikadin\/wp-content\/uploads\/ozgur-cevik-kurulus-osman-dizisne-veda-ediyor.jpg 1920w\" sizes=\"(max-width: 1208px) 100vw, 1208px\" \/><\/p>\n<hr \/>\n<h3>D\u0130Z\u0130YE \u0130K\u0130 YEN\u0130 KARAKTER GELECEK<\/h3>\n<p>T\u00fcrkiye&#8217;nin sevilen oyuncusu Burak \u00d6z\u00e7ivit&#8217;in ba\u015frol\u00fcnde yer ald\u0131\u011f\u0131 Kurulu\u015f Osman dizisi, izleyicileri \u015fa\u015f\u0131rtmaya haz\u0131rlan\u0131yor. Yak\u0131nda ya\u015fanacak s\u00fcrpriz ayr\u0131l\u0131\u011f\u0131n yan\u0131 s\u0131ra, ekip i\u00e7erisine kat\u0131lacak iki yeni oyuncuyla da g\u00fcndemde. Dizinin heyecanla beklenen b\u00f6l\u00fcmlerinde neler olaca\u011f\u0131 merak konusu oldu.<\/p>\n<p>Oyuncu kadrosuna yap\u0131lacak bu \u00f6nemli eklemelerle birlikte, izleyicilere unutulmaz anlar ya\u015fatacak gibi g\u00f6r\u00fcn\u00fcyor. Heyecanla beklenen geli\u015fmelerle birlikte dizi tutkunlar\u0131n\u0131 ekran ba\u015f\u0131na kilitleyecek anlar yak\u0131nda Kurulu\u015f Osman tutkunlar\u0131n\u0131 bekliyor.<\/p>\n<p><img loading=\"lazy\" decoding=\"async\" class=\"alignnone wp-image-122938\" src=\"https:\/\/www.tgrthaber.com\/mavikadin\/wp-content\/uploads\/kurulus-osman-dizisine-iki-oyuncu-gelecek-300x169.jpg\" alt=\"kurulu\u015f osman dizisine iki oyuncu gelecek\" width=\"1208\" height=\"680\" title=\"\" srcset=\"https:\/\/www.tgrthaber.com\/mavikadin\/wp-content\/uploads\/kurulus-osman-dizisine-iki-oyuncu-gelecek-300x169.jpg 300w, https:\/\/www.tgrthaber.com\/mavikadin\/wp-content\/uploads\/kurulus-osman-dizisine-iki-oyuncu-gelecek-1024x576.jpg 1024w, https:\/\/www.tgrthaber.com\/mavikadin\/wp-content\/uploads\/kurulus-osman-dizisine-iki-oyuncu-gelecek-768x432.jpg 768w, https:\/\/www.tgrthaber.com\/mavikadin\/wp-content\/uploads\/kurulus-osman-dizisine-iki-oyuncu-gelecek-1536x864.jpg 1536w, https:\/\/www.tgrthaber.com\/mavikadin\/wp-content\/uploads\/kurulus-osman-dizisine-iki-oyuncu-gelecek.jpg 1920w\" sizes=\"(max-width: 1208px) 100vw, 1208px\" \/><\/p>\n<hr \/>\n<p>&nbsp;<\/p>\n","protected":false},"excerpt":{"rendered":"<p>Kurulu\u015f Osman dizisi hayranlar\u0131n\u0131 \u00fczen bir geli\u015fme ya\u015fand\u0131! Sevilen oyuncu \u00d6zg\u00fcr \u00c7evik, projeden ayr\u0131lmaya haz\u0131rlan\u0131yor. Dizideki de\u011fi\u015fiklikle birlikte izleyiciler, hik\u00e2yede yeni karakterlerle tan\u0131\u015facak ve diziye farkl\u0131 bir dinamizm katacaklar. \u00d6zg\u00fcr \u00c7evik&#8217;in veda etmesinin ard\u0131ndan nas\u0131l bir yol izlenecek. <\/p>\n","protected":false},"author":10,"featured_media":122936,"comment_status":"closed","ping_status":"closed","sticky":false,"template":"","format":"standard","meta":{"rank_math_lock_modified_date":false,"footnotes":""},"categories":[602],"tags":[8446,8447,8448,8449],"class_list":["post-122935","post","type-post","status-publish","format-standard","has-post-thumbnail","hentry","category-diziler","tag-kurulus-osman-dizisi","tag-kurulus-osman-lucas","tag-ozgur-cevik","tag-ozgur-cevik-veda"],"_links":{"self":[{"href":"https:\/\/www.tgrthaber.com\/mavikadin\/wp-json\/wp\/v2\/posts\/122935"}],"collection":[{"href":"https:\/\/www.tgrthaber.com\/mavikadin\/wp-json\/wp\/v2\/posts"}],"about":[{"href":"https:\/\/www.tgrthaber.com\/mavikadin\/wp-json\/wp\/v2\/types\/post"}],"author":[{"embeddable":true,"href":"https:\/\/www.tgrthaber.com\/mavikadin\/wp-json\/wp\/v2\/users\/10"}],"replies":[{"embeddable":true,"href":"https:\/\/www.tgrthaber.com\/mavikadin\/wp-json\/wp\/v2\/comments?post=122935"}],"version-history":[{"count":2,"href":"https:\/\/www.tgrthaber.com\/mavikadin\/wp-json\/wp\/v2\/posts\/122935\/revisions"}],"predecessor-version":[{"id":122940,"href":"https:\/\/www.tgrthaber.com\/mavikadin\/wp-json\/wp\/v2\/posts\/122935\/revisions\/122940"}],"wp:featuredmedia":[{"embeddable":true,"href":"https:\/\/www.tgrthaber.com\/mavikadin\/wp-json\/wp\/v2\/media\/122936"}],"wp:attachment":[{"href":"https:\/\/www.tgrthaber.com\/mavikadin\/wp-json\/wp\/v2\/media?parent=122935"}],"wp:term":[{"taxonomy":"category","embeddable":true,"href":"https:\/\/www.tgrthaber.com\/mavikadin\/wp-json\/wp\/v2\/categories?post=122935"},{"taxonomy":"post_tag","embeddable":true,"href":"https:\/\/www.tgrthaber.com\/mavikadin\/wp-json\/wp\/v2\/tags?post=122935"}],"curies":[{"name":"wp","href":"https:\/\/api.w.org\/{rel}","templated":true}]}}