{"id":123046,"date":"2025-01-18T15:50:56","date_gmt":"2025-01-18T12:50:56","guid":{"rendered":"https:\/\/www.tgrthaber.com\/mavikadin\/?p=123046"},"modified":"2025-01-18T17:58:59","modified_gmt":"2025-01-18T14:58:59","slug":"nihal-candandan-sok-itiraf-zengin-sandim-benden-fakir-cikti","status":"publish","type":"post","link":"https:\/\/www.tgrthaber.com\/mavikadin\/nihal-candandan-sok-itiraf-zengin-sandim-benden-fakir-cikti\/","title":{"rendered":"Nihal Candan&#8217;dan \u015fok itiraf: Zengin sand\u0131m, benden fakir \u00e7\u0131kt\u0131!"},"content":{"rendered":"<p>Ge\u00e7ti\u011fimiz y\u0131llarda, doland\u0131r\u0131c\u0131l\u0131k ve su\u00e7 \u00f6rg\u00fct\u00fcne \u00fcye olmak su\u00e7lar\u0131yla tutuklanan sosyal medya fenomeni Nihal Candan sa\u011fl\u0131k sorunlar\u0131 sebebiyle cezaevinden tahliye edilmi\u015fti. 28 Temmuz 2023 tarihinde i\u015f insan\u0131 Mehmet Faruk \u00c7i\u00e7ek ile sakl\u0131 bir \u015fekilde d\u00fcnya evine giren \u00e7ift \u015fimdi bo\u015fanma a\u015famas\u0131nda. Nihal Candan&#8217;\u0131n e\u015fi hakk\u0131nda ise s\u00f6yledikleri \u015foka u\u011fratt\u0131!<\/p>\n<h3>&#8220;ZENG\u0130N B\u0130LD\u0130\u011e\u0130M E\u015e\u0130M BENDEN FAK\u0130R \u00c7IKTI&#8221;<\/h3>\n<p>Medyadan gizli tutarak, d\u00fcnya evine girdi\u011fi i\u015f insan\u0131 Faruk \u00c7i\u00e7ek&#8217;le bo\u015fanma davas\u0131nda g\u00f6r\u00fclen Nihal Candan \u015fok a\u00e7\u0131klamalarda bulundu. \u0130stanbul Aile Mahkemesi&#8217;nde g\u00f6r\u00fclen davan\u0131n ard\u0131ndan bas\u0131n mensuplar\u0131n\u0131n sorular\u0131n\u0131 yan\u0131tlayan Candan, &#8220;Zengin bildi\u011fim e\u015fim, mahkeme s\u00fcrecinde benden daha fakir \u00e7\u0131kt\u0131. \u015e\u00fck\u00fcr ki benden nafaka talep edilmedi,&#8221; dedi.<\/p>\n<p><img loading=\"lazy\" decoding=\"async\" class=\"alignnone wp-image-123068\" src=\"https:\/\/www.tgrthaber.com\/mavikadin\/wp-content\/uploads\/Purple-Aesthetic-Watercolor-Zoom-Virtual-Background-118.png\" alt=\"\" width=\"1208\" height=\"680\" title=\"\" srcset=\"https:\/\/www.tgrthaber.com\/mavikadin\/wp-content\/uploads\/Purple-Aesthetic-Watercolor-Zoom-Virtual-Background-118.png 1280w, https:\/\/www.tgrthaber.com\/mavikadin\/wp-content\/uploads\/Purple-Aesthetic-Watercolor-Zoom-Virtual-Background-118-300x169.png 300w, https:\/\/www.tgrthaber.com\/mavikadin\/wp-content\/uploads\/Purple-Aesthetic-Watercolor-Zoom-Virtual-Background-118-1024x576.png 1024w, https:\/\/www.tgrthaber.com\/mavikadin\/wp-content\/uploads\/Purple-Aesthetic-Watercolor-Zoom-Virtual-Background-118-768x432.png 768w\" sizes=\"(max-width: 1208px) 100vw, 1208px\" \/><\/p>\n<hr \/>\n<h3>PS\u0130KOLOJ\u0130K \u015e\u0130DDET \u0130DD\u0130ASI<\/h3>\n<p>Evlili\u011finde fiziksel \u015fiddet ya\u015famad\u0131\u011f\u0131n\u0131, ancak bu s\u00fcre boyunca ciddi derecede psikolojik bask\u0131 alt\u0131nda kald\u0131\u011f\u0131n\u0131 ifade eden Candan, &#8220;E\u015fim taraf\u0131ndan hem evde hem de sosyal medyada a\u011f\u0131r psikolojik \u015fiddete u\u011frad\u0131m. Bu s\u00fcre\u00e7te ailemin yan\u0131nda ta\u015f\u0131narak kendimi korumaya \u00e7al\u0131\u015ft\u0131m,&#8221; \u015feklinde a\u00e7\u0131klamalarda bulundu.<img loading=\"lazy\" decoding=\"async\" class=\"alignnone wp-image-123069\" src=\"https:\/\/www.tgrthaber.com\/mavikadin\/wp-content\/uploads\/Purple-Aesthetic-Watercolor-Zoom-Virtual-Background-2-21.png\" alt=\"\" width=\"1208\" height=\"680\" title=\"\" srcset=\"https:\/\/www.tgrthaber.com\/mavikadin\/wp-content\/uploads\/Purple-Aesthetic-Watercolor-Zoom-Virtual-Background-2-21.png 1280w, https:\/\/www.tgrthaber.com\/mavikadin\/wp-content\/uploads\/Purple-Aesthetic-Watercolor-Zoom-Virtual-Background-2-21-300x169.png 300w, https:\/\/www.tgrthaber.com\/mavikadin\/wp-content\/uploads\/Purple-Aesthetic-Watercolor-Zoom-Virtual-Background-2-21-1024x576.png 1024w, https:\/\/www.tgrthaber.com\/mavikadin\/wp-content\/uploads\/Purple-Aesthetic-Watercolor-Zoom-Virtual-Background-2-21-768x432.png 768w\" sizes=\"(max-width: 1208px) 100vw, 1208px\" \/><\/p>\n<hr \/>\n<h3>EVL\u0130L\u0130KTE MADD\u0130 SIKINTILAR<\/h3>\n<p>Nihal Candan, Faruk \u00c7i\u00e7ek&#8217;in ona kar\u015f\u0131 a\u00e7t\u0131\u011f\u0131 bo\u015fanma davas\u0131nda e\u015finden bir ev istedi\u011fini ancak onu bile kar\u015f\u0131layacak durumda olmad\u0131\u011f\u0131n\u0131 \u00f6\u011frenerek hayal k\u0131r\u0131kl\u0131\u011f\u0131na u\u011frad\u0131\u011f\u0131n\u0131 belirtti. Candan, bu durumu &#8220;Hayat\u0131mda ikinci bir \u00f6zg\u00fcrl\u00fck m\u00fccadelesi veriyorum. Allah yar ve yard\u0131mc\u0131m olsun,&#8221; s\u00f6zleriyle ifade etti.<img loading=\"lazy\" decoding=\"async\" class=\"alignnone wp-image-123070\" src=\"https:\/\/www.tgrthaber.com\/mavikadin\/wp-content\/uploads\/Purple-Aesthetic-Watercolor-Zoom-Virtual-Background-3-22.png\" alt=\"\" width=\"1208\" height=\"680\" title=\"\" srcset=\"https:\/\/www.tgrthaber.com\/mavikadin\/wp-content\/uploads\/Purple-Aesthetic-Watercolor-Zoom-Virtual-Background-3-22.png 1280w, https:\/\/www.tgrthaber.com\/mavikadin\/wp-content\/uploads\/Purple-Aesthetic-Watercolor-Zoom-Virtual-Background-3-22-300x169.png 300w, https:\/\/www.tgrthaber.com\/mavikadin\/wp-content\/uploads\/Purple-Aesthetic-Watercolor-Zoom-Virtual-Background-3-22-1024x576.png 1024w, https:\/\/www.tgrthaber.com\/mavikadin\/wp-content\/uploads\/Purple-Aesthetic-Watercolor-Zoom-Virtual-Background-3-22-768x432.png 768w\" sizes=\"(max-width: 1208px) 100vw, 1208px\" \/><\/p>\n<hr \/>\n<h3>SU\u00c7LAMALAR VE HUKUK\u0130 S\u00dcRE\u00c7LER<\/h3>\n<p>Ge\u00e7ti\u011fimiz y\u0131llarda ad\u0131 kara para olaylar\u0131na kar\u0131\u015fan sosyal medya fenomeni, hakk\u0131nda yap\u0131lan su\u00e7lar neticesinde cezaevine girmi\u015fti. Cezaevinde ge\u00e7irdi\u011fi s\u00fcre zarf\u0131nda anoreksiya hastal\u0131\u011f\u0131na yakalanarak 37 kiloya d\u00fc\u015fen Candan, sa\u011fl\u0131k sorunlar\u0131 sebebiyle tahliye edilmi\u015fti. 24 y\u0131la kadar hapis cezas\u0131yla yarg\u0131land\u0131\u011f\u0131 davalar halen devam ediyor.<img loading=\"lazy\" decoding=\"async\" class=\"alignnone wp-image-123073\" src=\"https:\/\/www.tgrthaber.com\/mavikadin\/wp-content\/uploads\/Purple-Aesthetic-Watercolor-Zoom-Virtual-Background-4-23.png\" alt=\"\" width=\"1208\" height=\"680\" title=\"\" srcset=\"https:\/\/www.tgrthaber.com\/mavikadin\/wp-content\/uploads\/Purple-Aesthetic-Watercolor-Zoom-Virtual-Background-4-23.png 1280w, https:\/\/www.tgrthaber.com\/mavikadin\/wp-content\/uploads\/Purple-Aesthetic-Watercolor-Zoom-Virtual-Background-4-23-300x169.png 300w, https:\/\/www.tgrthaber.com\/mavikadin\/wp-content\/uploads\/Purple-Aesthetic-Watercolor-Zoom-Virtual-Background-4-23-1024x576.png 1024w, https:\/\/www.tgrthaber.com\/mavikadin\/wp-content\/uploads\/Purple-Aesthetic-Watercolor-Zoom-Virtual-Background-4-23-768x432.png 768w\" sizes=\"(max-width: 1208px) 100vw, 1208px\" \/><\/p>\n<hr \/>\n<h3>MAHKEME S\u00dcREC\u0130 DEVAM ED\u0130YOR<\/h3>\n<p>\u0130stanbul Aile Mahkemesi&#8217;nde g\u00f6r\u00fclen bo\u015fanma davas\u0131nda, taraf avukatlar\u0131na tan\u0131k bilgilerini sunmak i\u00e7in s\u00fcre verilerek dava ileri bir tarihe ertelendi.<\/p>\n","protected":false},"excerpt":{"rendered":"<p>Nihal Candan gizli bir \u015fekilde d\u00fcnya evine girdi\u011fi i\u015f insan\u0131 Faruk \u00c7i\u00e7ek&#8217;in a\u00e7t\u0131\u011f\u0131 bo\u015fanma davas\u0131n\u0131n sonras\u0131nda bas\u0131n mensuplar\u0131na yapt\u0131\u011f\u0131 a\u00e7\u0131klamalar \u015foka u\u011fratt\u0131. E\u015finin maddi durumuyla ilgili \u015fa\u015f\u0131rt\u0131c\u0131 itiraflarda bulunan Candan&#8217;\u0131n itiraflar\u0131 haberimizde&#8230;<\/p>\n","protected":false},"author":28,"featured_media":123130,"comment_status":"closed","ping_status":"closed","sticky":false,"template":"","format":"standard","meta":{"rank_math_lock_modified_date":false,"footnotes":""},"categories":[76],"tags":[8476,8477],"class_list":["post-123046","post","type-post","status-publish","format-standard","has-post-thumbnail","hentry","category-magazin","tag-nihal-candan","tag-nihal-candan-bosaniyor"],"_links":{"self":[{"href":"https:\/\/www.tgrthaber.com\/mavikadin\/wp-json\/wp\/v2\/posts\/123046"}],"collection":[{"href":"https:\/\/www.tgrthaber.com\/mavikadin\/wp-json\/wp\/v2\/posts"}],"about":[{"href":"https:\/\/www.tgrthaber.com\/mavikadin\/wp-json\/wp\/v2\/types\/post"}],"author":[{"embeddable":true,"href":"https:\/\/www.tgrthaber.com\/mavikadin\/wp-json\/wp\/v2\/users\/28"}],"replies":[{"embeddable":true,"href":"https:\/\/www.tgrthaber.com\/mavikadin\/wp-json\/wp\/v2\/comments?post=123046"}],"version-history":[{"count":2,"href":"https:\/\/www.tgrthaber.com\/mavikadin\/wp-json\/wp\/v2\/posts\/123046\/revisions"}],"predecessor-version":[{"id":123080,"href":"https:\/\/www.tgrthaber.com\/mavikadin\/wp-json\/wp\/v2\/posts\/123046\/revisions\/123080"}],"wp:featuredmedia":[{"embeddable":true,"href":"https:\/\/www.tgrthaber.com\/mavikadin\/wp-json\/wp\/v2\/media\/123130"}],"wp:attachment":[{"href":"https:\/\/www.tgrthaber.com\/mavikadin\/wp-json\/wp\/v2\/media?parent=123046"}],"wp:term":[{"taxonomy":"category","embeddable":true,"href":"https:\/\/www.tgrthaber.com\/mavikadin\/wp-json\/wp\/v2\/categories?post=123046"},{"taxonomy":"post_tag","embeddable":true,"href":"https:\/\/www.tgrthaber.com\/mavikadin\/wp-json\/wp\/v2\/tags?post=123046"}],"curies":[{"name":"wp","href":"https:\/\/api.w.org\/{rel}","templated":true}]}}