{"id":123081,"date":"2025-01-18T16:16:26","date_gmt":"2025-01-18T13:16:26","guid":{"rendered":"https:\/\/www.tgrthaber.com\/mavikadin\/?p=123081"},"modified":"2025-01-18T16:17:44","modified_gmt":"2025-01-18T13:17:44","slug":"hande-ercel-yegeni-icin-30-bin-tlyi-gozden-cikardi-karne-hediyesi-gundem-oldu","status":"publish","type":"post","link":"https:\/\/www.tgrthaber.com\/mavikadin\/hande-ercel-yegeni-icin-30-bin-tlyi-gozden-cikardi-karne-hediyesi-gundem-oldu\/","title":{"rendered":"Hande Er\u00e7el ye\u011feni i\u00e7in 30 bin TL\u2019yi g\u00f6zden \u00e7\u0131kard\u0131! Karne hediyesi g\u00fcndem oldu"},"content":{"rendered":"<p>\u00dcnl\u00fc oyuncu Hande Er\u00e7el ye\u011feni Mavi\u2019ye olan d\u00fc\u015fk\u00fcnl\u00fc\u011f\u00fcyle biliniyor. Karne hediyesiyle g\u00fcndem olan Er\u00e7el bir oyuncak\u00e7\u0131ya girerek hediye i\u00e7in 30 bin TL&#8217;yi g\u00f6zden \u00e7\u0131kard\u0131.<\/p>\n<p>Son d\u00f6nemin pop\u00fcler isimlerinden Hande Er\u00e7el Hakan Sabanc\u0131 ile ya\u015fad\u0131\u011f\u0131 a\u015fkla zaman zaman g\u00fcndem oluyor.<\/p>\n<h3>HANDE ER\u00c7EL 30 B\u0130N TL&#8217;L\u0130K OYUNCAK ALDI<\/h3>\n<p>Hande Er\u00e7el ye\u011feni Mavi\u2019ye 30 bin TL\u2019lik oyuncak ald\u0131. Karne hediyesi i\u00e7in ye\u011feniyle oyuncak\u00e7\u0131ya giren \u00fcnl\u00fc isim Mavi&#8217;ye b\u00fcy\u00fck bir s\u00fcrpriz yapt\u0131.<\/p>\n<p>Er\u00e7el\u2019in yapt\u0131\u011f\u0131 jeste sosyal medyada &#8220;Ke\u015fke benim teyzem olsayd\u0131n&#8221; gibi yorumlar geldi.<\/p>\n<p><img loading=\"lazy\" decoding=\"async\" class=\"alignnone wp-image-123082\" src=\"https:\/\/www.tgrthaber.com\/mavikadin\/wp-content\/uploads\/Hande-Ercel-3-1.jpg\" alt=\"\" width=\"1208\" height=\"680\" title=\"\" srcset=\"https:\/\/www.tgrthaber.com\/mavikadin\/wp-content\/uploads\/Hande-Ercel-3-1.jpg 1600w, https:\/\/www.tgrthaber.com\/mavikadin\/wp-content\/uploads\/Hande-Ercel-3-1-300x169.jpg 300w, https:\/\/www.tgrthaber.com\/mavikadin\/wp-content\/uploads\/Hande-Ercel-3-1-1024x576.jpg 1024w, https:\/\/www.tgrthaber.com\/mavikadin\/wp-content\/uploads\/Hande-Ercel-3-1-768x432.jpg 768w, https:\/\/www.tgrthaber.com\/mavikadin\/wp-content\/uploads\/Hande-Ercel-3-1-1536x864.jpg 1536w\" sizes=\"(max-width: 1208px) 100vw, 1208px\" \/><\/p>\n<hr \/>\n<h3>HANDE ER\u00c7EL K\u0130MD\u0130R?<\/h3>\n<p>Hande Er\u00e7el 24 Kas\u0131m 1993 Bal\u0131kesir Band\u0131rma\u2019da do\u011fdu. Mimar Sinan G\u00fczel Sanatlar Fak\u00fcltesi T\u00fcrk Sanatlar\u0131 B\u00f6l\u00fcm\u00fc\u2019nde okuyan \u00fcnl\u00fc isim 2014 y\u0131l\u0131nda \u201c\u00c7\u0131lg\u0131n Dershane \u00dcniversitede\u201d adl\u0131 dizide oyunculu\u011fa ba\u015flad\u0131.<\/p>\n<p>Ayn\u0131 sene \u201cHayat A\u011fac\u0131\u201d adl\u0131 dizide rol alan \u00fcnl\u00fc isim 2015\u2019de d\u00fczenlenen Miss Cilivaliton of the World yar\u0131\u015fmas\u0131na kat\u0131larak 2. oldu.<br \/>\n18 Haziran 2015 tarihinde \u201cG\u00fcne\u015fin K\u0131zlar\u0131\u201d adl\u0131 dizide \u201cSelin Y\u0131lmaz\u201d karakterini oynad\u0131.<\/p>\n<p><img loading=\"lazy\" decoding=\"async\" class=\"alignnone wp-image-123084\" src=\"https:\/\/www.tgrthaber.com\/mavikadin\/wp-content\/uploads\/Hande-Ercel-2-1.jpg\" alt=\"\" width=\"1208\" height=\"680\" title=\"\" srcset=\"https:\/\/www.tgrthaber.com\/mavikadin\/wp-content\/uploads\/Hande-Ercel-2-1.jpg 1600w, https:\/\/www.tgrthaber.com\/mavikadin\/wp-content\/uploads\/Hande-Ercel-2-1-300x169.jpg 300w, https:\/\/www.tgrthaber.com\/mavikadin\/wp-content\/uploads\/Hande-Ercel-2-1-1024x576.jpg 1024w, https:\/\/www.tgrthaber.com\/mavikadin\/wp-content\/uploads\/Hande-Ercel-2-1-768x432.jpg 768w, https:\/\/www.tgrthaber.com\/mavikadin\/wp-content\/uploads\/Hande-Ercel-2-1-1536x864.jpg 1536w\" sizes=\"(max-width: 1208px) 100vw, 1208px\" \/><\/p>\n<hr \/>\n<p><strong>Dizileri<\/strong><\/p>\n<p>A\u015fk Laftan Anlamaz 2016<\/p>\n<p>Siyah \u0130nci 2017<\/p>\n<p>Halka 2019<\/p>\n<p>Azize 2019<\/p>\n<p>Sen \u00c7al Kap\u0131m\u0131 2020<\/p>\n<p>Bamba\u015fka Biri 2023<\/p>\n","protected":false},"excerpt":{"rendered":"<p>Hande Er\u00e7el ye\u011feni i\u00e7in 30 bin TL\u2019yi g\u00f6zden \u00e7\u0131kard\u0131. Karne hediyesiyle g\u00fcndem olan \u00fcnl\u00fc oyuncu Mavi\u2019yle birlikte oyuncak\u00e7\u0131ya girdi.<\/p>\n","protected":false},"author":5,"featured_media":123083,"comment_status":"closed","ping_status":"closed","sticky":false,"template":"","format":"standard","meta":{"rank_math_lock_modified_date":false,"footnotes":""},"categories":[76],"tags":[2391],"class_list":["post-123081","post","type-post","status-publish","format-standard","has-post-thumbnail","hentry","category-magazin","tag-hande-ercel"],"_links":{"self":[{"href":"https:\/\/www.tgrthaber.com\/mavikadin\/wp-json\/wp\/v2\/posts\/123081"}],"collection":[{"href":"https:\/\/www.tgrthaber.com\/mavikadin\/wp-json\/wp\/v2\/posts"}],"about":[{"href":"https:\/\/www.tgrthaber.com\/mavikadin\/wp-json\/wp\/v2\/types\/post"}],"author":[{"embeddable":true,"href":"https:\/\/www.tgrthaber.com\/mavikadin\/wp-json\/wp\/v2\/users\/5"}],"replies":[{"embeddable":true,"href":"https:\/\/www.tgrthaber.com\/mavikadin\/wp-json\/wp\/v2\/comments?post=123081"}],"version-history":[{"count":2,"href":"https:\/\/www.tgrthaber.com\/mavikadin\/wp-json\/wp\/v2\/posts\/123081\/revisions"}],"predecessor-version":[{"id":123086,"href":"https:\/\/www.tgrthaber.com\/mavikadin\/wp-json\/wp\/v2\/posts\/123081\/revisions\/123086"}],"wp:featuredmedia":[{"embeddable":true,"href":"https:\/\/www.tgrthaber.com\/mavikadin\/wp-json\/wp\/v2\/media\/123083"}],"wp:attachment":[{"href":"https:\/\/www.tgrthaber.com\/mavikadin\/wp-json\/wp\/v2\/media?parent=123081"}],"wp:term":[{"taxonomy":"category","embeddable":true,"href":"https:\/\/www.tgrthaber.com\/mavikadin\/wp-json\/wp\/v2\/categories?post=123081"},{"taxonomy":"post_tag","embeddable":true,"href":"https:\/\/www.tgrthaber.com\/mavikadin\/wp-json\/wp\/v2\/tags?post=123081"}],"curies":[{"name":"wp","href":"https:\/\/api.w.org\/{rel}","templated":true}]}}