{"id":123131,"date":"2025-01-18T18:24:28","date_gmt":"2025-01-18T15:24:28","guid":{"rendered":"https:\/\/www.tgrthaber.com\/mavikadin\/?p=123131"},"modified":"2025-01-18T18:26:35","modified_gmt":"2025-01-18T15:26:35","slug":"survivor-2025te-olayli-gece-survivor-almeda-adilhanin-bogazina-yapisti-disalifiye-olacak-mi","status":"publish","type":"post","link":"https:\/\/www.tgrthaber.com\/mavikadin\/survivor-2025te-olayli-gece-survivor-almeda-adilhanin-bogazina-yapisti-disalifiye-olacak-mi\/","title":{"rendered":"Survivor 2025\u2019te olayl\u0131 gece! Survivor Almeda, Adilhan\u2019\u0131n bo\u011faz\u0131na yap\u0131\u015ft\u0131! Disalifiye olacak m\u0131?"},"content":{"rendered":"<p class=\"p1\">Survivor\u2019\u0131n 15. b\u00f6l\u00fcm\u00fc bu ak\u015fam izleyiciyle bulu\u015facak. Tan\u0131t\u0131m fragman\u0131nda dikkat \u00e7eken anlardan biri, Almeda ile Adilhan aras\u0131nda ya\u015fanan gerginlik oldu. Adada hararetli bir tart\u0131\u015fma s\u0131ras\u0131nda tansiyon \u00f6yle y\u00fckseldi ki olay fiziksel bir boyuta ta\u015f\u0131nd\u0131. Sinirlerine hakim olamayan Almeda, bir anda Adilhan\u2019\u0131n bo\u011faz\u0131na yap\u0131\u015ft\u0131. Bu olay, adada dengeleri sarsarken izleyiciler \u015fimdi Almeda\u2019n\u0131n yar\u0131\u015fmadaki gelece\u011fi hakk\u0131nda verilecek karar\u0131 merakla bekliyor. Konseyde al\u0131nacak kritik karar, Almeda\u2019n\u0131n Survivor\u2019daki kaderini belirleyecek gibi g\u00f6r\u00fcn\u00fcyor. Peki, Almeda diskalifiye mi olacak? Bu sorunun yan\u0131t\u0131 bu ak\u015famki b\u00f6l\u00fcmde netlik kazanacak. \u0130\u015fte Survivor 18 Ocak 2025 Survivor\u2019da ya\u015fananlar\u2026<\/p>\n<h3>SURV\u0130VOR 2025&#8217;TE OLAYLI GECE<\/h3>\n<p class=\"p1\">Survivor 2025\u2019te tansiyon her ge\u00e7en g\u00fcn artarken Almeda\u2019n\u0131n durumu g\u00fcndemin en s\u0131cak konusu haline geldi. All Star tak\u0131m\u0131nda ya\u015fad\u0131\u011f\u0131 huzursuzluk, \u00f6nceki b\u00f6l\u00fcmde yapt\u0131\u011f\u0131 a\u00e7\u0131klamalarla daha belirgin hale geldi. Almeda, konseyde \u00f6nemli bir karar verece\u011fini duyurmu\u015f, izleyiciler aras\u0131nda b\u00fcy\u00fck bir merak uyand\u0131rm\u0131\u015ft\u0131. Ancak tart\u0131\u015fmalar bununla s\u0131n\u0131rl\u0131 kalmad\u0131. Adilhan ile ya\u015fad\u0131\u011f\u0131 gerginlik s\u0131ras\u0131nda yapt\u0131\u011f\u0131 fiziksel temas, Almeda\u2019n\u0131n yar\u0131\u015fmadaki gelece\u011fini belirsiz bir hale soktu. Yeni b\u00f6l\u00fcmde bu olayla ilgili verilecek karar merakla bekleniyor. Almeda diskalifiye olacak m\u0131, yoksa yar\u0131\u015fmaya devam m\u0131 edecek?<\/p>\n<p><img loading=\"lazy\" decoding=\"async\" class=\"alignnone wp-image-123136 size-large\" src=\"https:\/\/www.tgrthaber.com\/mavikadin\/wp-content\/uploads\/Ekran-Resmi-2025-01-18-18.18.51-1024x616.png\" alt=\"\" width=\"1024\" height=\"616\" title=\"\" srcset=\"https:\/\/www.tgrthaber.com\/mavikadin\/wp-content\/uploads\/Ekran-Resmi-2025-01-18-18.18.51-1024x616.png 1024w, https:\/\/www.tgrthaber.com\/mavikadin\/wp-content\/uploads\/Ekran-Resmi-2025-01-18-18.18.51-300x180.png 300w, https:\/\/www.tgrthaber.com\/mavikadin\/wp-content\/uploads\/Ekran-Resmi-2025-01-18-18.18.51-768x462.png 768w, https:\/\/www.tgrthaber.com\/mavikadin\/wp-content\/uploads\/Ekran-Resmi-2025-01-18-18.18.51.png 1314w\" sizes=\"(max-width: 1024px) 100vw, 1024px\" \/><\/p>\n<hr \/>\n<p class=\"p1\">D\u00fcn gece yay\u0131nlanan Survivor b\u00f6l\u00fcm\u00fcnde Almeda, yapt\u0131\u011f\u0131 a\u00e7\u0131klamayla dikkatleri \u00fczerine \u00e7ekti. Konseyde s\u00f6z alan Almeda, duygular\u0131n\u0131 dile getirdi: \u201cD\u00fcn bir talebim olmu\u015ftu. Bazen insan, iyi hissetmedi\u011fi bir ortamdan uzakla\u015fma ihtiyac\u0131 duyar. Tak\u0131m\u0131m\u0131 sevdi\u011fimi belirtmek istiyorum, ancak psikolojik olarak kendimi burada ait hissetmiyorum. Mavi tak\u0131mda motivasyonumun daha y\u00fcksek olaca\u011f\u0131n\u0131 d\u00fc\u015f\u00fcn\u00fcyorum ve bu nedenle bu iste\u011fimde \u0131srarc\u0131y\u0131m.\u201d s\u00f6zleriyle dikkat \u00e7ekmi\u015fti. Almeda\u2019n\u0131n bu talebine kar\u015f\u0131l\u0131k Acun Il\u0131cal\u0131\u2019n\u0131n nas\u0131l bir karar verece\u011fi merak konusu oldu.<\/p>\n<p><img loading=\"lazy\" decoding=\"async\" class=\"alignnone wp-image-123137 size-large\" src=\"https:\/\/www.tgrthaber.com\/mavikadin\/wp-content\/uploads\/Ekran-Resmi-2025-01-18-18.18.35-1024x621.png\" alt=\"\" width=\"1024\" height=\"621\" title=\"\" srcset=\"https:\/\/www.tgrthaber.com\/mavikadin\/wp-content\/uploads\/Ekran-Resmi-2025-01-18-18.18.35-1024x621.png 1024w, https:\/\/www.tgrthaber.com\/mavikadin\/wp-content\/uploads\/Ekran-Resmi-2025-01-18-18.18.35-300x182.png 300w, https:\/\/www.tgrthaber.com\/mavikadin\/wp-content\/uploads\/Ekran-Resmi-2025-01-18-18.18.35-768x465.png 768w, https:\/\/www.tgrthaber.com\/mavikadin\/wp-content\/uploads\/Ekran-Resmi-2025-01-18-18.18.35.png 1320w\" sizes=\"(max-width: 1024px) 100vw, 1024px\" \/><\/p>\n<hr \/>\n<h3>SURV\u0130VOR 2025 ALMEDA, AD\u0130LHAN&#8217;IN BO\u011eAZINA YAPI\u015eTI<\/h3>\n<p class=\"p1\">Survivor\u2019da d\u00fcn ak\u015famki konseyin ard\u0131ndan All Star tak\u0131m\u0131nda tansiyon iyice y\u00fckseldi. Adadaki ate\u015f ba\u015f\u0131nda ger\u00e7ekle\u015fen sohbet s\u0131ras\u0131nda Almeda ve Adilhan aras\u0131nda ba\u015flayan s\u00f6zl\u00fc tart\u0131\u015fma k\u0131sa s\u00fcrede fiziksel bir boyut kazand\u0131. Sinirlerine hakim olamayan Almeda, Adilhan\u2019\u0131n bo\u011faz\u0131na sar\u0131larak tansiyonu zirveye ta\u015f\u0131d\u0131. \u0130zleyiciler \u015fimdi Almeda Baylan\u2019a uygulanacak olas\u0131 cezay\u0131 ve diskalifiye ihtimalini merakla bekliyor.<\/p>\n<p><img loading=\"lazy\" decoding=\"async\" class=\"alignnone wp-image-123138 size-large\" src=\"https:\/\/www.tgrthaber.com\/mavikadin\/wp-content\/uploads\/Ekran-Resmi-2025-01-18-18.18.45-1024x687.png\" alt=\"\" width=\"1024\" height=\"687\" title=\"\" srcset=\"https:\/\/www.tgrthaber.com\/mavikadin\/wp-content\/uploads\/Ekran-Resmi-2025-01-18-18.18.45-1024x687.png 1024w, https:\/\/www.tgrthaber.com\/mavikadin\/wp-content\/uploads\/Ekran-Resmi-2025-01-18-18.18.45-300x201.png 300w, https:\/\/www.tgrthaber.com\/mavikadin\/wp-content\/uploads\/Ekran-Resmi-2025-01-18-18.18.45-768x515.png 768w, https:\/\/www.tgrthaber.com\/mavikadin\/wp-content\/uploads\/Ekran-Resmi-2025-01-18-18.18.45.png 1198w\" sizes=\"(max-width: 1024px) 100vw, 1024px\" \/><\/p>\n<hr \/>\n<h3 class=\"p1\">SURV\u0130VOR ALMEDA BAYLAN K\u0130MD\u0130R?<\/h3>\n<p class=\"p1\">Survivor yar\u0131\u015fmac\u0131lar\u0131ndan Almeda Baylan, Osmaniye do\u011fumlu olup sporla yak\u0131ndan ilgilenen bir isim olarak tan\u0131n\u0131yor. \u00d6zellikle y\u00fczme ve dal\u0131\u015f gibi su sporlar\u0131na olan tutkusu, onu fiziksel olarak olduk\u00e7a donan\u0131ml\u0131 bir yar\u0131\u015fmac\u0131 haline getiriyor.<\/p>\n<p><img loading=\"lazy\" decoding=\"async\" class=\"alignnone wp-image-123139 size-large\" src=\"https:\/\/www.tgrthaber.com\/mavikadin\/wp-content\/uploads\/Ekran-Resmi-2025-01-18-18.18.51-1-1024x616.png\" alt=\"\" width=\"1024\" height=\"616\" title=\"\" srcset=\"https:\/\/www.tgrthaber.com\/mavikadin\/wp-content\/uploads\/Ekran-Resmi-2025-01-18-18.18.51-1-1024x616.png 1024w, https:\/\/www.tgrthaber.com\/mavikadin\/wp-content\/uploads\/Ekran-Resmi-2025-01-18-18.18.51-1-300x180.png 300w, https:\/\/www.tgrthaber.com\/mavikadin\/wp-content\/uploads\/Ekran-Resmi-2025-01-18-18.18.51-1-768x462.png 768w, https:\/\/www.tgrthaber.com\/mavikadin\/wp-content\/uploads\/Ekran-Resmi-2025-01-18-18.18.51-1.png 1314w\" sizes=\"(max-width: 1024px) 100vw, 1024px\" \/><\/p>\n<hr \/>\n<p class=\"p1\">Sosyal medyada fazla payla\u015f\u0131m yapmayan Almeda, buna ra\u011fmen 158 bin takip\u00e7iye ula\u015fm\u0131\u015f durumda. Instagram\u2019da @almedabaylan kullan\u0131c\u0131 ad\u0131yla yer alan yar\u0131\u015fmac\u0131, sakin ve m\u00fctevaz\u0131 sosyal medya duru\u015fuyla dikkat \u00e7ekiyor.<\/p>\n","protected":false},"excerpt":{"rendered":"<p>Survivor\u2019\u0131n 15. b\u00f6l\u00fcm\u00fc bu ak\u015fam ekranlara gelecek ve izleyicileri yine heyecan dolu anlar bekliyor. Fragmanda \u00f6ne \u00e7\u0131kan sahnelerden biri, Almeda ile Adilhan aras\u0131nda ya\u015fanan gerilim oldu. Adadaki hararetli tart\u0131\u015fma s\u0131ras\u0131nda tansiyon \u00f6yle y\u00fckseldi ki, Almeda, Adilhan\u2019\u0131n bo\u011faz\u0131na yap\u0131\u015ft\u0131. Survivor izleyicileri \u2018Almeda diskalifiye mi edilecek?\u2019 sorusunun cevab\u0131n\u0131 ar\u0131yor. \u0130\u015fte detaylar.. <\/p>\n","protected":false},"author":16,"featured_media":123140,"comment_status":"closed","ping_status":"closed","sticky":false,"template":"","format":"standard","meta":{"rank_math_lock_modified_date":false,"footnotes":""},"categories":[101],"tags":[2728,8479,8478],"class_list":["post-123131","post","type-post","status-publish","format-standard","has-post-thumbnail","hentry","category-kesfet","tag-survivor-2025","tag-survivor-2025-almeda-adilhan","tag-survivor-2025-almeda-adilhan-kavgasi"],"_links":{"self":[{"href":"https:\/\/www.tgrthaber.com\/mavikadin\/wp-json\/wp\/v2\/posts\/123131"}],"collection":[{"href":"https:\/\/www.tgrthaber.com\/mavikadin\/wp-json\/wp\/v2\/posts"}],"about":[{"href":"https:\/\/www.tgrthaber.com\/mavikadin\/wp-json\/wp\/v2\/types\/post"}],"author":[{"embeddable":true,"href":"https:\/\/www.tgrthaber.com\/mavikadin\/wp-json\/wp\/v2\/users\/16"}],"replies":[{"embeddable":true,"href":"https:\/\/www.tgrthaber.com\/mavikadin\/wp-json\/wp\/v2\/comments?post=123131"}],"version-history":[{"count":2,"href":"https:\/\/www.tgrthaber.com\/mavikadin\/wp-json\/wp\/v2\/posts\/123131\/revisions"}],"predecessor-version":[{"id":123142,"href":"https:\/\/www.tgrthaber.com\/mavikadin\/wp-json\/wp\/v2\/posts\/123131\/revisions\/123142"}],"wp:featuredmedia":[{"embeddable":true,"href":"https:\/\/www.tgrthaber.com\/mavikadin\/wp-json\/wp\/v2\/media\/123140"}],"wp:attachment":[{"href":"https:\/\/www.tgrthaber.com\/mavikadin\/wp-json\/wp\/v2\/media?parent=123131"}],"wp:term":[{"taxonomy":"category","embeddable":true,"href":"https:\/\/www.tgrthaber.com\/mavikadin\/wp-json\/wp\/v2\/categories?post=123131"},{"taxonomy":"post_tag","embeddable":true,"href":"https:\/\/www.tgrthaber.com\/mavikadin\/wp-json\/wp\/v2\/tags?post=123131"}],"curies":[{"name":"wp","href":"https:\/\/api.w.org\/{rel}","templated":true}]}}