{"id":123135,"date":"2025-01-18T18:45:38","date_gmt":"2025-01-18T15:45:38","guid":{"rendered":"https:\/\/www.tgrthaber.com\/mavikadin\/?p=123135"},"modified":"2025-01-18T18:46:34","modified_gmt":"2025-01-18T15:46:34","slug":"kanseri-yenen-unlu-sarkici-simalden-son-saglik-durumu-aciklamasi","status":"publish","type":"post","link":"https:\/\/www.tgrthaber.com\/mavikadin\/kanseri-yenen-unlu-sarkici-simalden-son-saglik-durumu-aciklamasi\/","title":{"rendered":"Kanseri yenen \u00fcnl\u00fc \u015fark\u0131c\u0131 \u015eimal&#8217;den son sa\u011fl\u0131k durumu a\u00e7\u0131klamas\u0131!"},"content":{"rendered":"<p>Beyin t\u00fcm\u00f6r\u00fc ve meme kanseri hastal\u0131\u011f\u0131ndan dolay\u0131 bir s\u00fcredir hayatta kalma m\u00fccadelesi veren \u015fark\u0131c\u0131 \u015eimal, son sa\u011fl\u0131k durumu ile ilgili bilgiyi sevenlerine Instagram hesab\u0131ndan payla\u015fm\u0131\u015ft\u0131.<\/p>\n<p>Atlatt\u0131\u011f\u0131 zorlu s\u00fcrecin sonras\u0131nda &#8220;Buna da \u015f\u00fck\u00fcr toparl\u0131yoruz yava\u015f yava\u015f&#8221; c\u00fcmlelerini kuran \u015fark\u0131c\u0131 \u015eimal, kanser i\u00e7in tedavi olduktan sonra nihayet eski sa\u011fl\u0131\u011f\u0131na kavu\u015ftu.<\/p>\n<h3>\u00dcNL\u00dc \u015eARKICI \u015e\u0130MAL&#8217;E NE OLMU\u015eTU?<\/h3>\n<p>4 sene \u00f6nce illet meme kanserine yakalan\u0131p kemoterapi ve radyoterapi tedavisi g\u00f6ren \u015eimal, g\u00f6rd\u00fc\u011f\u00fc tedaviden sonra sa\u011fl\u0131\u011f\u0131na nas\u0131l kavu\u015ftu\u011funu anlatt\u0131.<\/p>\n<p><img loading=\"lazy\" decoding=\"async\" class=\"alignnone wp-image-123145\" src=\"https:\/\/www.tgrthaber.com\/mavikadin\/wp-content\/uploads\/131618-sarkici-simal-den-uzen-haber-66d1c6f0ee7bc.jpg\" alt=\"\" width=\"1208\" height=\"664\" title=\"\" srcset=\"https:\/\/www.tgrthaber.com\/mavikadin\/wp-content\/uploads\/131618-sarkici-simal-den-uzen-haber-66d1c6f0ee7bc.jpg 900w, https:\/\/www.tgrthaber.com\/mavikadin\/wp-content\/uploads\/131618-sarkici-simal-den-uzen-haber-66d1c6f0ee7bc-300x165.jpg 300w, https:\/\/www.tgrthaber.com\/mavikadin\/wp-content\/uploads\/131618-sarkici-simal-den-uzen-haber-66d1c6f0ee7bc-768x422.jpg 768w\" sizes=\"(max-width: 1208px) 100vw, 1208px\" \/><\/p>\n<hr \/>\n<p>\u015eimal, rutin kontrolleri i\u00e7in gitti\u011fi hastanede beyninde bir t\u00fcm\u00f6r oldu\u011fu tespit edilmi\u015f ve sekiz saat s\u00fcren bir ameliyata girmi\u015fti.<\/p>\n<h3>\u015e\u0130MAL K\u00d6T\u00dc HABER\u0130 B\u00d6YLE PAYLA\u015eMI\u015eTI: &#8220;Y\u0130NE YAKALADI BU HASTALIK BEN\u0130&#8221;<\/h3>\n<p>38 ya\u015f\u0131ndaki \u00fcnl\u00fc \u015fark\u0131c\u0131 \u015eimal, kanser hastal\u0131\u011f\u0131n\u0131n yeniden tekrarland\u0131\u011f\u0131n\u0131 takip\u00e7ileriyle sosyal medya hesab\u0131nda \u015fu s\u00f6zlerle a\u00e7\u0131klam\u0131\u015ft\u0131:<\/p>\n<p>&#8220;Dostlar\u0131m \u00e7ok karars\u0131zd\u0131m bu haberi payla\u015fma konusunda fakat mesaj kutusu doldu ta\u015ft\u0131. Hepiniz, sesim \u00e7\u0131kmay\u0131nca merak ettiniz hakl\u0131 olarak. Bana da hak verin t\u00fcm aile olarak y\u0131k\u0131lm\u0131\u015f durumday\u0131z tam toparland\u0131k derken bir daha&#8230; \u00d6zetle ve maalesef ki yine yakalad\u0131 bu hastal\u0131k beni.<\/p>\n<p><img loading=\"lazy\" decoding=\"async\" class=\"alignnone wp-image-123146\" src=\"https:\/\/www.tgrthaber.com\/mavikadin\/wp-content\/uploads\/544.png\" alt=\"\" width=\"1208\" height=\"682\" title=\"\" srcset=\"https:\/\/www.tgrthaber.com\/mavikadin\/wp-content\/uploads\/544.png 1056w, https:\/\/www.tgrthaber.com\/mavikadin\/wp-content\/uploads\/544-300x169.png 300w, https:\/\/www.tgrthaber.com\/mavikadin\/wp-content\/uploads\/544-1024x578.png 1024w, https:\/\/www.tgrthaber.com\/mavikadin\/wp-content\/uploads\/544-768x433.png 768w\" sizes=\"(max-width: 1208px) 100vw, 1208px\" \/><\/p>\n<hr \/>\n<p>Bu sefer de beyin zar\u0131ma metastaz yapt\u0131. Bizi mutlu eden \u015fey ise, erken te\u015fhis etmi\u015f olmam\u0131z. Pazartesi g\u00fcn\u00fc i\u015fin tedavileri ba\u015flayacak onkolo\u011fum ila\u00e7lar\u0131 g\u00fc\u00e7lendirecek. \u0130n\u015fallah yine aran\u0131za d\u00f6nece\u011fim. Her zamanki gibi sizden dua bekliyor olaca\u011f\u0131m. Arayan soran, mesajlar\u0131yla bana g\u00fc\u00e7 veren herkese \u015fimdiden \u00e7ok te\u015fekk\u00fcr ederim. Sa\u011fl\u0131\u011f\u0131n\u0131za dikkat edin!&#8221;<\/p>\n<h3>SA\u00c7LARINI KAZITAN \u00dcNL\u00dc \u015eARKICIDAN &#8220;MORAL \u00c7OK \u00d6NEML\u0130&#8221; A\u00c7IKLAMASI<\/h3>\n<p>Tedavisi devam eden \u015fark\u0131c\u0131 \u015eimal, ge\u00e7ti\u011fimiz aylarda sa\u00e7lar\u0131n\u0131 yeniden kaz\u0131tmak durumunda kalm\u0131\u015ft\u0131. \u015eimal,\u00a0&#8220;G\u00fcl\u00fcyoruz bize ya\u015fatt\u0131\u011f\u0131 her \u015feye. Tevekk\u00fcl Allah bu da di\u011ferleri gibi ge\u00e7ip gidecek. Aman d\u00fc\u015f\u00fcncelerinize dikkat edin. Moral \u00e7ok \u00f6nemli. Hastay\u0131m dedik\u00e7e hasta ediyor, k\u00f6t\u00fcy\u00fcm dedik\u00e7e k\u00f6t\u00fcle\u015fiyorsun (Tecr\u00fcbe konu\u015fuyor)<\/p>\n<p>Bu arada, \u00e7\u0131kard\u0131\u011f\u0131m \u015fark\u0131lar\u0131 sevenler, sahnemi be\u011fenenler i\u00e7in olu\u015fturulmu\u015f bunca y\u0131ld\u0131r ilmek ilmek i\u015fledi\u011fimiz bu hesapta , benden sonra bu hastal\u0131\u011f\u0131 ya\u015fayanlar ve beni \u00f6rnek alan takip\u00e7ilerimin say\u0131s\u0131 da artt\u0131. Yani ailemiz b\u00fcy\u00fcd\u00fc&#8221; ifadelerinde bulunmu\u015ftu.<\/p>\n","protected":false},"excerpt":{"rendered":"<p>Beyninde t\u00fcm\u00f6r olmas\u0131 ve meme kanserine yakalanmas\u0131 nedeniyle uzun bir s\u00fcre tedavi g\u00f6ren \u015fark\u0131c\u0131 \u015eimal, sa\u011fl\u0131k durumunu sosyal medya hesab\u0131ndan takip\u00e7ilerine aktard\u0131.<\/p>\n","protected":false},"author":27,"featured_media":123144,"comment_status":"closed","ping_status":"closed","sticky":false,"template":"","format":"standard","meta":{"rank_math_lock_modified_date":false,"footnotes":""},"categories":[76],"tags":[133,544],"class_list":["post-123135","post","type-post","status-publish","format-standard","has-post-thumbnail","hentry","category-magazin","tag-magazin","tag-simal"],"_links":{"self":[{"href":"https:\/\/www.tgrthaber.com\/mavikadin\/wp-json\/wp\/v2\/posts\/123135"}],"collection":[{"href":"https:\/\/www.tgrthaber.com\/mavikadin\/wp-json\/wp\/v2\/posts"}],"about":[{"href":"https:\/\/www.tgrthaber.com\/mavikadin\/wp-json\/wp\/v2\/types\/post"}],"author":[{"embeddable":true,"href":"https:\/\/www.tgrthaber.com\/mavikadin\/wp-json\/wp\/v2\/users\/27"}],"replies":[{"embeddable":true,"href":"https:\/\/www.tgrthaber.com\/mavikadin\/wp-json\/wp\/v2\/comments?post=123135"}],"version-history":[{"count":3,"href":"https:\/\/www.tgrthaber.com\/mavikadin\/wp-json\/wp\/v2\/posts\/123135\/revisions"}],"predecessor-version":[{"id":123149,"href":"https:\/\/www.tgrthaber.com\/mavikadin\/wp-json\/wp\/v2\/posts\/123135\/revisions\/123149"}],"wp:featuredmedia":[{"embeddable":true,"href":"https:\/\/www.tgrthaber.com\/mavikadin\/wp-json\/wp\/v2\/media\/123144"}],"wp:attachment":[{"href":"https:\/\/www.tgrthaber.com\/mavikadin\/wp-json\/wp\/v2\/media?parent=123135"}],"wp:term":[{"taxonomy":"category","embeddable":true,"href":"https:\/\/www.tgrthaber.com\/mavikadin\/wp-json\/wp\/v2\/categories?post=123135"},{"taxonomy":"post_tag","embeddable":true,"href":"https:\/\/www.tgrthaber.com\/mavikadin\/wp-json\/wp\/v2\/tags?post=123135"}],"curies":[{"name":"wp","href":"https:\/\/api.w.org\/{rel}","templated":true}]}}