{"id":123143,"date":"2025-01-18T18:52:10","date_gmt":"2025-01-18T15:52:10","guid":{"rendered":"https:\/\/www.tgrthaber.com\/mavikadin\/?p=123143"},"modified":"2025-01-18T18:55:03","modified_gmt":"2025-01-18T15:55:03","slug":"gonul-daginda-beklenmedik-olaylar-162-bolum-nefesleri-kesecek","status":"publish","type":"post","link":"https:\/\/www.tgrthaber.com\/mavikadin\/gonul-daginda-beklenmedik-olaylar-162-bolum-nefesleri-kesecek\/","title":{"rendered":"G\u00f6n\u00fcl Da\u011f\u0131&#8217;nda beklenmedik olaylar! 162. b\u00f6l\u00fcm nefesleri kesecek"},"content":{"rendered":"<p class=\"p1\">TRT 1 ekranlar\u0131n\u0131n sevilen dizisi G\u00f6n\u00fcl Da\u011f\u0131, 162. b\u00f6l\u00fcm\u00fcyle izleyiciyi ekran ba\u015f\u0131na kilitlemeye haz\u0131rlan\u0131yor. Yay\u0131nland\u0131\u011f\u0131 ilk g\u00fcnden itibaren b\u00fcy\u00fck bir ilgi g\u00f6ren ve reyting rekorlar\u0131 k\u0131ran dizi, 18 Ocak 2025 Cumartesi ak\u015fam\u0131 saat 20.00\u2019de yeni b\u00f6l\u00fcm\u00fcyle izleyiciyle bulu\u015facak. Bu hafta G\u00f6n\u00fcl Da\u011f\u0131\u2019nda, Selma ve Taner\u2019in bebek heyecan\u0131 izleyicilere duygusal anlar ya\u015fatacak. Beklenmedik olaylar\u0131n da ya\u015fanaca\u011f\u0131 yeni b\u00f6l\u00fcm, izleyicileri \u015fa\u015f\u0131rtmaya devam edecek. Peki G\u00f6n\u00fcl Da\u011f\u0131 162. b\u00f6l\u00fcmde neler oluyor? \u0130\u015fte merak edilen sorunun detayl\u0131 cevab\u0131\u2026<\/p>\n<h3>G\u00d6N\u00dcL DA\u011eI 162. B\u00d6L\u00dcMDE HEYECAN DORUKTA!<\/h3>\n<p class=\"p1\">G\u00f6n\u00fcl Da\u011f\u0131\u2019n\u0131n 162. b\u00f6l\u00fcm\u00fc, izleyicilere yine duygu y\u00fckl\u00fc anlar ve heyecan dolu bir hik\u00e2ye sunmaya haz\u0131rlan\u0131yor. 18 Ocak Cumartesi ak\u015fam\u0131 saat 20.00\u2019de TRT1 ekranlar\u0131nda izleyiciyle bulu\u015facak olan dizide, bu hafta birbirinden \u00e7arp\u0131c\u0131 geli\u015fmeler ya\u015fanacak.<\/p>\n<p class=\"p1\">Taner\u2019in annesi ve babas\u0131 aras\u0131nda ya\u015fanan gerilimler, Veysel ve Kenan\u2019\u0131n ba\u015f\u0131na gelen olaylarla birle\u015fince Kaya ailesi zor g\u00fcnler ge\u00e7irmektedir. T\u00fcm bu karma\u015faya ra\u011fmen Taner, do\u011fuma say\u0131l\u0131 g\u00fcnler kalan e\u015fi Selma\u2019ya moral vermek i\u00e7in b\u00fcy\u00fck \u00e7aba harcar. Son doktor kontrol\u00fcnde bebe\u011fin geli\u015finin \u00e7ok yakla\u015ft\u0131\u011f\u0131 ve Selma\u2019n\u0131n art\u0131k izne ayr\u0131lmas\u0131 gerekti\u011fi kararla\u015ft\u0131r\u0131l\u0131r. \u015eimdi t\u00fcm g\u00f6zler Taner ve Selma\u2019n\u0131n bebeklerine kavu\u015facaklar\u0131 o an\u0131 bekliyor.<\/p>\n<p><img loading=\"lazy\" decoding=\"async\" class=\"alignnone wp-image-123151 \" src=\"https:\/\/www.tgrthaber.com\/mavikadin\/wp-content\/uploads\/Ekran-Resmi-2025-01-18-18.47.08.png\" alt=\"\" width=\"992\" height=\"574\" title=\"\" srcset=\"https:\/\/www.tgrthaber.com\/mavikadin\/wp-content\/uploads\/Ekran-Resmi-2025-01-18-18.47.08.png 968w, https:\/\/www.tgrthaber.com\/mavikadin\/wp-content\/uploads\/Ekran-Resmi-2025-01-18-18.47.08-300x174.png 300w, https:\/\/www.tgrthaber.com\/mavikadin\/wp-content\/uploads\/Ekran-Resmi-2025-01-18-18.47.08-768x444.png 768w\" sizes=\"(max-width: 992px) 100vw, 992px\" \/><\/p>\n<hr \/>\n<p class=\"p1\">Bu s\u0131rada Gedelli, beklenmedik bir haberle sars\u0131l\u0131r. Divane\u2019nin evinde \u00e7\u0131kan yang\u0131n t\u00fcm kasabaya h\u00fcz\u00fcn getirir. Daha da endi\u015fe verici olan ise Divane\u2019nin ortadan kaybolmu\u015f olmas\u0131d\u0131r. Taner ve Selma, Gedelli halk\u0131yla birlikte Divane\u2019yi aramaya ba\u015flar, ancak hi\u00e7bir ipucu bulamazlar. Divane nerede? Selma, bu \u00fcz\u00fcnt\u00fclerin \u00fcstesinden nas\u0131l gelecek? G\u00f6n\u00fcl Da\u011f\u0131\u2019n\u0131n 162. b\u00f6l\u00fcm\u00fc, duygusal sahneler ve s\u00fcrprizlerle ekranlara geliyor.<\/p>\n<h3>SEFER, KA\u00c7IRILAN K\u0130RAZI BULAB\u0130LECEK M\u0130?<\/h3>\n<p class=\"p1\">Hakk\u0131nda \u00e7\u0131kan dedikodular ve Sefer\u2019in kendisine olan tavr\u0131 nedeniyle zor g\u00fcnler ge\u00e7iren Kiraz, yeni bir s\u0131navla kar\u015f\u0131 kar\u015f\u0131ya kal\u0131r. Kiraz\u2019\u0131 gizlice takip eden Bekir, onu ka\u00e7\u0131r\u0131r. Bu olay kasabada b\u00fcy\u00fck bir endi\u015fe olu\u015ftururken, Sefer\u2019in Kiraz\u2019\u0131 kurtar\u0131p kurtaramayaca\u011f\u0131 merak konusu. Bekir\u2019in niyeti ne ve Kiraz\u2019\u0131n kaderi nas\u0131l \u015fekillenecek? Bu sorular, yeni b\u00f6l\u00fcmde yan\u0131t bulacak.<\/p>\n<p><img loading=\"lazy\" decoding=\"async\" class=\"alignnone wp-image-123152 size-full\" src=\"https:\/\/www.tgrthaber.com\/mavikadin\/wp-content\/uploads\/Ekran-Resmi-2025-01-18-18.47.26.png\" alt=\"\" width=\"992\" height=\"564\" title=\"\" srcset=\"https:\/\/www.tgrthaber.com\/mavikadin\/wp-content\/uploads\/Ekran-Resmi-2025-01-18-18.47.26.png 992w, https:\/\/www.tgrthaber.com\/mavikadin\/wp-content\/uploads\/Ekran-Resmi-2025-01-18-18.47.26-300x171.png 300w, https:\/\/www.tgrthaber.com\/mavikadin\/wp-content\/uploads\/Ekran-Resmi-2025-01-18-18.47.26-768x437.png 768w\" sizes=\"(max-width: 992px) 100vw, 992px\" \/><\/p>\n<hr \/>\n<p class=\"p1\">Bu s\u0131rada, Veysel\u2019in doland\u0131r\u0131c\u0131lar\u0131n kurdu\u011fu tuza\u011fa d\u00fc\u015fmesiyle birlikte Kaya ailesi b\u00fcy\u00fck bir maddi s\u0131k\u0131nt\u0131ya s\u00fcr\u00fcklenir. Evlerine gelen haciz, t\u00fcm aileyi derinden etkiler. Taner, bu zor duruma \u00e7\u00f6z\u00fcm bulmak ad\u0131na yeni bir fikirle harekete ge\u00e7er. Amcao\u011fullar\u0131 Ramazan ve Kenan\u2019la birlikte hummal\u0131 bir \u00e7al\u0131\u015fmaya giri\u015fen Taner, birden fazla icad\u0131 hayata ge\u00e7irir. Gedelli halk\u0131na sunulan bu icatlar, kasabada nas\u0131l kar\u015f\u0131lanacak? Veysel, bu icatlardan gelen gelirle bor\u00e7lar\u0131n\u0131 kapatabilecek mi?<\/p>\n<p class=\"p1\">B\u00f6l\u00fcm\u00fcn bir di\u011fer dikkat \u00e7eken hik\u00e2yesi ise Fidan ve K\u0131van\u00e7\u2019\u0131n uzun zamand\u0131r beklenen bulu\u015fmas\u0131. Mektupla\u015farak ba\u015flayan dostluklar\u0131 nihayet y\u00fcz y\u00fcze bir g\u00f6r\u00fc\u015fmeye d\u00f6n\u00fc\u015f\u00fcr. Ailelerinin tan\u0131\u015fmas\u0131 i\u00e7in karar alan gen\u00e7ler, bu bulu\u015fmada yeni ad\u0131mlar atmay\u0131 planlar. Ancak aile tan\u0131\u015fmas\u0131nda ya\u015fanacak geli\u015fmeler, izleyicilere hem e\u011flenceli hem de duygusal anlar ya\u015fatacak.<\/p>\n<p><img loading=\"lazy\" decoding=\"async\" class=\"alignnone wp-image-123153 \" src=\"https:\/\/www.tgrthaber.com\/mavikadin\/wp-content\/uploads\/Ekran-Resmi-2025-01-18-18.47.13.png\" alt=\"\" width=\"980\" height=\"582\" title=\"\" srcset=\"https:\/\/www.tgrthaber.com\/mavikadin\/wp-content\/uploads\/Ekran-Resmi-2025-01-18-18.47.13.png 960w, https:\/\/www.tgrthaber.com\/mavikadin\/wp-content\/uploads\/Ekran-Resmi-2025-01-18-18.47.13-300x178.png 300w, https:\/\/www.tgrthaber.com\/mavikadin\/wp-content\/uploads\/Ekran-Resmi-2025-01-18-18.47.13-768x456.png 768w\" sizes=\"(max-width: 980px) 100vw, 980px\" \/><\/p>\n<hr \/>\n<p class=\"p1\">T\u00fcm bu olaylar ya\u015fan\u0131rken, kasabay\u0131 terk eden Beh\u00e7et\u2019in neler yapaca\u011f\u0131 ve geri d\u00f6n\u00fcp d\u00f6nmeyece\u011fi de merakla bekleniyor.\u00a0 S\u00fcrprizlerle dolu bu b\u00f6l\u00fcm, her zamanki gibi hem g\u00fcld\u00fcr\u00fcp hem duyguland\u0131racak!<\/p>\n<p>&nbsp;<\/p>\n","protected":false},"excerpt":{"rendered":"<p>TRT 1\u2019in sevilen dizisi G\u00f6n\u00fcl Da\u011f\u0131, 162. b\u00f6l\u00fcm\u00fcyle 18 Ocak 2025 Cumartesi ak\u015fam\u0131 saat 20.00\u2019de ekranlara geliyor. Selma ve Taner\u2019in bebek heyecan\u0131 duygusal anlar ya\u015fat\u0131rken, beklenmedik geli\u015fmeler izleyicileri \u015fa\u015f\u0131rtmaya devam edecek. Bu hafta neler olacak? \u0130\u015fte G\u00f6n\u00fcl Da\u011f\u0131 162. b\u00f6l\u00fcmde ya\u015fanacak geli\u015fmeler.. <\/p>\n","protected":false},"author":16,"featured_media":123154,"comment_status":"closed","ping_status":"closed","sticky":false,"template":"","format":"standard","meta":{"rank_math_lock_modified_date":false,"footnotes":""},"categories":[602],"tags":[8480,8482,7484,8481],"class_list":["post-123143","post","type-post","status-publish","format-standard","has-post-thumbnail","hentry","category-diziler","tag-gonul-dagi-162-bolum","tag-gonul-dagi-162-bolumde-neler-olacak","tag-gonul-dagi-dizisi","tag-gonul-dagi-yeni-bolumde-neler-olacak"],"_links":{"self":[{"href":"https:\/\/www.tgrthaber.com\/mavikadin\/wp-json\/wp\/v2\/posts\/123143"}],"collection":[{"href":"https:\/\/www.tgrthaber.com\/mavikadin\/wp-json\/wp\/v2\/posts"}],"about":[{"href":"https:\/\/www.tgrthaber.com\/mavikadin\/wp-json\/wp\/v2\/types\/post"}],"author":[{"embeddable":true,"href":"https:\/\/www.tgrthaber.com\/mavikadin\/wp-json\/wp\/v2\/users\/16"}],"replies":[{"embeddable":true,"href":"https:\/\/www.tgrthaber.com\/mavikadin\/wp-json\/wp\/v2\/comments?post=123143"}],"version-history":[{"count":3,"href":"https:\/\/www.tgrthaber.com\/mavikadin\/wp-json\/wp\/v2\/posts\/123143\/revisions"}],"predecessor-version":[{"id":123157,"href":"https:\/\/www.tgrthaber.com\/mavikadin\/wp-json\/wp\/v2\/posts\/123143\/revisions\/123157"}],"wp:featuredmedia":[{"embeddable":true,"href":"https:\/\/www.tgrthaber.com\/mavikadin\/wp-json\/wp\/v2\/media\/123154"}],"wp:attachment":[{"href":"https:\/\/www.tgrthaber.com\/mavikadin\/wp-json\/wp\/v2\/media?parent=123143"}],"wp:term":[{"taxonomy":"category","embeddable":true,"href":"https:\/\/www.tgrthaber.com\/mavikadin\/wp-json\/wp\/v2\/categories?post=123143"},{"taxonomy":"post_tag","embeddable":true,"href":"https:\/\/www.tgrthaber.com\/mavikadin\/wp-json\/wp\/v2\/tags?post=123143"}],"curies":[{"name":"wp","href":"https:\/\/api.w.org\/{rel}","templated":true}]}}