{"id":123150,"date":"2025-01-18T19:07:42","date_gmt":"2025-01-18T16:07:42","guid":{"rendered":"https:\/\/www.tgrthaber.com\/mavikadin\/?p=123150"},"modified":"2025-01-18T19:07:42","modified_gmt":"2025-01-18T16:07:42","slug":"basrollerinde-alina-boz-ile-cihangir-ceyhanin-oldugu-bir-zamanlar-istanbul-dizisi-simdiden-merak-uyandirdi","status":"publish","type":"post","link":"https:\/\/www.tgrthaber.com\/mavikadin\/basrollerinde-alina-boz-ile-cihangir-ceyhanin-oldugu-bir-zamanlar-istanbul-dizisi-simdiden-merak-uyandirdi\/","title":{"rendered":"Ba\u015frollerinde Alina Boz ile Cihangir Ceyhan&#8217;\u0131n oldu\u011fu &#8216;Bir Zamanlar \u0130stanbul&#8217; dizisi \u015fimdiden merak uyand\u0131rd\u0131!"},"content":{"rendered":"<p>TRT1 kanal\u0131nda \u00e7ok yak\u0131nda ekranlarda yerini almaya haz\u0131rlanan \u201cBir Zamanlar \u0130stanbul\u201d dizisi i\u00e7in heyecan dorukta. Yakla\u015f\u0131k alt\u0131 ay boyunca \u00f6zel bir haz\u0131rl\u0131k i\u00e7erisinde oldu\u011fu bilinen dizi ekibinde \u00e7al\u0131\u015fmalar son h\u0131z\u0131yla devam ediyor.<\/p>\n<p>Kendine \u00f6zg\u00fc konusu, g\u00fc\u00e7l\u00fc oyuncu kadrosu ve ho\u015f dekorlar\u0131yla yeni sezon dizileri aras\u0131nda \u00e7ok konu\u015fulacak bir diziye benzeyen \u201cBir Zamanlar \u0130stanbul\u201d sezonun en iddial\u0131 yap\u0131m\u0131 olarak izleyici kar\u015f\u0131s\u0131na \u00e7\u0131kacak.<\/p>\n<h3>&#8216;B\u0130R ZAMANLAR \u0130STANBUL&#8217; D\u0130Z\u0130S\u0130N\u0130N BA\u015eROLLER\u0130 BULU\u015eTU!<\/h3>\n<p>Trt1 kanal\u0131n\u0131n yeni sezon dizisi olmaya haz\u0131rlanan &#8216;Bir Zamanlar \u0130stanbul&#8217; dizisinde \u00f6nemli karakteri canland\u0131racak olan g\u00fczel oyuncu Alina Boz ile yak\u0131\u015f\u0131kl\u0131 oyuncu Cihangir Ceyhan dizi \u00e7ekimi i\u00e7in bir araya geldi.<\/p>\n<p><img loading=\"lazy\" decoding=\"async\" class=\"alignnone wp-image-123161\" src=\"https:\/\/www.tgrthaber.com\/mavikadin\/wp-content\/uploads\/maxresdefault.jpg\" alt=\"\" width=\"1208\" height=\"680\" title=\"\" srcset=\"https:\/\/www.tgrthaber.com\/mavikadin\/wp-content\/uploads\/maxresdefault.jpg 1280w, https:\/\/www.tgrthaber.com\/mavikadin\/wp-content\/uploads\/maxresdefault-300x169.jpg 300w, https:\/\/www.tgrthaber.com\/mavikadin\/wp-content\/uploads\/maxresdefault-1024x576.jpg 1024w, https:\/\/www.tgrthaber.com\/mavikadin\/wp-content\/uploads\/maxresdefault-768x432.jpg 768w\" sizes=\"(max-width: 1208px) 100vw, 1208px\" \/><\/p>\n<hr \/>\n<p>D\u00f6nemin ruhunu aynen yans\u0131tmay\u0131 hedefleyen TRT1&#8217;in yeni dizisi &#8216;Bir Zamanlar \u0130stanbul&#8217;, izleyicilere kar\u015f\u0131 sunaca\u011f\u0131 \u00f6zg\u00fcn hikayesi kadar\u00a0 mekanlar\u0131, \u00e7alan m\u00fczikleri ve oyuncular\u0131n giyecekleri k\u0131yafet tarzlar\u0131 ile de 90\u2019lar\u0131 tekrardan g\u00fcn y\u00fcz\u00fcne \u00e7\u0131kartmak i\u00e7in g\u00fcn say\u0131yor.<\/p>\n<h3>\u0130ZLEY\u0130C\u0130LER\u0130N B\u0130R NUMARALI D\u0130Z\u0130S\u0130 OLACAK! SEZONUN EN \u0130DD\u0130ALI PROJES\u0130&#8230;<\/h3>\n<p>Proje tasar\u0131m\u0131 Mehmet Bozda\u011f&#8217;a ait olup, y\u00f6netmen koltu\u011funda ise Metin G\u00fcnay\u2019\u0131n oturdu\u011fu\u00a0 \u201cBir Zamanlar \u0130stanbul\u201dun ba\u015far\u0131l\u0131 ve g\u00fc\u00e7l\u00fc oyuncu kadrosunda yeni ku\u015fa\u011f\u0131n parlayan y\u0131ld\u0131z isimleri ile deneyimli oyuncular bir noktada bulu\u015facak.<\/p>\n<p><img loading=\"lazy\" decoding=\"async\" class=\"alignnone wp-image-123162\" src=\"https:\/\/www.tgrthaber.com\/mavikadin\/wp-content\/uploads\/ceyhancihangir_1728546575_3475623041405423733_1447732710-850x567-1.jpg\" alt=\"\" width=\"1208\" height=\"806\" title=\"\" srcset=\"https:\/\/www.tgrthaber.com\/mavikadin\/wp-content\/uploads\/ceyhancihangir_1728546575_3475623041405423733_1447732710-850x567-1.jpg 850w, https:\/\/www.tgrthaber.com\/mavikadin\/wp-content\/uploads\/ceyhancihangir_1728546575_3475623041405423733_1447732710-850x567-1-300x200.jpg 300w, https:\/\/www.tgrthaber.com\/mavikadin\/wp-content\/uploads\/ceyhancihangir_1728546575_3475623041405423733_1447732710-850x567-1-768x512.jpg 768w\" sizes=\"(max-width: 1208px) 100vw, 1208px\" \/><\/p>\n<hr \/>\n<p>&#8216;Bir Zamanlar \u0130stanbul&#8217; dizisinin ba\u015far\u0131l\u0131 oyuncu kadrosunda \u00fcnl\u00fc isimlerden Cihangir Ceyhan, Alina Boz, H\u00fcseyin Avni Danyal, Murat Daltaban, Deniz Celilo\u011flu, Kaan Ta\u015faner, \u015eebnem D\u00f6nmez, \u00d6zge \u00d6zder, Didem Bal\u00e7\u0131n, \u0130pek Karap\u0131nar, Mirza Bahattin Do\u011fan, \u00dcmit Kantarc\u0131lar, Serdar \u00d6zer ve Nihal Kolda\u015f\u2019dan olu\u015fan kadro k\u0131sa zamanda ekranlarda oyunculuk performanslar\u0131n\u0131 sergileyecek.<\/p>\n<p>TRT1 ekranlar\u0131nda yerini almaya haz\u0131rlanan ve oyuncu kadrosunda birbirinden \u00fcnl\u00fc isimlerin oldu\u011fu \u201cBir Zamanlar \u0130stanbul\u201d izleyicilerin akl\u0131nda kalacak unutulmaz sahneleri, karakterleri ve izleyenlerin g\u00f6nl\u00fcne dokunacak hik\u00e2yesiyle sezonun en iddial\u0131 yap\u0131m\u0131 olacak.<\/p>\n","protected":false},"excerpt":{"rendered":"<p>TRT 1 ekranlar\u0131n\u0131n en iddial\u0131 dizilerinden olmaya haz\u0131rlanan &#8216;Bir Zamanlar \u0130stanbul&#8217; dizisinin ba\u015frol oyuncular\u0131 Alina Boz ile Cihangir Ceyhan bulu\u015ftu.<\/p>\n","protected":false},"author":27,"featured_media":123160,"comment_status":"closed","ping_status":"closed","sticky":false,"template":"","format":"standard","meta":{"rank_math_lock_modified_date":false,"footnotes":""},"categories":[602],"tags":[3138,8483,8484,2652],"class_list":["post-123150","post","type-post","status-publish","format-standard","has-post-thumbnail","hentry","category-diziler","tag-alina-boz","tag-bir-zamanlar-istanbul-dizisi","tag-bir-zamanlar-istanbul-dizisi-oyunculari","tag-cihangir-ceyhan"],"_links":{"self":[{"href":"https:\/\/www.tgrthaber.com\/mavikadin\/wp-json\/wp\/v2\/posts\/123150"}],"collection":[{"href":"https:\/\/www.tgrthaber.com\/mavikadin\/wp-json\/wp\/v2\/posts"}],"about":[{"href":"https:\/\/www.tgrthaber.com\/mavikadin\/wp-json\/wp\/v2\/types\/post"}],"author":[{"embeddable":true,"href":"https:\/\/www.tgrthaber.com\/mavikadin\/wp-json\/wp\/v2\/users\/27"}],"replies":[{"embeddable":true,"href":"https:\/\/www.tgrthaber.com\/mavikadin\/wp-json\/wp\/v2\/comments?post=123150"}],"version-history":[{"count":2,"href":"https:\/\/www.tgrthaber.com\/mavikadin\/wp-json\/wp\/v2\/posts\/123150\/revisions"}],"predecessor-version":[{"id":123164,"href":"https:\/\/www.tgrthaber.com\/mavikadin\/wp-json\/wp\/v2\/posts\/123150\/revisions\/123164"}],"wp:featuredmedia":[{"embeddable":true,"href":"https:\/\/www.tgrthaber.com\/mavikadin\/wp-json\/wp\/v2\/media\/123160"}],"wp:attachment":[{"href":"https:\/\/www.tgrthaber.com\/mavikadin\/wp-json\/wp\/v2\/media?parent=123150"}],"wp:term":[{"taxonomy":"category","embeddable":true,"href":"https:\/\/www.tgrthaber.com\/mavikadin\/wp-json\/wp\/v2\/categories?post=123150"},{"taxonomy":"post_tag","embeddable":true,"href":"https:\/\/www.tgrthaber.com\/mavikadin\/wp-json\/wp\/v2\/tags?post=123150"}],"curies":[{"name":"wp","href":"https:\/\/api.w.org\/{rel}","templated":true}]}}