{"id":123158,"date":"2025-01-18T19:22:08","date_gmt":"2025-01-18T16:22:08","guid":{"rendered":"https:\/\/www.tgrthaber.com\/mavikadin\/?p=123158"},"modified":"2025-01-18T19:22:47","modified_gmt":"2025-01-18T16:22:47","slug":"survivor-2025-dilsah-kurt-gozyaslarina-boguldu-hayat-hikayesiyle-yurek-burktu","status":"publish","type":"post","link":"https:\/\/www.tgrthaber.com\/mavikadin\/survivor-2025-dilsah-kurt-gozyaslarina-boguldu-hayat-hikayesiyle-yurek-burktu\/","title":{"rendered":"Survivor 2025 Dil\u015fah Kurt g\u00f6zya\u015flar\u0131na bo\u011fuldu! Hayat hikayesiyle y\u00fcrek burktu!"},"content":{"rendered":"<p class=\"p1\">Survivor 2025 All Star\u2019da heyecan t\u00fcm h\u0131z\u0131yla s\u00fcrerken, yar\u0131\u015fman\u0131n dikkat \u00e7eken isimlerinden Dil\u015fah Kurt\u2019un ya\u015fam \u00f6yk\u00fcs\u00fc izleyenleri derinden etkiledi. R\u00f6portaj s\u0131ras\u0131nda g\u00f6zya\u015flar\u0131n\u0131 tutamayan Dil\u015fah, \u201cBen \u00fcst\u00fc a\u00e7\u0131k bir yerde b\u00fcy\u00fcd\u00fcm\u201d s\u00f6zleriyle zor ge\u00e7en \u00e7ocuklu\u011funu anlatt\u0131. Duygular\u0131na hakim olamayan Dil\u015fah, a\u011flamaktan konu\u015fmas\u0131na devam edemedi.<\/p>\n<h3>SURV\u0130VOR 2025 D\u0130L\u015eAH KURT HAYAT H\u0130KAYES\u0130YLE Y\u00dcREK BURKTU<\/h3>\n<p class=\"p2\">Survivor 2025 All Star\u2019da m\u00fccadele t\u00fcm heyecan\u0131yla devam ederken, yar\u0131\u015fman\u0131n g\u00fc\u00e7l\u00fc isimlerinden biri olan Dil\u015fah Kurt\u2019un ya\u015fam hikayesi izleyicileri derinden etkiledi. Zorlu bir ge\u00e7mi\u015ften gelen Dil\u015fah, verdi\u011fi r\u00f6portaj s\u0131ras\u0131nda \u00e7ocuklu\u011funda ya\u015fad\u0131\u011f\u0131 s\u0131k\u0131nt\u0131lar\u0131 g\u00f6zya\u015flar\u0131yla anlatt\u0131. \u201cBen \u00fcst\u00fc a\u00e7\u0131k bir yerde b\u00fcy\u00fcd\u00fcm\u201d diyerek ba\u015flayan Dil\u015fah, ge\u00e7mi\u015fte ya\u015fad\u0131\u011f\u0131 zor g\u00fcnleri anlat\u0131rken s\u0131k s\u0131k konu\u015fmas\u0131na ara vermek zorunda kald\u0131.<\/p>\n<p><img loading=\"lazy\" decoding=\"async\" class=\"alignnone wp-image-123165 size-large\" src=\"https:\/\/www.tgrthaber.com\/mavikadin\/wp-content\/uploads\/Ekran-Resmi-2025-01-18-19.16.07-1024x622.png\" alt=\"\" width=\"1024\" height=\"622\" title=\"\" srcset=\"https:\/\/www.tgrthaber.com\/mavikadin\/wp-content\/uploads\/Ekran-Resmi-2025-01-18-19.16.07-1024x622.png 1024w, https:\/\/www.tgrthaber.com\/mavikadin\/wp-content\/uploads\/Ekran-Resmi-2025-01-18-19.16.07-300x182.png 300w, https:\/\/www.tgrthaber.com\/mavikadin\/wp-content\/uploads\/Ekran-Resmi-2025-01-18-19.16.07-768x466.png 768w, https:\/\/www.tgrthaber.com\/mavikadin\/wp-content\/uploads\/Ekran-Resmi-2025-01-18-19.16.07.png 1294w\" sizes=\"(max-width: 1024px) 100vw, 1024px\" \/><\/p>\n<hr \/>\n<p class=\"p2\">H\u0131\u00e7k\u0131r\u0131klarla kesilen s\u00f6zlerinde Dil\u015fah, \u201cBen 12 ya\u015f\u0131ndayken anne oldum, baba oldum, bir de abla oldum. Baraka bana \u015fu an ev gibi geliyor \u00e7\u00fcnk\u00fc \u00fcst\u00fc kapal\u0131. \u00c7ocuklu\u011fumda beni karde\u015flerimden ay\u0131rd\u0131lar ve yapayaln\u0131z kald\u0131m\u201d ifadelerini kulland\u0131. Ya\u015fad\u0131\u011f\u0131 bu a\u011f\u0131r travmalar\u0131 dile getirirken g\u00fc\u00e7l\u00fc durmaya \u00e7al\u0131\u015fsa da, duygular\u0131na hakim olamayan Dil\u015fah g\u00f6zya\u015flar\u0131na bo\u011fuldu.<\/p>\n<p class=\"p2\">Zorluklarla dolu hayat\u0131 ve m\u00fccadeleci ruhuyla dikkat \u00e7eken Dil\u015fah Kurt, Survivor\u2019daki kararl\u0131l\u0131\u011f\u0131 ve azmiyle \u015fimdiden izleyicilerin takdirini toplad\u0131. \u00c7ocuklu\u011fundan itibaren hayat\u0131n y\u00fck\u00fcn\u00fc omuzlar\u0131nda ta\u015f\u0131yan Dil\u015fah, Survivor\u2019da yaln\u0131zca fiziksel de\u011fil, duygusal olarak da b\u00fcy\u00fck bir sava\u015f verdi\u011fini g\u00f6sterdi. Instagram\u2019da 30 bine yak\u0131n takip\u00e7isi bulunan Dil\u015fah Kurt, anlatt\u0131\u011f\u0131 hikaye ile sosyal medyada da b\u00fcy\u00fck yank\u0131 uyand\u0131rd\u0131.<\/p>\n<p><img loading=\"lazy\" decoding=\"async\" class=\"alignnone wp-image-123167 size-large\" src=\"https:\/\/www.tgrthaber.com\/mavikadin\/wp-content\/uploads\/Ekran-Resmi-2025-01-18-19.16.12-1024x602.png\" alt=\"\" width=\"1024\" height=\"602\" title=\"\" srcset=\"https:\/\/www.tgrthaber.com\/mavikadin\/wp-content\/uploads\/Ekran-Resmi-2025-01-18-19.16.12-1024x602.png 1024w, https:\/\/www.tgrthaber.com\/mavikadin\/wp-content\/uploads\/Ekran-Resmi-2025-01-18-19.16.12-300x176.png 300w, https:\/\/www.tgrthaber.com\/mavikadin\/wp-content\/uploads\/Ekran-Resmi-2025-01-18-19.16.12-768x451.png 768w, https:\/\/www.tgrthaber.com\/mavikadin\/wp-content\/uploads\/Ekran-Resmi-2025-01-18-19.16.12.png 1314w\" sizes=\"(max-width: 1024px) 100vw, 1024px\" \/><\/p>\n<hr \/>\n<h3>D\u0130L\u015eAH KURT K\u0130MD\u0130R, KA\u00c7 YA\u015eINDA?<\/h3>\n<p class=\"p1\">Fenerbah\u00e7e Spor Kul\u00fcb\u00fc\u2019n\u00fcn ba\u015far\u0131l\u0131 boks\u00f6rlerinden Dil\u015fah Kurt, 2025 Survivor G\u00f6n\u00fcll\u00fcler tak\u0131m\u0131nda yerini ald\u0131. Milli forma ile b\u00fcy\u00fck ba\u015far\u0131lara imza atan Dil\u015fah, 32. Uluslararas\u0131 Ahmet C\u00f6mert Boks Turnuvas\u0131\u2019nda 57 kiloda m\u00fccadele ederek bronz madalya kazand\u0131 ve yetene\u011fini bir kez daha kan\u0131tlad\u0131. Survivor\u2019\u0131n ilk tan\u0131t\u0131m fragman\u0131nda dikkat \u00e7eken s\u00f6zleriyle izleyicilerin ilgisini \u00e7eken Dil\u015fah, \u201cBen Dil\u015fah. \u0130nsan ailesini se\u00e7emez, ama tak\u0131m\u0131n\u0131 se\u00e7ebilir. Hayat\u0131m zordu, bu y\u00fczden Survivor bana kolay gelecek\u201d<span class=\"Apple-converted-space\">\u00a0 <\/span>s\u00f6zleriyle dikkat \u00e7ekmi\u015fti.<\/p>\n<p><img loading=\"lazy\" decoding=\"async\" class=\"alignnone wp-image-123168 size-large\" src=\"https:\/\/www.tgrthaber.com\/mavikadin\/wp-content\/uploads\/Ekran-Resmi-2025-01-18-19.16.29-1024x645.png\" alt=\"\" width=\"1024\" height=\"645\" title=\"\" srcset=\"https:\/\/www.tgrthaber.com\/mavikadin\/wp-content\/uploads\/Ekran-Resmi-2025-01-18-19.16.29-1024x645.png 1024w, https:\/\/www.tgrthaber.com\/mavikadin\/wp-content\/uploads\/Ekran-Resmi-2025-01-18-19.16.29-300x189.png 300w, https:\/\/www.tgrthaber.com\/mavikadin\/wp-content\/uploads\/Ekran-Resmi-2025-01-18-19.16.29-768x484.png 768w, https:\/\/www.tgrthaber.com\/mavikadin\/wp-content\/uploads\/Ekran-Resmi-2025-01-18-19.16.29.png 1244w\" sizes=\"(max-width: 1024px) 100vw, 1024px\" \/><\/p>\n<hr \/>\n<p class=\"p1\">1992 y\u0131l\u0131nda \u0130stanbul\u2019da d\u00fcnyaya gelen Dil\u015fah Kurt, hayat\u0131n zorluklar\u0131yla erken ya\u015fta y\u00fczle\u015fmek zorunda kald\u0131. Yaln\u0131z ba\u015f\u0131na b\u00fcy\u00fcyen ve kendi ayaklar\u0131 \u00fczerinde durmay\u0131 \u00f6\u011frenen Kurt, g\u00fc\u00e7l\u00fc duru\u015fuyla dikkat \u00e7ekti. E\u011fitim hayat\u0131nda azimle ilerleyen Dil\u015fah, ilkokul, ortaokul ve lise e\u011fitimini ba\u015far\u0131yla tamamlad\u0131. Spor alan\u0131na duydu\u011fu tutku sayesinde akademik yolculu\u011funu da bu alanda s\u00fcrd\u00fcrme karar\u0131 ald\u0131. \u015eu anda Ayd\u0131n Adnan Menderes \u00dcniversitesi Spor Bilimleri Fak\u00fcltesi\u2019nde \u00f6\u011frenim g\u00f6ren Dil\u015fah Kurt, hem akademik hem de sportif alandaki ba\u015far\u0131s\u0131yla \u00e7evresine ilham kayna\u011f\u0131 oluyor.<\/p>\n","protected":false},"excerpt":{"rendered":"<p>Survivor 2025 All Star\u2019da m\u00fccadele devam ederken, yar\u0131\u015fmac\u0131lardan Dil\u015fah Kurt\u2019un ge\u00e7mi\u015fine dair anlatt\u0131klar\u0131 izleyicileri derinden etkiledi. R\u00f6portaj s\u0131ras\u0131nda \u00e7ocuklu\u011funa dair duygusal an\u0131lar payla\u015fan Dil\u015fah, \u201cBen \u00fcst\u00fc a\u00e7\u0131k bir yerde b\u00fcy\u00fcd\u00fcm\u201d diyerek ya\u015fad\u0131\u011f\u0131 zorluklar\u0131 dile getirdi. Dil\u015fah\u2019\u0131n hayat hikayesi izleyenlerin y\u00fcreklerini s\u0131zlatt\u0131. <\/p>\n","protected":false},"author":16,"featured_media":123169,"comment_status":"closed","ping_status":"closed","sticky":false,"template":"","format":"standard","meta":{"rank_math_lock_modified_date":false,"footnotes":""},"categories":[101],"tags":[8486,8485],"class_list":["post-123158","post","type-post","status-publish","format-standard","has-post-thumbnail","hentry","category-kesfet","tag-survivor-2025-dilsah-kurt","tag-survivor-2025-dilsah-kurt-hayat-hikayesi"],"_links":{"self":[{"href":"https:\/\/www.tgrthaber.com\/mavikadin\/wp-json\/wp\/v2\/posts\/123158"}],"collection":[{"href":"https:\/\/www.tgrthaber.com\/mavikadin\/wp-json\/wp\/v2\/posts"}],"about":[{"href":"https:\/\/www.tgrthaber.com\/mavikadin\/wp-json\/wp\/v2\/types\/post"}],"author":[{"embeddable":true,"href":"https:\/\/www.tgrthaber.com\/mavikadin\/wp-json\/wp\/v2\/users\/16"}],"replies":[{"embeddable":true,"href":"https:\/\/www.tgrthaber.com\/mavikadin\/wp-json\/wp\/v2\/comments?post=123158"}],"version-history":[{"count":1,"href":"https:\/\/www.tgrthaber.com\/mavikadin\/wp-json\/wp\/v2\/posts\/123158\/revisions"}],"predecessor-version":[{"id":123170,"href":"https:\/\/www.tgrthaber.com\/mavikadin\/wp-json\/wp\/v2\/posts\/123158\/revisions\/123170"}],"wp:featuredmedia":[{"embeddable":true,"href":"https:\/\/www.tgrthaber.com\/mavikadin\/wp-json\/wp\/v2\/media\/123169"}],"wp:attachment":[{"href":"https:\/\/www.tgrthaber.com\/mavikadin\/wp-json\/wp\/v2\/media?parent=123158"}],"wp:term":[{"taxonomy":"category","embeddable":true,"href":"https:\/\/www.tgrthaber.com\/mavikadin\/wp-json\/wp\/v2\/categories?post=123158"},{"taxonomy":"post_tag","embeddable":true,"href":"https:\/\/www.tgrthaber.com\/mavikadin\/wp-json\/wp\/v2\/tags?post=123158"}],"curies":[{"name":"wp","href":"https:\/\/api.w.org\/{rel}","templated":true}]}}