{"id":123175,"date":"2025-01-18T19:58:42","date_gmt":"2025-01-18T16:58:42","guid":{"rendered":"https:\/\/www.tgrthaber.com\/mavikadin\/?p=123175"},"modified":"2025-01-18T20:06:49","modified_gmt":"2025-01-18T17:06:49","slug":"survivor-2025-adem-konseyi-terk-etti-ortalik-fena-karisti-ben-bunla-yapamam-deyip-cileden-cikti","status":"publish","type":"post","link":"https:\/\/www.tgrthaber.com\/mavikadin\/survivor-2025-adem-konseyi-terk-etti-ortalik-fena-karisti-ben-bunla-yapamam-deyip-cileden-cikti\/","title":{"rendered":"Survivor 2025 Adem konseyi terk etti, ortal\u0131k fena kar\u0131\u015ft\u0131! &#8216;Ben bunla yapamam&#8217; deyip \u00e7ileden \u00e7\u0131kt\u0131"},"content":{"rendered":"<p class=\"p1\">Survivor 2025 sezonu, izleyicilere unutulmaz anlar ya\u015fatmaya devam ediyor. Bu y\u0131l yar\u0131\u015fmada yeniden yer alan ve adada m\u00fccadeleye kat\u0131lan Adem, \u00f6nceki sezonlardan \u00e7ok farkl\u0131 bir tav\u0131r sergiliyor. Sevilen yar\u0131\u015fmac\u0131, bu kez daha h\u0131rsl\u0131 ve duygusal y\u00f6n\u00fcyle dikkat \u00e7ekiyor. Son b\u00f6l\u00fcmde, Almeda ile ya\u015fad\u0131\u011f\u0131 kavga gerilimi iyice art\u0131rd\u0131. Tart\u0131\u015fma s\u0131ras\u0131nda sakinli\u011fini korumakta zorlanan Adem, konseyde adeta patlad\u0131. \u00c7\u0131ld\u0131rd\u0131\u011f\u0131 anlar izleyicileri \u015fa\u015fk\u0131na \u00e7evirirken, Survivor tarihinde iz b\u0131rakacak olaylardan biri ya\u015fand\u0131. Fragmanda Adem\u2019in konseyi terk etti\u011fi g\u00f6r\u00fcl\u00fcyor. Survivor 18 Ocak 2025 ak\u015fam\u0131 ya\u015fanacaklar merakla bekleniyor.<\/p>\n<h3>SURV\u0130VOR 2025 ADEM KONSEY\u0130 TERK ETT\u0130, ORTALIK KARI\u015eTI<\/h3>\n<p class=\"p1\">TV8\u2019in fenomen yar\u0131\u015fma program\u0131 Survivor, 2025 sezonunda da heyecan\u0131 dorukta ya\u015fatmaya devam ediyor. Her b\u00f6l\u00fcm\u00fcyle izleyiciyi ekrana kilitleyen yar\u0131\u015fmada, bu kez Adem ve Almeda aras\u0131nda ya\u015fanan sert tart\u0131\u015fma g\u00fcndemin oda\u011f\u0131 oldu. Survivor izleyicisinin sakinli\u011fi ve stratejik hamleleriyle tan\u0131d\u0131\u011f\u0131 Adem, yay\u0131nlanan son fragmanda al\u0131\u015f\u0131lm\u0131\u015f\u0131n d\u0131\u015f\u0131nda bir tav\u0131r sergiledi.<\/p>\n<div style=\"width: 640px;\" class=\"wp-video\"><!--[if lt IE 9]><script>document.createElement('video');<\/script><![endif]-->\n<video class=\"wp-video-shortcode\" id=\"video-123175-1\" width=\"640\" height=\"387\" preload=\"metadata\" controls=\"controls\"><source type=\"video\/mp4\" src=\"https:\/\/www.tgrthaber.com\/mavikadin\/wp-content\/uploads\/adem.mp4?_=1\" \/><a href=\"https:\/\/www.tgrthaber.com\/mavikadin\/wp-content\/uploads\/adem.mp4\">https:\/\/www.tgrthaber.com\/mavikadin\/wp-content\/uploads\/adem.mp4<\/a><\/video><\/div>\n<p class=\"p1\">Almeda\u2019n\u0131n a\u00e7\u0131klamalar\u0131yla ba\u015flayan gerginlik, k\u0131sa s\u00fcrede b\u00fcy\u00fcyerek hararetli bir tart\u0131\u015fmaya d\u00f6n\u00fc\u015ft\u00fc. Adem\u2019in, Almeda\u2019n\u0131n s\u00f6zlerine duydu\u011fu tepkiyle konseyi terk etmesi, adada adeta bir \u015fok etkisine neden oldu.\u00a0 Sevilen yar\u0131\u015fmac\u0131n\u0131n bu beklenmedik \u00e7\u0131k\u0131\u015f\u0131, di\u011fer yar\u0131\u015fmac\u0131lar kadar izleyicileri de \u015fa\u015fk\u0131na \u00e7evirdi. Adem\u2019in tav\u0131rlar\u0131, Survivor\u2019da dengelerin nas\u0131l de\u011fi\u015fece\u011fine dair soru i\u015faretlerini beraberinde getirdi.<\/p>\n<p class=\"p1\">Almeda ve Adem aras\u0131nda ya\u015fanan bu gerilim, Survivor tarihine damga vuracak anlardan biri olmaya aday. \u0130zleyiciler \u015fimdi, konseyi terk eden Adem\u2019in yar\u0131\u015fmadaki sonraki hamlesini ve bu olay\u0131n tak\u0131m i\u00e7indeki dengeleri nas\u0131l etkileyece\u011fini b\u00fcy\u00fck bir merakla bekliyor. Yeni b\u00f6l\u00fcm, yine unutulmaz sahnelerle ekrana gelecek gibi g\u00f6r\u00fcn\u00fcyor.<\/p>\n<p><img loading=\"lazy\" decoding=\"async\" class=\"alignnone wp-image-123180 \" src=\"https:\/\/www.tgrthaber.com\/mavikadin\/wp-content\/uploads\/Ekran-Resmi-2025-01-18-19.54.36.png\" alt=\"\" width=\"986\" height=\"559\" title=\"\" srcset=\"https:\/\/www.tgrthaber.com\/mavikadin\/wp-content\/uploads\/Ekran-Resmi-2025-01-18-19.54.36.png 974w, https:\/\/www.tgrthaber.com\/mavikadin\/wp-content\/uploads\/Ekran-Resmi-2025-01-18-19.54.36-300x170.png 300w, https:\/\/www.tgrthaber.com\/mavikadin\/wp-content\/uploads\/Ekran-Resmi-2025-01-18-19.54.36-768x435.png 768w\" sizes=\"(max-width: 986px) 100vw, 986px\" \/><\/p>\n<hr \/>\n<h3>ADEM KILI\u00c7CI K\u0130MD\u0130R, KA\u00c7 YA\u015eINDA?<\/h3>\n<p class=\"p1\">1986 y\u0131l\u0131nda A\u011fr\u0131\u2019da d\u00fcnyaya gelen Adem K\u0131l\u0131\u00e7c\u0131, k\u00f6kenleri Kafkasya\u2019dan T\u00fcrkiye\u2019ye g\u00f6\u00e7 etmi\u015f olan Karapapak T\u00fcrkleri\u2019ne dayanan bir ailenin evlad\u0131d\u0131r. Spora olan ilgisini gen\u00e7 ya\u015flarda fark eden K\u0131l\u0131\u00e7c\u0131, boks alan\u0131nda \u00f6nemli ba\u015far\u0131lar elde ederek ad\u0131n\u0131 duyurmay\u0131 ba\u015fard\u0131. \u0130stanbul\u2019da Fenerbah\u00e7e Boks \u015eubesi\u2019ne kat\u0131larak profesyonel kariyerine y\u00f6n veren Adem K\u0131l\u0131\u00e7c\u0131, 2004 y\u0131l\u0131nda Antalya\u2019da d\u00fczenlenen D\u00fcnya Boks \u015eampiyonas\u0131\u2019nda g\u00fcm\u00fc\u015f madalya kazanarak dikkatleri \u00fczerine \u00e7ekti. 2007 y\u0131l\u0131nda \u015eikago\u2019da yap\u0131lan D\u00fcnya Amat\u00f6r Boks \u015eampiyonas\u0131\u2019nda ise bronz madalya elde ederek uluslararas\u0131 arenada T\u00fcrkiye\u2019yi gururla temsil etti.<\/p>\n<p><img loading=\"lazy\" decoding=\"async\" class=\"alignnone wp-image-123182 \" src=\"https:\/\/www.tgrthaber.com\/mavikadin\/wp-content\/uploads\/Ekran-Resmi-2025-01-18-19.54.27.png\" alt=\"\" width=\"983\" height=\"601\" title=\"\" srcset=\"https:\/\/www.tgrthaber.com\/mavikadin\/wp-content\/uploads\/Ekran-Resmi-2025-01-18-19.54.27.png 900w, https:\/\/www.tgrthaber.com\/mavikadin\/wp-content\/uploads\/Ekran-Resmi-2025-01-18-19.54.27-300x183.png 300w, https:\/\/www.tgrthaber.com\/mavikadin\/wp-content\/uploads\/Ekran-Resmi-2025-01-18-19.54.27-768x469.png 768w\" sizes=\"(max-width: 983px) 100vw, 983px\" \/><\/p>\n<hr \/>\n<p class=\"p1\">Adem K\u0131l\u0131\u00e7c\u0131, 2008 Yaz Olimpiyatlar\u0131\u2019nda 69 kiloda m\u00fccadele etti. \u0130ngiliz boks\u00f6r Billy Joe Saunders ile kar\u015f\u0131la\u015ft\u0131\u011f\u0131 ma\u00e7ta 14-3 skorla ma\u011flup olarak olimpiyatlara veda etti. Ancak bu yenilgi, onun spor d\u00fcnyas\u0131ndaki azmi ve kararl\u0131l\u0131\u011f\u0131n\u0131 hi\u00e7bir \u015fekilde azaltmad\u0131. Adem K\u0131l\u0131\u00e7c\u0131, T\u00fcrk sporunun \u00f6nemli isimlerinden biri olarak ad\u0131n\u0131 tarihe yazd\u0131rmaya devam etti.<\/p>\n","protected":false},"excerpt":{"rendered":"<p>Survivor 2025, heyecan dolu anlar\u0131yla izleyicileri ekrana kilitlemeye devam ediyor. Yeniden yar\u0131\u015fmaya kat\u0131lan Adem\u2019in Almeda ile ya\u015fad\u0131\u011f\u0131 tart\u0131\u015fma s\u0131ras\u0131nda gerilim doru\u011fa \u00e7\u0131kt\u0131. Adem\u2019in konseydeki sert tepkisi ve fragmanda g\u00f6r\u00fclen konseyden ayr\u0131l\u0131\u015f\u0131, izleyicileri \u015fa\u015f\u0131rtt\u0131. <\/p>\n","protected":false},"author":16,"featured_media":123189,"comment_status":"closed","ping_status":"closed","sticky":false,"template":"","format":"standard","meta":{"rank_math_lock_modified_date":false,"footnotes":""},"categories":[101],"tags":[8391,8487,8488],"class_list":["post-123175","post","type-post","status-publish","format-standard","has-post-thumbnail","hentry","category-kesfet","tag-survivor-2025-adem-kilicci","tag-survivor-2025-adem-konsey","tag-survivor-2025-adem-konseyi-terk-etti"],"_links":{"self":[{"href":"https:\/\/www.tgrthaber.com\/mavikadin\/wp-json\/wp\/v2\/posts\/123175"}],"collection":[{"href":"https:\/\/www.tgrthaber.com\/mavikadin\/wp-json\/wp\/v2\/posts"}],"about":[{"href":"https:\/\/www.tgrthaber.com\/mavikadin\/wp-json\/wp\/v2\/types\/post"}],"author":[{"embeddable":true,"href":"https:\/\/www.tgrthaber.com\/mavikadin\/wp-json\/wp\/v2\/users\/16"}],"replies":[{"embeddable":true,"href":"https:\/\/www.tgrthaber.com\/mavikadin\/wp-json\/wp\/v2\/comments?post=123175"}],"version-history":[{"count":1,"href":"https:\/\/www.tgrthaber.com\/mavikadin\/wp-json\/wp\/v2\/posts\/123175\/revisions"}],"predecessor-version":[{"id":123183,"href":"https:\/\/www.tgrthaber.com\/mavikadin\/wp-json\/wp\/v2\/posts\/123175\/revisions\/123183"}],"wp:featuredmedia":[{"embeddable":true,"href":"https:\/\/www.tgrthaber.com\/mavikadin\/wp-json\/wp\/v2\/media\/123189"}],"wp:attachment":[{"href":"https:\/\/www.tgrthaber.com\/mavikadin\/wp-json\/wp\/v2\/media?parent=123175"}],"wp:term":[{"taxonomy":"category","embeddable":true,"href":"https:\/\/www.tgrthaber.com\/mavikadin\/wp-json\/wp\/v2\/categories?post=123175"},{"taxonomy":"post_tag","embeddable":true,"href":"https:\/\/www.tgrthaber.com\/mavikadin\/wp-json\/wp\/v2\/tags?post=123175"}],"curies":[{"name":"wp","href":"https:\/\/api.w.org\/{rel}","templated":true}]}}