{"id":123179,"date":"2025-01-18T20:01:01","date_gmt":"2025-01-18T17:01:01","guid":{"rendered":"https:\/\/www.tgrthaber.com\/mavikadin\/?p=123179"},"modified":"2025-01-18T20:01:01","modified_gmt":"2025-01-18T17:01:01","slug":"baris-arduc-ve-hande-ercel-rusya-yolcusu","status":"publish","type":"post","link":"https:\/\/www.tgrthaber.com\/mavikadin\/baris-arduc-ve-hande-ercel-rusya-yolcusu\/","title":{"rendered":"Bar\u0131\u015f Ardu\u00e7 ve Hande Er\u00e7el Rusya yolcusu!"},"content":{"rendered":"<p>Bar\u0131\u015f Ardun\u00e7 ve Hande Er\u00e7el, Almaya\u2019n\u0131n Berlin \u015fehrinde ger\u00e7ekle\u015ftirilen R\u00fczg\u00e2ra B\u0131rak filminin galas\u0131nda b\u00fcy\u00fck bir ilgiyle kar\u015f\u0131lanm\u0131\u015flard\u0131. \u0130kili birlikte yer ald\u0131klar\u0131 R\u00fczg\u00e2ra B\u0131rak filmi i\u00e7in bu kez Rusya\u2019ya do\u011fru yola \u00e7\u0131k\u0131yorlar. Joy Awards \u00f6d\u00fcl t\u00f6renine kat\u0131lacak olan Bar\u0131\u015f Ardun\u00e7 ve Hande Er\u00e7el\u2019in ne giyece\u011fi, \u00f6d\u00fcl gecesinde neler ya\u015fayacaklar\u0131 ile ilgili konular \u015fimdiden merak konusu oldu.<\/p>\n<h3>A\u015eKI HATIRLA D\u0130Z\u0130S\u0130N\u0130N \u00c7EK\u0130MLER\u0130NE ARA VER\u0130LD\u0130<\/h3>\n<p>T\u00fcrk televizyonunun sevilen isimleri Bar\u0131\u015f Ardu\u00e7 ve Hande Er\u00e7el, Disney Plus&#8217;\u0131n merakla beklenen dizisi &#8220;A\u015fk\u0131 Hat\u0131rla&#8221;n\u0131n \u00e7ekimlerine ara vererek Riyad&#8217;ta d\u00fczenlenen Joy Awards t\u00f6renine kat\u0131ld\u0131. Ba\u015frollerini \u00fcstlendikleri bu romantik dizi ile izleyicileri etkileyecek olan ikili, \u00f6d\u00fcl t\u00f6reninde de \u015f\u0131kl\u0131klar\u0131yla dikkatleri \u00fczerine \u00e7ekiyor. Bar\u0131\u015f Ardu\u00e7&#8217;un karizmas\u0131 ve Hande Er\u00e7el&#8217;in zarafetiyle geceye damga vuracaklar.<\/p>\n<p><img loading=\"lazy\" decoding=\"async\" class=\"alignnone wp-image-123184\" src=\"https:\/\/www.tgrthaber.com\/mavikadin\/wp-content\/uploads\/baris-ardunc-ve-hande-ercek-aski-hatirla-dizis-300x169.jpg\" alt=\"bar\u0131\u015f ardun\u00e7 ve hande er\u00e7ek a\u015fk\u0131 hat\u0131rla dizis\" width=\"1208\" height=\"680\" title=\"\" srcset=\"https:\/\/www.tgrthaber.com\/mavikadin\/wp-content\/uploads\/baris-ardunc-ve-hande-ercek-aski-hatirla-dizis-300x169.jpg 300w, https:\/\/www.tgrthaber.com\/mavikadin\/wp-content\/uploads\/baris-ardunc-ve-hande-ercek-aski-hatirla-dizis-1024x576.jpg 1024w, https:\/\/www.tgrthaber.com\/mavikadin\/wp-content\/uploads\/baris-ardunc-ve-hande-ercek-aski-hatirla-dizis-768x432.jpg 768w, https:\/\/www.tgrthaber.com\/mavikadin\/wp-content\/uploads\/baris-ardunc-ve-hande-ercek-aski-hatirla-dizis-1536x864.jpg 1536w, https:\/\/www.tgrthaber.com\/mavikadin\/wp-content\/uploads\/baris-ardunc-ve-hande-ercek-aski-hatirla-dizis.jpg 1920w\" sizes=\"(max-width: 1208px) 100vw, 1208px\" \/><\/p>\n<hr \/>\n<h3>A\u015eKI HATIRLA D\u0130Z\u0130S\u0130 18 \u015eUBAT\u2019TA<\/h3>\n<p>T\u00fcrkiye&#8217;nin sevilen oyuncular\u0131 Bar\u0131\u015f Ardu\u00e7 ve Hande Er\u00e7el, Disney Plus&#8217;\u0131n &#8220;A\u015fk\u0131 Hat\u0131rla&#8221; dizisinin \u00e7ekimlerine ara verip Riyad&#8217;ta d\u00fczenlenen Joy Awards&#8217;a kat\u0131lmak i\u00e7in solu\u011fu ald\u0131. K\u0131rm\u0131z\u0131 hal\u0131da \u015f\u0131kl\u0131k yar\u0131\u015f\u0131na girecek olan ikili, k\u0131sa bir mola sonras\u0131nda \u0130stanbul&#8217;a d\u00f6n\u00fcp sete geri d\u00f6necek. 8 b\u00f6l\u00fcml\u00fck bu heyecan dolu dizinin \u00e7ekimleri 18 \u015eubat&#8217;ta tamamlanacak. Ardu\u00e7 ve Er\u00e7el&#8217;in ba\u015frollerdeki uyumu ve diziye katt\u0131klar\u0131 enerjiyle izleyicilerini ekranlara kilitleyece\u011fi kesin.<\/p>\n<p><img loading=\"lazy\" decoding=\"async\" class=\"alignnone wp-image-123185\" src=\"https:\/\/www.tgrthaber.com\/mavikadin\/wp-content\/uploads\/baris-ardunc-ve-hande-ercel-300x169.jpg\" alt=\"bar\u0131\u015f ardun\u00e7 ve hande er\u00e7el\" width=\"1208\" height=\"680\" title=\"\" srcset=\"https:\/\/www.tgrthaber.com\/mavikadin\/wp-content\/uploads\/baris-ardunc-ve-hande-ercel-300x169.jpg 300w, https:\/\/www.tgrthaber.com\/mavikadin\/wp-content\/uploads\/baris-ardunc-ve-hande-ercel-1024x576.jpg 1024w, https:\/\/www.tgrthaber.com\/mavikadin\/wp-content\/uploads\/baris-ardunc-ve-hande-ercel-768x432.jpg 768w, https:\/\/www.tgrthaber.com\/mavikadin\/wp-content\/uploads\/baris-ardunc-ve-hande-ercel-1536x864.jpg 1536w, https:\/\/www.tgrthaber.com\/mavikadin\/wp-content\/uploads\/baris-ardunc-ve-hande-ercel.jpg 1920w\" sizes=\"(max-width: 1208px) 100vw, 1208px\" \/><\/p>\n<hr \/>\n<h3>JOW AWARDS\u2019A KATILIYORLAR<\/h3>\n<p>Bug\u00fcn Suudi Arabistan\u2019\u0131n ba\u015fkenti Riyad\u2019ta ger\u00e7ekle\u015fen Joy \u00d6d\u00fclleri\u2019nde b\u00fcy\u00fck bir ba\u015far\u0131 elde eden R\u00fczg\u00e2ra B\u0131rak filminin sevilen oyuncular\u0131 Bar\u0131\u015f Ardu\u00e7 ve Hande Er\u00e7el, heyecan verici bir geli\u015fmeyle Rusya yolcusu! 29 Ocak\u2019ta Rusya\u2019da hayranlar\u0131yla bulu\u015facak olan ikili, uluslararas\u0131 arenada da adlar\u0131ndan s\u0131k\u00e7a s\u00f6z ettirecek gibi g\u00f6r\u00fcn\u00fcyor.<\/p>\n<p>&nbsp;<\/p>\n","protected":false},"excerpt":{"rendered":"<p>Bar\u0131\u015f Ardun\u00e7 ve Hande Er\u00e7el\u2019in Berlin galas\u0131ndan sonraki duraklar\u0131 Rusya oldu. \u0130kili A\u015fk\u0131 Hat\u0131rla dizisinin \u00e7ekimlerine Riyad\u2019ta d\u00fczenlenen Joy Awards\u2019a kat\u0131lmak i\u00e7in ara verdi.<\/p>\n","protected":false},"author":10,"featured_media":123181,"comment_status":"closed","ping_status":"closed","sticky":false,"template":"","format":"standard","meta":{"rank_math_lock_modified_date":false,"footnotes":""},"categories":[76],"tags":[8489,8491,8490,1627],"class_list":["post-123179","post","type-post","status-publish","format-standard","has-post-thumbnail","hentry","category-magazin","tag-baris-ardunc-ve-hande-ercel","tag-baris-ardunc-ve-hande-ercel-rusya","tag-jow-awards-gecesi","tag-rusya"],"_links":{"self":[{"href":"https:\/\/www.tgrthaber.com\/mavikadin\/wp-json\/wp\/v2\/posts\/123179"}],"collection":[{"href":"https:\/\/www.tgrthaber.com\/mavikadin\/wp-json\/wp\/v2\/posts"}],"about":[{"href":"https:\/\/www.tgrthaber.com\/mavikadin\/wp-json\/wp\/v2\/types\/post"}],"author":[{"embeddable":true,"href":"https:\/\/www.tgrthaber.com\/mavikadin\/wp-json\/wp\/v2\/users\/10"}],"replies":[{"embeddable":true,"href":"https:\/\/www.tgrthaber.com\/mavikadin\/wp-json\/wp\/v2\/comments?post=123179"}],"version-history":[{"count":2,"href":"https:\/\/www.tgrthaber.com\/mavikadin\/wp-json\/wp\/v2\/posts\/123179\/revisions"}],"predecessor-version":[{"id":123187,"href":"https:\/\/www.tgrthaber.com\/mavikadin\/wp-json\/wp\/v2\/posts\/123179\/revisions\/123187"}],"wp:featuredmedia":[{"embeddable":true,"href":"https:\/\/www.tgrthaber.com\/mavikadin\/wp-json\/wp\/v2\/media\/123181"}],"wp:attachment":[{"href":"https:\/\/www.tgrthaber.com\/mavikadin\/wp-json\/wp\/v2\/media?parent=123179"}],"wp:term":[{"taxonomy":"category","embeddable":true,"href":"https:\/\/www.tgrthaber.com\/mavikadin\/wp-json\/wp\/v2\/categories?post=123179"},{"taxonomy":"post_tag","embeddable":true,"href":"https:\/\/www.tgrthaber.com\/mavikadin\/wp-json\/wp\/v2\/tags?post=123179"}],"curies":[{"name":"wp","href":"https:\/\/api.w.org\/{rel}","templated":true}]}}