{"id":123191,"date":"2025-01-18T20:37:31","date_gmt":"2025-01-18T17:37:31","guid":{"rendered":"https:\/\/www.tgrthaber.com\/mavikadin\/?p=123191"},"modified":"2025-01-18T20:52:22","modified_gmt":"2025-01-18T17:52:22","slug":"fahriye-evcen-ve-burak-ozcivit-jow-awads-odul-gecesine-katildi","status":"publish","type":"post","link":"https:\/\/www.tgrthaber.com\/mavikadin\/fahriye-evcen-ve-burak-ozcivit-jow-awads-odul-gecesine-katildi\/","title":{"rendered":"Fahriye Evcen ve Burak \u00d6z\u00e7ivit Joy Awads \u00f6d\u00fcl gecesine kat\u0131ld\u0131!"},"content":{"rendered":"<p>Suudi Arabistan&#8217;\u0131n ba\u015fkenti Riyad&#8217;da ger\u00e7ekle\u015fen Joy \u00f6d\u00fcl t\u00f6renine kat\u0131lan Fahriye Evcen ve Burak \u00d6z\u00e7ivit \u00e7ifti, \u015f\u0131kl\u0131k ve zarafetleriyle dikkatleri \u00fczerlerine \u00e7ekti. K\u0131rm\u0131z\u0131 hal\u0131da boy g\u00f6steren \u00fcnl\u00fc \u00e7ift, kameralar kar\u015f\u0131s\u0131nda poz verirken adeta b\u00fcy\u00fcledi. Evcen&#8217;in zarif ve \u00d6z\u00e7ivit&#8217;in \u015f\u0131k k\u0131yafet se\u00e7imleriyle geceye damga vuran \u00e7ift, sosyal medyada da hayranlar\u0131ndan tam not ald\u0131.<\/p>\n<h3>JOY AWARDS \u00d6D\u00dcL T\u00d6REN\u0130NE KATILDILAR<\/h3>\n<p>Bu gece Suudi Arabistan\u2019da Joy Awards \u00f6d\u00fcl t\u00f6reni d\u00fczenliyor. \u015eahane geceye bir\u00e7ok T\u00fcrk oyuncu kat\u0131l\u0131yor. Oyuncular aras\u0131nda T\u00fcrkiye\u2019nin sevilen ikilisi Fahriye Evcen ve Burak \u00d6z\u00e7ivit\u2019te yer ald\u0131. \u00dcnl\u00fc \u00e7ift k\u0131rm\u0131z\u0131 hal\u0131da \u015f\u0131kl\u0131klar\u0131yla adeta g\u00f6z doldurdular. \u00d6d\u00fcl t\u00f6renine \u00f6zel arabayla gelen Fahriye Evcen ve Burak \u00d6z\u00e7ivit kameralara poz verdi.<\/p>\n<div style=\"width: 640px;\" class=\"wp-video\"><!--[if lt IE 9]><script>document.createElement('video');<\/script><![endif]-->\n<video class=\"wp-video-shortcode\" id=\"video-123191-1\" width=\"640\" height=\"349\" preload=\"metadata\" controls=\"controls\"><source type=\"video\/mp4\" src=\"https:\/\/www.tgrthaber.com\/mavikadin\/wp-content\/uploads\/fahriye-evcen-ve-burak-ozcivit-joy-awads-odul-gecesine-katildi.mp4?_=1\" \/><a href=\"https:\/\/www.tgrthaber.com\/mavikadin\/wp-content\/uploads\/fahriye-evcen-ve-burak-ozcivit-joy-awads-odul-gecesine-katildi.mp4\">https:\/\/www.tgrthaber.com\/mavikadin\/wp-content\/uploads\/fahriye-evcen-ve-burak-ozcivit-joy-awads-odul-gecesine-katildi.mp4<\/a><\/video><\/div>\n<hr \/>\n<h3>\u015eIKLIKLARI G\u00d6Z DOLDURDU<\/h3>\n<p>T\u00fcrkiye&#8217;nin sevilen oyuncular\u0131ndan Fahriye Evcen, her zaman oldu\u011fu gibi yine g\u00f6z kama\u015ft\u0131rd\u0131. Joy Awards \u00f6d\u00fcl gecesinde tercih etti\u011fi siyah parlak bal\u0131k model abiye elbisesi ve do\u011fal a\u00e7\u0131k sa\u00e7lar\u0131yla adeta bir prenses gibi g\u00f6r\u00fcn\u00fcyordu. E\u015fi Burak \u00d6z\u00e7ivit ise \u015f\u0131kl\u0131\u011f\u0131yla geceye renk katt\u0131. \u0130kilinin uyumlu ve zarif g\u00f6r\u00fcnt\u00fcs\u00fc, geceye damgas\u0131n\u0131 vurdu.<\/p>\n","protected":false},"excerpt":{"rendered":"<p>Suudi Arabistan\u2019\u0131n ba\u015fkenti Riyad\u2019ta d\u00fczenlenen Joy \u00f6d\u00fcl t\u00f6renine Fahriye Evcen ve Burak \u00d6z\u00e7ivit \u00e7ifti de kat\u0131ld\u0131. \u015e\u0131kl\u0131klar\u0131yla g\u00f6z dolduran \u00fcnl\u00fc \u00e7ift k\u0131rm\u0131z\u0131 hal\u0131da kameralara poz verdi. <\/p>\n","protected":false},"author":10,"featured_media":123195,"comment_status":"closed","ping_status":"closed","sticky":false,"template":"","format":"standard","meta":{"rank_math_lock_modified_date":false,"footnotes":""},"categories":[76],"tags":[2154,2153,8494],"class_list":["post-123191","post","type-post","status-publish","format-standard","has-post-thumbnail","hentry","category-magazin","tag-burak-ozcivit","tag-fahriye-evcen","tag-joy-awards-gecesi"],"_links":{"self":[{"href":"https:\/\/www.tgrthaber.com\/mavikadin\/wp-json\/wp\/v2\/posts\/123191"}],"collection":[{"href":"https:\/\/www.tgrthaber.com\/mavikadin\/wp-json\/wp\/v2\/posts"}],"about":[{"href":"https:\/\/www.tgrthaber.com\/mavikadin\/wp-json\/wp\/v2\/types\/post"}],"author":[{"embeddable":true,"href":"https:\/\/www.tgrthaber.com\/mavikadin\/wp-json\/wp\/v2\/users\/10"}],"replies":[{"embeddable":true,"href":"https:\/\/www.tgrthaber.com\/mavikadin\/wp-json\/wp\/v2\/comments?post=123191"}],"version-history":[{"count":2,"href":"https:\/\/www.tgrthaber.com\/mavikadin\/wp-json\/wp\/v2\/posts\/123191\/revisions"}],"predecessor-version":[{"id":123202,"href":"https:\/\/www.tgrthaber.com\/mavikadin\/wp-json\/wp\/v2\/posts\/123191\/revisions\/123202"}],"wp:featuredmedia":[{"embeddable":true,"href":"https:\/\/www.tgrthaber.com\/mavikadin\/wp-json\/wp\/v2\/media\/123195"}],"wp:attachment":[{"href":"https:\/\/www.tgrthaber.com\/mavikadin\/wp-json\/wp\/v2\/media?parent=123191"}],"wp:term":[{"taxonomy":"category","embeddable":true,"href":"https:\/\/www.tgrthaber.com\/mavikadin\/wp-json\/wp\/v2\/categories?post=123191"},{"taxonomy":"post_tag","embeddable":true,"href":"https:\/\/www.tgrthaber.com\/mavikadin\/wp-json\/wp\/v2\/tags?post=123191"}],"curies":[{"name":"wp","href":"https:\/\/api.w.org\/{rel}","templated":true}]}}