{"id":123204,"date":"2025-01-18T21:01:57","date_gmt":"2025-01-18T18:01:57","guid":{"rendered":"https:\/\/www.tgrthaber.com\/mavikadin\/?p=123204"},"modified":"2025-01-18T21:01:57","modified_gmt":"2025-01-18T18:01:57","slug":"hande-ercel-ve-baris-ardunc-joy-awardsta-kirmizi-halida","status":"publish","type":"post","link":"https:\/\/www.tgrthaber.com\/mavikadin\/hande-ercel-ve-baris-ardunc-joy-awardsta-kirmizi-halida\/","title":{"rendered":"Hande Er\u00e7el ve Bar\u0131\u015f Ardun\u00e7 Joy Awards&#8217;ta k\u0131rm\u0131z\u0131 hal\u0131da!"},"content":{"rendered":"<p>Suudi Arabistan&#8217;\u0131n ba\u015fkenti Riyad&#8217;da d\u00fczenlenen Jow Awards t\u00f6reninde Hande Er\u00e7el ve Bar\u0131\u015f Ardun\u00e7 ikilisi k\u0131rm\u0131z\u0131 hal\u0131da boy g\u00f6sterdi. \u00dcnl\u00fc oyuncular\u0131n \u015f\u0131kl\u0131\u011f\u0131 ve karizmas\u0131, hayranlar\u0131 taraf\u0131ndan b\u00fcy\u00fck bir ilgiyle kar\u015f\u0131land\u0131. Kameralara poz verirken adeta \u0131\u015f\u0131k sa\u00e7an Er\u00e7el ve Ardun\u00e7, geceye renk katt\u0131. Sosyal medyada da olay olan \u00f6d\u00fcl gecesi, takip\u00e7ilerinden b\u00fcy\u00fck be\u011feni toplad\u0131.<\/p>\n<h3>JOW AWARDS \u00d6D\u00dcL GECES\u0130NDE BOY G\u00d6STERD\u0130LER<\/h3>\n<p>Hande Er\u00e7el ve Bar\u0131\u015f Ardun\u00e7 ikilisi A\u015fk\u0131 Hat\u0131rla dizisinin \u00e7ekimlerine ara vererek bug\u00fcn Suudi Arabistan\u2019a gitti. \u00c7ift Riyad\u2019ta d\u00fczenlenen \u00f6d\u00fcl gecesinin k\u0131rm\u0131z\u0131 hal\u0131s\u0131nda boy g\u00f6sterdi. Hayranlar\u0131 taraf\u0131ndan b\u00fcy\u00fck co\u015fkuyla kar\u015f\u0131lanan Bar\u0131\u015f Ardun\u00e7 ve Hande Er\u00e7el, fanlar\u0131yla foto\u011fraf \u00e7ekildi. Y\u00fczlerinde mutluluk kameralara yans\u0131d\u0131.<\/p>\n<p><img loading=\"lazy\" decoding=\"async\" class=\"alignnone wp-image-123206\" src=\"https:\/\/www.tgrthaber.com\/mavikadin\/wp-content\/uploads\/hande-ercel-ve-baris-ardunc-300x169.jpg\" alt=\"hande er\u00e7el ve bar\u0131\u015f ardun\u00e7\" width=\"1208\" height=\"680\" title=\"\" srcset=\"https:\/\/www.tgrthaber.com\/mavikadin\/wp-content\/uploads\/hande-ercel-ve-baris-ardunc-300x169.jpg 300w, https:\/\/www.tgrthaber.com\/mavikadin\/wp-content\/uploads\/hande-ercel-ve-baris-ardunc-1024x576.jpg 1024w, https:\/\/www.tgrthaber.com\/mavikadin\/wp-content\/uploads\/hande-ercel-ve-baris-ardunc-768x432.jpg 768w, https:\/\/www.tgrthaber.com\/mavikadin\/wp-content\/uploads\/hande-ercel-ve-baris-ardunc-1536x864.jpg 1536w, https:\/\/www.tgrthaber.com\/mavikadin\/wp-content\/uploads\/hande-ercel-ve-baris-ardunc.jpg 1920w\" sizes=\"(max-width: 1208px) 100vw, 1208px\" \/><\/p>\n<hr \/>\n<h3>HANDE ER\u00c7EL KIYAFET\u0130 \u0130LE BE\u011eEN\u0130 TOPLADI<\/h3>\n<p>\u00dcnl\u00fc oyuncu Hande Er\u00e7el, Joy awards \u00f6d\u00fcl t\u00f6reninde giydi\u011fi \u00f6zel tasar\u0131m k\u0131yafetiyle g\u00f6z kama\u015ft\u0131r\u0131c\u0131 bir g\u00f6r\u00fcn\u00fcme sahipti. Omuzlar\u0131ndan kal\u0131n ask\u0131l\u0131 ve V yakal\u0131 elbisesiyle adeta prensesleri bile k\u0131skand\u0131racak bir \u015f\u0131kl\u0131k sergileyen Er\u00e7el, tarz\u0131n\u0131 ve g\u00fczelli\u011fini bir kez daha kan\u0131tlam\u0131\u015f oldu. T\u00f6ren boyunca t\u00fcm dikkatleri \u00fczerine \u00e7eken \u00fcnl\u00fc oyuncu, zarif duru\u015fu ve etkileyici g\u00f6r\u00fcn\u00fcm\u00fcyle geceye damga vurdu. Hande Er\u00e7el&#8217;in \u015f\u0131kl\u0131\u011f\u0131 ve zarafeti, moda d\u00fcnyas\u0131nda da b\u00fcy\u00fck be\u011feni toplad\u0131.<\/p>\n<p><img loading=\"lazy\" decoding=\"async\" class=\"alignnone wp-image-123207\" src=\"https:\/\/www.tgrthaber.com\/mavikadin\/wp-content\/uploads\/hande-ercel-joy-awards-gecesi-kiyafeti-300x169.jpg\" alt=\"hande er\u00e7el joy awards gecesi k\u0131yafeti\" width=\"1208\" height=\"680\" title=\"\" srcset=\"https:\/\/www.tgrthaber.com\/mavikadin\/wp-content\/uploads\/hande-ercel-joy-awards-gecesi-kiyafeti-300x169.jpg 300w, https:\/\/www.tgrthaber.com\/mavikadin\/wp-content\/uploads\/hande-ercel-joy-awards-gecesi-kiyafeti-1024x576.jpg 1024w, https:\/\/www.tgrthaber.com\/mavikadin\/wp-content\/uploads\/hande-ercel-joy-awards-gecesi-kiyafeti-768x432.jpg 768w, https:\/\/www.tgrthaber.com\/mavikadin\/wp-content\/uploads\/hande-ercel-joy-awards-gecesi-kiyafeti-1536x864.jpg 1536w, https:\/\/www.tgrthaber.com\/mavikadin\/wp-content\/uploads\/hande-ercel-joy-awards-gecesi-kiyafeti.jpg 1920w\" sizes=\"(max-width: 1208px) 100vw, 1208px\" \/><\/p>\n<hr \/>\n<p>&nbsp;<\/p>\n","protected":false},"excerpt":{"rendered":"<p>Hande Er\u00e7el ve Bar\u0131\u015f Ardun\u00e7 ikilisi Suudi Arabistan\u2019\u0131n Riyad \u015fehrinde ger\u00e7ekle\u015fen Joy Awards&#8217;ta k\u0131rm\u0131z\u0131 hal\u0131da g\u00f6r\u00fcnt\u00fclendi. \u00dcnl\u00fc oyuncular hayranlar\u0131 taraf\u0131ndan b\u00fcy\u00fck ilgiyle kar\u015f\u0131land\u0131. <\/p>\n","protected":false},"author":10,"featured_media":123206,"comment_status":"closed","ping_status":"closed","sticky":false,"template":"","format":"standard","meta":{"rank_math_lock_modified_date":false,"footnotes":""},"categories":[101],"tags":[5789,2391,8494],"class_list":["post-123204","post","type-post","status-publish","format-standard","has-post-thumbnail","hentry","category-kesfet","tag-baris-ardunc","tag-hande-ercel","tag-joy-awards-gecesi"],"_links":{"self":[{"href":"https:\/\/www.tgrthaber.com\/mavikadin\/wp-json\/wp\/v2\/posts\/123204"}],"collection":[{"href":"https:\/\/www.tgrthaber.com\/mavikadin\/wp-json\/wp\/v2\/posts"}],"about":[{"href":"https:\/\/www.tgrthaber.com\/mavikadin\/wp-json\/wp\/v2\/types\/post"}],"author":[{"embeddable":true,"href":"https:\/\/www.tgrthaber.com\/mavikadin\/wp-json\/wp\/v2\/users\/10"}],"replies":[{"embeddable":true,"href":"https:\/\/www.tgrthaber.com\/mavikadin\/wp-json\/wp\/v2\/comments?post=123204"}],"version-history":[{"count":1,"href":"https:\/\/www.tgrthaber.com\/mavikadin\/wp-json\/wp\/v2\/posts\/123204\/revisions"}],"predecessor-version":[{"id":123208,"href":"https:\/\/www.tgrthaber.com\/mavikadin\/wp-json\/wp\/v2\/posts\/123204\/revisions\/123208"}],"wp:featuredmedia":[{"embeddable":true,"href":"https:\/\/www.tgrthaber.com\/mavikadin\/wp-json\/wp\/v2\/media\/123206"}],"wp:attachment":[{"href":"https:\/\/www.tgrthaber.com\/mavikadin\/wp-json\/wp\/v2\/media?parent=123204"}],"wp:term":[{"taxonomy":"category","embeddable":true,"href":"https:\/\/www.tgrthaber.com\/mavikadin\/wp-json\/wp\/v2\/categories?post=123204"},{"taxonomy":"post_tag","embeddable":true,"href":"https:\/\/www.tgrthaber.com\/mavikadin\/wp-json\/wp\/v2\/tags?post=123204"}],"curies":[{"name":"wp","href":"https:\/\/api.w.org\/{rel}","templated":true}]}}