{"id":123205,"date":"2025-01-18T21:20:56","date_gmt":"2025-01-18T18:20:56","guid":{"rendered":"https:\/\/www.tgrthaber.com\/mavikadin\/?p=123205"},"modified":"2025-01-18T21:20:56","modified_gmt":"2025-01-18T18:20:56","slug":"the-day-of-the-jackal-ursula-corbero-kimdir-yasi-hayati-ve-kariyeri-arastiriliyor","status":"publish","type":"post","link":"https:\/\/www.tgrthaber.com\/mavikadin\/the-day-of-the-jackal-ursula-corbero-kimdir-yasi-hayati-ve-kariyeri-arastiriliyor\/","title":{"rendered":"The Day of the Jackal Ursula Corbero kimdir? Ya\u015f\u0131, hayat\u0131 ve kariyeri ara\u015ft\u0131r\u0131l\u0131yor"},"content":{"rendered":"<p class=\"p1\">D\u00fcnya \u00e7ap\u0131nda b\u00fcy\u00fck bir hayran kitlesine sahip olan \u00darsula Corber\u00f3, yeni projelerle ad\u0131ndan s\u00f6z ettirmeye devam ediyor. \u00d6zellikle \u201cLa Casa de Papel\u201d dizisindeki Tokyo karakteriyle g\u00f6n\u00fcllerde taht kuran yetenekli oyuncu, bu kez merakla beklenen \u201cThe Day of the Jackal\u201d dizisinde yer al\u0131yor. Bu projeyle tekrar g\u00fcndeme gelen Corber\u00f3\u2019nun hayat\u0131, ya\u015f\u0131 ve kariyeri izleyiciler taraf\u0131ndan ara\u015ft\u0131r\u0131lmaya ba\u015fland\u0131. Ba\u015far\u0131l\u0131 performanslar\u0131yla her rol\u00fcnde izleyicileri b\u00fcy\u00fcleyen usta oyuncunun kariyer yolculu\u011fu, onu \u0130spanya\u2019dan uluslararas\u0131 bir y\u0131ld\u0131za d\u00f6n\u00fc\u015ft\u00fcrd\u00fc. \u201cThe Day of the Jackal\u201d ile Corber\u00f3, hayranlar\u0131na bir kez daha yeteneklerini sergileme f\u0131rsat\u0131 sunuyor. Peki, \u00darsula Corber\u00f3 kimdir? \u0130\u015fte detaylar\u2026<\/p>\n<h3>THE DAY OF THE JACKAL URSULA CORBERO K\u0130MD\u0130R?<\/h3>\n<p class=\"p1\">11 A\u011fustos 1989\u2019da \u0130spanya\u2019n\u0131n Barcelona \u015fehrinde \u00darsula Corber\u00f3 Delgado ad\u0131yla d\u00fcnyaya gelen \u00fcnl\u00fc oyuncu, m\u00fctevazi bir ailenin \u00e7ocu\u011fu olarak b\u00fcy\u00fcd\u00fc. Daha 6 ya\u015f\u0131ndayken oyunculu\u011fa ilgi duymaya ba\u015flayan Corber\u00f3, evde kendi kendine reklamlar\u0131 yeniden oynayarak yetene\u011fini ke\u015ffetti. 13 ya\u015f\u0131nda oyunculuk, dans ve caz e\u011fitimi almaya ba\u015flad\u0131 ve bu e\u011fitimler onun kariyerinin temelini olu\u015fturdu.<\/p>\n<p><img loading=\"lazy\" decoding=\"async\" class=\"alignnone wp-image-123209 \" src=\"https:\/\/www.tgrthaber.com\/mavikadin\/wp-content\/uploads\/Ekran-Resmi-2025-01-18-21.16.55.png\" alt=\"\" width=\"982\" height=\"563\" title=\"\" srcset=\"https:\/\/www.tgrthaber.com\/mavikadin\/wp-content\/uploads\/Ekran-Resmi-2025-01-18-21.16.55.png 958w, https:\/\/www.tgrthaber.com\/mavikadin\/wp-content\/uploads\/Ekran-Resmi-2025-01-18-21.16.55-300x172.png 300w, https:\/\/www.tgrthaber.com\/mavikadin\/wp-content\/uploads\/Ekran-Resmi-2025-01-18-21.16.55-768x441.png 768w\" sizes=\"(max-width: 982px) 100vw, 982px\" \/><\/p>\n<hr \/>\n<p class=\"p1\">\u00darsula Corber\u00f3, televizyon d\u00fcnyas\u0131na ilk ad\u0131m\u0131n\u0131 Mirall trencat adl\u0131 \u0130spanyol dizisiyle att\u0131. 2008-2010 y\u0131llar\u0131 aras\u0131nda yay\u0131nlanan F\u00edsica o Qu\u00edmica adl\u0131 gen\u00e7lik dramas\u0131ndaki Ruth G\u00f3mez karakteriyle geni\u015f bir hayran kitlesine ula\u015ft\u0131. Ard\u0131ndan, tarihi kurgu dizisi Isabel\u2019de Margarita de Austria karakteriyle ve 2015 yap\u0131m\u0131 komedi filmi Girl\u2019s Night Out\u2019daki Marta rol\u00fcyle ba\u015far\u0131s\u0131n\u0131 s\u00fcrd\u00fcrd\u00fc.<\/p>\n<p><img loading=\"lazy\" decoding=\"async\" class=\"alignnone wp-image-123210 \" src=\"https:\/\/www.tgrthaber.com\/mavikadin\/wp-content\/uploads\/Ekran-Resmi-2025-01-18-21.17.09.png\" alt=\"\" width=\"978\" height=\"596\" title=\"\" srcset=\"https:\/\/www.tgrthaber.com\/mavikadin\/wp-content\/uploads\/Ekran-Resmi-2025-01-18-21.17.09.png 930w, https:\/\/www.tgrthaber.com\/mavikadin\/wp-content\/uploads\/Ekran-Resmi-2025-01-18-21.17.09-300x183.png 300w, https:\/\/www.tgrthaber.com\/mavikadin\/wp-content\/uploads\/Ekran-Resmi-2025-01-18-21.17.09-768x469.png 768w\" sizes=\"(max-width: 978px) 100vw, 978px\" \/><\/p>\n<hr \/>\n<p class=\"p1\">Uluslararas\u0131 alandaki as\u0131l \u00e7\u0131k\u0131\u015f\u0131n\u0131 ise Netflix\u2019in fenomen dizisi La Casa de Papel (Money Heist) ile yakalad\u0131. Dizide Tokyo karakterini oynayan ve ayn\u0131 zamanda hikayenin ana anlat\u0131c\u0131s\u0131 olan Corber\u00f3, bu rolle d\u00fcnya \u00e7ap\u0131nda bir \u00fcne kavu\u015ftu. Aksiyon sahnelerindeki ba\u015far\u0131s\u0131 ve duygusal derinlikleriyle izleyicileri kendine hayran b\u0131rakt\u0131.<\/p>\n<p><img loading=\"lazy\" decoding=\"async\" class=\"alignnone wp-image-123211 \" src=\"https:\/\/www.tgrthaber.com\/mavikadin\/wp-content\/uploads\/Ekran-Resmi-2025-01-18-21.17.18.png\" alt=\"\" width=\"976\" height=\"636\" title=\"\" srcset=\"https:\/\/www.tgrthaber.com\/mavikadin\/wp-content\/uploads\/Ekran-Resmi-2025-01-18-21.17.18.png 958w, https:\/\/www.tgrthaber.com\/mavikadin\/wp-content\/uploads\/Ekran-Resmi-2025-01-18-21.17.18-300x195.png 300w, https:\/\/www.tgrthaber.com\/mavikadin\/wp-content\/uploads\/Ekran-Resmi-2025-01-18-21.17.18-768x500.png 768w\" sizes=\"(max-width: 976px) 100vw, 976px\" \/><\/p>\n<hr \/>\n<p class=\"p1\">Hollywood kariyerine de ad\u0131m atan Corber\u00f3, 2021 yap\u0131m\u0131 s\u00fcper kahraman filmi Snake Eyes\u2019ta \u201cBaroness\u201d karakteriyle yer ald\u0131. Kariyerine h\u0131z kesmeden devam eden oyuncunun gelecek projeleri aras\u0131nda El cuerpo en llamas (2023) ve Lift (2024) gibi yap\u0131mlar bulunuyor. Ayr\u0131ca, Corber\u00f3\u2019nun yeni dizisi The Day of the Jackal, yetene\u011fini bir kez daha uluslararas\u0131 platformda sergileyece\u011fi bir yap\u0131m olarak merakla bekleniyor.<\/p>\n","protected":false},"excerpt":{"rendered":"<p>\u00darsula Corber\u00f3, \u201cLa Casa de Papel\u201d dizisindeki Tokyo rol\u00fcyle d\u00fcnya \u00e7ap\u0131nda \u00fcn kazanan \u0130spanyol y\u0131ld\u0131z, yeni projesi \u201cThe Day of the Jackal\u201d ile hayranlar\u0131n\u0131 heyecanland\u0131r\u0131yor. Ba\u015far\u0131l\u0131 performanslar\u0131yla uluslararas\u0131 bir y\u0131ld\u0131z haline gelen Corber\u00f3\u2019nun hayat\u0131 ve kariyeri merak konusu olmaya devam ediyor.<\/p>\n","protected":false},"author":16,"featured_media":123212,"comment_status":"closed","ping_status":"closed","sticky":false,"template":"","format":"standard","meta":{"rank_math_lock_modified_date":false,"footnotes":""},"categories":[491],"tags":[8498,8499],"class_list":["post-123205","post","type-post","status-publish","format-standard","has-post-thumbnail","hentry","category-biyografi","tag-the-day-of-the-jackal-ursula-corbero-kimdir","tag-the-day-of-the-jackal-ursula-corbero-yasi-kac"],"_links":{"self":[{"href":"https:\/\/www.tgrthaber.com\/mavikadin\/wp-json\/wp\/v2\/posts\/123205"}],"collection":[{"href":"https:\/\/www.tgrthaber.com\/mavikadin\/wp-json\/wp\/v2\/posts"}],"about":[{"href":"https:\/\/www.tgrthaber.com\/mavikadin\/wp-json\/wp\/v2\/types\/post"}],"author":[{"embeddable":true,"href":"https:\/\/www.tgrthaber.com\/mavikadin\/wp-json\/wp\/v2\/users\/16"}],"replies":[{"embeddable":true,"href":"https:\/\/www.tgrthaber.com\/mavikadin\/wp-json\/wp\/v2\/comments?post=123205"}],"version-history":[{"count":1,"href":"https:\/\/www.tgrthaber.com\/mavikadin\/wp-json\/wp\/v2\/posts\/123205\/revisions"}],"predecessor-version":[{"id":123213,"href":"https:\/\/www.tgrthaber.com\/mavikadin\/wp-json\/wp\/v2\/posts\/123205\/revisions\/123213"}],"wp:featuredmedia":[{"embeddable":true,"href":"https:\/\/www.tgrthaber.com\/mavikadin\/wp-json\/wp\/v2\/media\/123212"}],"wp:attachment":[{"href":"https:\/\/www.tgrthaber.com\/mavikadin\/wp-json\/wp\/v2\/media?parent=123205"}],"wp:term":[{"taxonomy":"category","embeddable":true,"href":"https:\/\/www.tgrthaber.com\/mavikadin\/wp-json\/wp\/v2\/categories?post=123205"},{"taxonomy":"post_tag","embeddable":true,"href":"https:\/\/www.tgrthaber.com\/mavikadin\/wp-json\/wp\/v2\/tags?post=123205"}],"curies":[{"name":"wp","href":"https:\/\/api.w.org\/{rel}","templated":true}]}}