{"id":123223,"date":"2025-01-18T22:49:45","date_gmt":"2025-01-18T19:49:45","guid":{"rendered":"https:\/\/www.tgrthaber.com\/mavikadin\/?p=123223"},"modified":"2025-01-18T23:22:23","modified_gmt":"2025-01-18T20:22:23","slug":"survivor-2025-senem-gence-ne-oldu-saglik-durumu-nasil-acun-ilicali-duyurdu-bir-sure-oyunlarda-yer-almayacak","status":"publish","type":"post","link":"https:\/\/www.tgrthaber.com\/mavikadin\/survivor-2025-senem-gence-ne-oldu-saglik-durumu-nasil-acun-ilicali-duyurdu-bir-sure-oyunlarda-yer-almayacak\/","title":{"rendered":"Survivor 2025 Senem Gen\u00e7\u2019e ne oldu, sa\u011fl\u0131k durumu nas\u0131l? Acun Il\u0131cal\u0131 duyurdu! \u2018Bir s\u00fcre oyunlarda yer almayacak\u2019"},"content":{"rendered":"<p class=\"p2\">Survivor 2025\u2019te heyecan devam ederken, Mavi tak\u0131m\u0131n dikkat \u00e7eken isimlerinden Senem hakk\u0131nda \u00fcz\u00fcc\u00fc bir geli\u015fme ya\u015fand\u0131. \u0130lk olarak 2023 sezonunda ad\u0131n\u0131 duyuran ve bu y\u0131l performans\u0131yla finale gitmeyi hedefleyen Senem, bu sezonun ilk kazas\u0131n\u0131 ge\u00e7iren yar\u0131\u015fmac\u0131 oldu. Ada konseyinde konu\u015fan Acun Il\u0131cal\u0131, Senem\u2019in bir s\u00fcre oyunlarda yer alamayaca\u011f\u0131n\u0131 a\u00e7\u0131klad\u0131. Yaralanma haberi hem izleyicileri hem de tak\u0131m arkada\u015flar\u0131n\u0131 \u00fczerken, Senem\u2019in yar\u0131\u015fmaya ne zaman d\u00f6nece\u011fi b\u00fcy\u00fck bir merak konusu haline geldi. Peki, Survivor Senem\u2019e ne oldu? Yar\u0131\u015fmaya devam edecek mi? \u0130\u015fte detaylar\u2026<\/p>\n<h3>SURV\u0130VOR SENEM GEN\u00c7&#8217;E NE OLDU, SA\u011eLIK DURUMU NASIL?<\/h3>\n<p class=\"p2\">Survivor 2025, her zamanki gibi heyecan dolu anlara sahne olmaya devam ederken, yar\u0131\u015fman\u0131n sevilen isimlerinden Senem hakk\u0131nda \u00fcz\u00fcc\u00fc bir geli\u015fme ya\u015fand\u0131. \u0130lk olarak 2023 sezonunda ad\u0131n\u0131 duyuran ve iki y\u0131l sonra performans\u0131yla finale gitme hedefiyle geri d\u00f6nen Senem, bu y\u0131l Mavi tak\u0131m\u0131n iddial\u0131 yedek yar\u0131\u015fmac\u0131lar\u0131ndan biri olarak Asena Demirba\u011f ile birlikte kadroya dahil olmu\u015ftu.<\/p>\n<p><img loading=\"lazy\" decoding=\"async\" class=\"alignnone wp-image-123226 \" src=\"https:\/\/www.tgrthaber.com\/mavikadin\/wp-content\/uploads\/Ekran-Resmi-2025-01-18-22.50.16.png\" alt=\"\" width=\"983\" height=\"566\" title=\"\" srcset=\"https:\/\/www.tgrthaber.com\/mavikadin\/wp-content\/uploads\/Ekran-Resmi-2025-01-18-22.50.16.png 948w, https:\/\/www.tgrthaber.com\/mavikadin\/wp-content\/uploads\/Ekran-Resmi-2025-01-18-22.50.16-300x173.png 300w, https:\/\/www.tgrthaber.com\/mavikadin\/wp-content\/uploads\/Ekran-Resmi-2025-01-18-22.50.16-768x442.png 768w\" sizes=\"(max-width: 983px) 100vw, 983px\" \/><\/p>\n<hr \/>\n<p class=\"p2\">Oyunlarda olduk\u00e7a iyi bir performans sergileyen Senem, Survivor 2025\u2019in ilk sakatl\u0131\u011f\u0131n\u0131 ya\u015fayan isimlerden biri oldu. Ada konseyinde a\u00e7\u0131klama yapan Acun Il\u0131cal\u0131, Senem\u2019in bir s\u00fcre oyunlarda yer alamayaca\u011f\u0131n\u0131 duyurdu. Yaralanma haberi, hem tak\u0131m arkada\u015flar\u0131n\u0131 hem de izleyicileri \u00fczerken, Senem\u2019in yar\u0131\u015fmaya ne zaman d\u00f6nece\u011fi merakla bekleniyor.<\/p>\n<h3>SENEM GEN\u00c7 K\u0130MD\u0130R, KA\u00c7 YA\u015eINDA?<\/h3>\n<p class=\"p1\">Survivor 2025 kadrosuna yedeklerden dahil olan Senem Gen\u00e7, daha \u00f6nce 2023 y\u0131l\u0131nda yar\u0131\u015fmaya kat\u0131lm\u0131\u015f ancak ya\u015fad\u0131\u011f\u0131 tart\u0131\u015fmalar nedeniyle yar\u0131\u015fmadan kendi iste\u011fiyle ayr\u0131lm\u0131\u015ft\u0131. Beden E\u011fitimi \u00d6\u011fretmeni olan Senem, spor ve disiplin dolu bir hayat\u0131n i\u00e7inde yeti\u015fmi\u015ftir.<\/p>\n<p><img loading=\"lazy\" decoding=\"async\" class=\"alignnone wp-image-123228 size-full\" src=\"https:\/\/www.tgrthaber.com\/mavikadin\/wp-content\/uploads\/Ekran-Resmi-2025-01-18-22.50.20.png\" alt=\"\" width=\"970\" height=\"532\" title=\"\" srcset=\"https:\/\/www.tgrthaber.com\/mavikadin\/wp-content\/uploads\/Ekran-Resmi-2025-01-18-22.50.20.png 970w, https:\/\/www.tgrthaber.com\/mavikadin\/wp-content\/uploads\/Ekran-Resmi-2025-01-18-22.50.20-300x165.png 300w, https:\/\/www.tgrthaber.com\/mavikadin\/wp-content\/uploads\/Ekran-Resmi-2025-01-18-22.50.20-768x421.png 768w\" sizes=\"(max-width: 970px) 100vw, 970px\" \/><\/p>\n<hr \/>\n<p class=\"p1\">\u0130lk, orta ve lise e\u011fitimini tamamlad\u0131ktan sonra Beden E\u011fitimi ve Spor B\u00f6l\u00fcm\u00fc\u2019nden mezun olan Senem, profesyonel meslek ya\u015fam\u0131na \u0130stanbul\u2019da devam etmektedir. Fiziksel dayan\u0131kl\u0131l\u0131\u011f\u0131 ve sporcu kimli\u011fiyle dikkat \u00e7eken yar\u0131\u015fmac\u0131, Survivor parkurlar\u0131nda bu \u00f6zelliklerini \u00f6n plana \u00e7\u0131kar\u0131yor. Sosyal medyada da dikkat \u00e7eken bir isim olan Senem, Instagram\u2019da @gencsenem kullan\u0131c\u0131 ad\u0131yla yer almakta ve \u015fu anda 26,5 bin takip\u00e7iye sahiptir.<\/p>\n","protected":false},"excerpt":{"rendered":"<p>Survivor 2025\u2019in iddial\u0131 yar\u0131\u015fmac\u0131lar\u0131ndan Senem, ya\u015fad\u0131\u011f\u0131 sakatl\u0131k nedeniyle oyunlara ara vermek zorunda kald\u0131. \u0130lk olarak 2023 sezonunda ad\u0131n\u0131 duyuran ve bu y\u0131l finale ula\u015fmay\u0131 hedefleyen Senem, ge\u00e7irdi\u011fi kazayla hayranlar\u0131n\u0131 \u00fczd\u00fc. Acun Il\u0131cal\u0131, konseyde yapt\u0131\u011f\u0131 a\u00e7\u0131klamayla Senem\u2019in durumunu netle\u015ftirdi. Peki, Senem yar\u0131\u015fmaya d\u00f6necek mi? \u0130\u015fte detaylar\u2026 <\/p>\n","protected":false},"author":16,"featured_media":123229,"comment_status":"closed","ping_status":"closed","sticky":false,"template":"","format":"standard","meta":{"rank_math_lock_modified_date":false,"footnotes":""},"categories":[101],"tags":[8502,8500,8501],"class_list":["post-123223","post","type-post","status-publish","format-standard","has-post-thumbnail","hentry","category-kesfet","tag-survivor-2025-senem-genc","tag-survivor-2025-senem-genc-ne-oldu","tag-survivor-2025-senem-genc-saglik-durumu"],"_links":{"self":[{"href":"https:\/\/www.tgrthaber.com\/mavikadin\/wp-json\/wp\/v2\/posts\/123223"}],"collection":[{"href":"https:\/\/www.tgrthaber.com\/mavikadin\/wp-json\/wp\/v2\/posts"}],"about":[{"href":"https:\/\/www.tgrthaber.com\/mavikadin\/wp-json\/wp\/v2\/types\/post"}],"author":[{"embeddable":true,"href":"https:\/\/www.tgrthaber.com\/mavikadin\/wp-json\/wp\/v2\/users\/16"}],"replies":[{"embeddable":true,"href":"https:\/\/www.tgrthaber.com\/mavikadin\/wp-json\/wp\/v2\/comments?post=123223"}],"version-history":[{"count":4,"href":"https:\/\/www.tgrthaber.com\/mavikadin\/wp-json\/wp\/v2\/posts\/123223\/revisions"}],"predecessor-version":[{"id":123243,"href":"https:\/\/www.tgrthaber.com\/mavikadin\/wp-json\/wp\/v2\/posts\/123223\/revisions\/123243"}],"wp:featuredmedia":[{"embeddable":true,"href":"https:\/\/www.tgrthaber.com\/mavikadin\/wp-json\/wp\/v2\/media\/123229"}],"wp:attachment":[{"href":"https:\/\/www.tgrthaber.com\/mavikadin\/wp-json\/wp\/v2\/media?parent=123223"}],"wp:term":[{"taxonomy":"category","embeddable":true,"href":"https:\/\/www.tgrthaber.com\/mavikadin\/wp-json\/wp\/v2\/categories?post=123223"},{"taxonomy":"post_tag","embeddable":true,"href":"https:\/\/www.tgrthaber.com\/mavikadin\/wp-json\/wp\/v2\/tags?post=123223"}],"curies":[{"name":"wp","href":"https:\/\/api.w.org\/{rel}","templated":true}]}}