{"id":123262,"date":"2025-01-19T01:11:44","date_gmt":"2025-01-18T22:11:44","guid":{"rendered":"https:\/\/www.tgrthaber.com\/mavikadin\/?p=123262"},"modified":"2025-01-19T01:11:44","modified_gmt":"2025-01-18T22:11:44","slug":"yesilcamin-usta-oyuncusu-sener-senin-aci-gunu-dubloru-hasan-demircan-hayatini-kaybetti","status":"publish","type":"post","link":"https:\/\/www.tgrthaber.com\/mavikadin\/yesilcamin-usta-oyuncusu-sener-senin-aci-gunu-dubloru-hasan-demircan-hayatini-kaybetti\/","title":{"rendered":"Ye\u015fil\u00e7am&#8217;\u0131n usta oyuncusu \u015eener \u015een&#8217;in ac\u0131 g\u00fcn\u00fc! Dubl\u00f6r\u00fc Hasan Demircan hayat\u0131n\u0131 kaybetti"},"content":{"rendered":"<p>Ye\u015fil\u00e7am&#8217;\u0131n ya\u015fayan efsanelerinden olan 83 ya\u015f\u0131ndaki usta oyuncu \u015eener \u015een, ald\u0131\u011f\u0131 ac\u0131 haberle adeta y\u0131k\u0131ld\u0131. Kendisinin uzun zamand\u0131r dubl\u00f6rl\u00fc\u011f\u00fcn\u00fc yapan yak\u0131n dostu Hasan Demircan&#8217;\u0131n bir s\u00fcredir sa\u011fl\u0131k problemleriyle m\u00fccadele etti\u011fi biliniyordu.<\/p>\n<p>Tedavi alt\u0131nda olan Hasan Demircan&#8217;\u0131n hastal\u0131\u011f\u0131 yenemeyip hayat\u0131n\u0131 kaybetti\u011fi bilgisi usta oyuncu \u015eener \u015een&#8217;i derinden yaralad\u0131. Y\u0131llard\u0131r dubl\u00f6rl\u00fck yapan Hasan Demircan&#8217;\u0131n ac\u0131l\u0131 haberi ba\u015fta kendi ailesi olmak \u00fczere t\u00fcm sevenlerini \u00fczd\u00fc.<\/p>\n<h3>USTA OYUNCU \u015eENER \u015eEN&#8217;\u0130N ACI G\u00dcN\u00dc! DUBL\u00d6R\u00dcN\u00dc KAYBETT\u0130&#8230;<\/h3>\n<p>Organ yetmezli\u011fi hastal\u0131\u011f\u0131 sebebiyle hayat\u0131n\u0131 kaybetti\u011fi bilinen dubl\u00f6r Hasan Demircan, yakla\u015f\u0131k iki ayd\u0131r hastanede yo\u011fun bak\u0131m \u00fcnitesinde tedavi g\u00f6r\u00fcyordu. \u00dcnl\u00fc dubl\u00f6r ne yaz\u0131k ki hastal\u0131\u011f\u0131yla daha fazla sava\u015famayarak hayat\u0131n\u0131 kaybederek herkesi derin bir ac\u0131ya bo\u011fdu.<\/p>\n<p><img loading=\"lazy\" decoding=\"async\" class=\"alignnone wp-image-123264\" src=\"https:\/\/www.tgrthaber.com\/mavikadin\/wp-content\/uploads\/fda.png\" alt=\"\" width=\"1208\" height=\"675\" title=\"\" srcset=\"https:\/\/www.tgrthaber.com\/mavikadin\/wp-content\/uploads\/fda.png 855w, https:\/\/www.tgrthaber.com\/mavikadin\/wp-content\/uploads\/fda-300x168.png 300w, https:\/\/www.tgrthaber.com\/mavikadin\/wp-content\/uploads\/fda-768x429.png 768w\" sizes=\"(max-width: 1208px) 100vw, 1208px\" \/><\/p>\n<hr \/>\n<p>Ye\u015fil\u00e7am&#8217;\u0131n efsane oyuncusu \u015eener \u015een&#8217;in dubl\u00f6rl\u00fc\u011f\u00fcn\u00fc yapan Hasan Demircan&#8217;\u0131n \u00f6l\u00fcm haberi ise ailesi taraf\u0131ndan sosyal medya hesab\u0131ndan yak\u0131nlar\u0131na duyuruldu. \u015eener \u015een&#8217;in dubl\u00f6r\u00fc olan Hasan Demircan&#8217;\u0131n cenaze detay\u0131 ile ilgili ise haber kaynaklar\u0131nda pazar g\u00fcn\u00fc defnedilece\u011fi bilgisi bulunuyor.<\/p>\n<p>Dubl\u00f6r Hasan Demircan&#8217;\u0131n vefat\u0131 yaln\u0131zca usta isim \u015eener \u015een&#8217;i de\u011fil sinema d\u00fcnyas\u0131ndaki pek \u00e7ok tan\u0131nm\u0131\u015f ismi de derin bir \u00fcz\u00fcnt\u00fcye soktu. Hasan Demircan&#8217;\u0131n meslek hayat\u0131nda dubl\u00f6rl\u00fck yapmas\u0131n\u0131n haricinde birde ye\u015fil \u00e7am filmlerine sundu\u011fu katk\u0131lar\u0131yla da haf\u0131zalarda kalacak olan merhum Hasan Demircan, T\u00fcrk sinemas\u0131n\u0131n \u00f6nemli isimlerinden biri olarak hat\u0131rlanmaya devam edecek.<\/p>\n<h3>HASAN DEM\u0130RCAN \u015eENER \u015eEN&#8217;\u0130N HANG\u0130 F\u0130LMLER\u0130NDE DUBL\u00d6RL\u00dcK YAPMI\u015eTI?<\/h3>\n<p>Merhum dubl\u00f6r Hasan Demircan ile Ye\u015fil\u00e7am&#8217;\u0131n efsane oyuncu \u015eener \u015een ile yollar\u0131 1996 tarihinde kesi\u015fmi\u015fti.<\/p>\n<p><img loading=\"lazy\" decoding=\"async\" class=\"alignnone wp-image-119983\" src=\"https:\/\/www.tgrthaber.com\/mavikadin\/wp-content\/uploads\/Sener-Sen-kac-yasinda-hangi-futbol-takimini-tutuyor-.png\" alt=\"\" width=\"1208\" height=\"680\" title=\"\" srcset=\"https:\/\/www.tgrthaber.com\/mavikadin\/wp-content\/uploads\/Sener-Sen-kac-yasinda-hangi-futbol-takimini-tutuyor-.png 1920w, https:\/\/www.tgrthaber.com\/mavikadin\/wp-content\/uploads\/Sener-Sen-kac-yasinda-hangi-futbol-takimini-tutuyor--300x169.png 300w, https:\/\/www.tgrthaber.com\/mavikadin\/wp-content\/uploads\/Sener-Sen-kac-yasinda-hangi-futbol-takimini-tutuyor--1024x576.png 1024w, https:\/\/www.tgrthaber.com\/mavikadin\/wp-content\/uploads\/Sener-Sen-kac-yasinda-hangi-futbol-takimini-tutuyor--768x432.png 768w, https:\/\/www.tgrthaber.com\/mavikadin\/wp-content\/uploads\/Sener-Sen-kac-yasinda-hangi-futbol-takimini-tutuyor--1536x864.png 1536w\" sizes=\"(max-width: 1208px) 100vw, 1208px\" \/><\/p>\n<hr \/>\n<p>\u0130lk olarak \u015eener \u015een&#8217;in &#8216;E\u015fk\u0131ya&#8217; filminde dubl\u00f6rl\u00fc\u011f\u00fcn\u00fc yap\u0131p daha sonradan &#8216;G\u00f6n\u00fcl Yaras\u0131&#8217;, &#8216;Kabaday\u0131&#8217; ve &#8216;Av Mevsimi&#8217; filmlerinde usta oyuncunun dubl\u00f6r\u00fc olarak ekranlarda yerini alm\u0131\u015ft\u0131.<\/p>\n<p><strong>DUBL\u00d6R HASAN DEM\u0130RCAN&#8217;IN \u015eENER \u015eEN&#8217;\u0130N DUBL\u00d6R\u00dc OLDU\u011eU YILLAR:<\/strong><\/p>\n<p><strong>1<em>996 YAPIMI E\u015eKIYA<\/em><\/strong><\/p>\n<p><em><strong>2005 YAPIMI G\u00d6N\u00dcL YARASI<\/strong><\/em><\/p>\n<p><em><strong>2007 YAPIMI KABADAYI<\/strong><\/em><\/p>\n<p><em><strong>2010 YAPIMI AV MEVS\u0130M\u0130<\/strong><\/em><\/p>\n","protected":false},"excerpt":{"rendered":"<p>Kendisinin uzun y\u0131llard\u0131r dubl\u00f6rl\u00fc\u011f\u00fcn\u00fc yapan \u015eener \u015een&#8217;in dubl\u00f6r\u00fc Hasan Demircan, organ yetmezli\u011fi nedeniyle hayat\u0131n\u0131 kaybetti.<\/p>\n","protected":false},"author":27,"featured_media":123263,"comment_status":"closed","ping_status":"closed","sticky":false,"template":"","format":"standard","meta":{"rank_math_lock_modified_date":false,"footnotes":""},"categories":[76],"tags":[8513,8515,3618,8514],"class_list":["post-123262","post","type-post","status-publish","format-standard","has-post-thumbnail","hentry","category-magazin","tag-hasan-demircan","tag-hasan-demircan-kimdir","tag-sener-sen","tag-sener-senin-dubloru"],"_links":{"self":[{"href":"https:\/\/www.tgrthaber.com\/mavikadin\/wp-json\/wp\/v2\/posts\/123262"}],"collection":[{"href":"https:\/\/www.tgrthaber.com\/mavikadin\/wp-json\/wp\/v2\/posts"}],"about":[{"href":"https:\/\/www.tgrthaber.com\/mavikadin\/wp-json\/wp\/v2\/types\/post"}],"author":[{"embeddable":true,"href":"https:\/\/www.tgrthaber.com\/mavikadin\/wp-json\/wp\/v2\/users\/27"}],"replies":[{"embeddable":true,"href":"https:\/\/www.tgrthaber.com\/mavikadin\/wp-json\/wp\/v2\/comments?post=123262"}],"version-history":[{"count":3,"href":"https:\/\/www.tgrthaber.com\/mavikadin\/wp-json\/wp\/v2\/posts\/123262\/revisions"}],"predecessor-version":[{"id":123267,"href":"https:\/\/www.tgrthaber.com\/mavikadin\/wp-json\/wp\/v2\/posts\/123262\/revisions\/123267"}],"wp:featuredmedia":[{"embeddable":true,"href":"https:\/\/www.tgrthaber.com\/mavikadin\/wp-json\/wp\/v2\/media\/123263"}],"wp:attachment":[{"href":"https:\/\/www.tgrthaber.com\/mavikadin\/wp-json\/wp\/v2\/media?parent=123262"}],"wp:term":[{"taxonomy":"category","embeddable":true,"href":"https:\/\/www.tgrthaber.com\/mavikadin\/wp-json\/wp\/v2\/categories?post=123262"},{"taxonomy":"post_tag","embeddable":true,"href":"https:\/\/www.tgrthaber.com\/mavikadin\/wp-json\/wp\/v2\/tags?post=123262"}],"curies":[{"name":"wp","href":"https:\/\/api.w.org\/{rel}","templated":true}]}}