{"id":123278,"date":"2025-01-19T10:29:06","date_gmt":"2025-01-19T07:29:06","guid":{"rendered":"https:\/\/www.tgrthaber.com\/mavikadin\/?p=123278"},"modified":"2025-01-19T10:29:06","modified_gmt":"2025-01-19T07:29:06","slug":"tuba-buyukustun-joy-awards-odul-gecesinde-dikkatleri-uzerine-cekti-konusmasiyla-herkesi-mest-etti","status":"publish","type":"post","link":"https:\/\/www.tgrthaber.com\/mavikadin\/tuba-buyukustun-joy-awards-odul-gecesinde-dikkatleri-uzerine-cekti-konusmasiyla-herkesi-mest-etti\/","title":{"rendered":"Tuba B\u00fcy\u00fck\u00fcst\u00fcn Joy Awards \u00f6d\u00fcl gecesinde dikkatleri \u00fczerine \u00e7ekti! Konu\u015fmas\u0131yla herkesi mest etti"},"content":{"rendered":"<p>Ge\u00e7ti\u011fimiz gece Suudi Arabistan\u2019\u0131n ba\u015fkenti Riyad\u2019da d\u00fczenlenen Joy Awards \u00f6d\u00fcl gecesine birbirinden ba\u015far\u0131l\u0131 T\u00fcrk oyuncular kat\u0131ld\u0131. Tuba B\u00fcy\u00fck\u00fcst\u00fcn\u2019de Joy Awards \u00f6d\u00fcl gecesine kat\u0131lan \u00fcnl\u00fc isimler aras\u0131nda yer ald\u0131. B\u00fcy\u00fck\u00fcst\u00fcn hem \u015f\u0131kl\u0131\u011f\u0131 hem de konu\u015fmas\u0131yla geceye damga vurdu. Joy Awards gecesinde dikkatleri \u00fczerine \u00e7eken ba\u015far\u0131l\u0131 oyuncu, \u0130ngilizce ve Arap\u00e7a konu\u015fmas\u0131yla herkesi mest etti.<\/p>\n<hr \/>\n<h3>TUBA B\u00dcY\u00dcK\u00dcST\u00dcN JOY AWARDS \u00d6D\u00dcL GECES\u0130NDE D\u0130KKATLER\u0130 \u00dcZER\u0130NE \u00c7EKT\u0130!<\/h3>\n<p>Ge\u00e7ti\u011fimiz gece Suudi Arabistan\u2019\u0131n ba\u015fkenti Riyad\u2019da Joy Awards 2025 \u00f6d\u00fcl t\u00f6reni ger\u00e7ekle\u015ftirildi. Birbirinden \u00fcnl\u00fc ve ba\u015far\u0131l\u0131 T\u00fcrk oyuncular\u0131n kat\u0131l\u0131mlar\u0131yla ger\u00e7ekle\u015fen geceye Tuba B\u00fcy\u00fck\u00fcst\u00fcn damga vurdu. B\u00fcy\u00fck\u00fcst\u00fcn \u015f\u0131kl\u0131\u011f\u0131 ve konu\u015fmas\u0131yla dikkatleri \u00fczerine \u00e7ekti.<\/p>\n<p><img loading=\"lazy\" decoding=\"async\" class=\"alignnone wp-image-123279\" src=\"https:\/\/www.tgrthaber.com\/mavikadin\/wp-content\/uploads\/Adsiz-tasarim-35-23-1024x576.jpg\" alt=\"Tuba B\u00fcy\u00fck\u00fcst\u00fcn Joy Awards \u00f6d\u00fcl gecesinde dikkatleri \u00fczerine \u00e7ekti! \" width=\"1208\" height=\"680\" title=\"\" srcset=\"https:\/\/www.tgrthaber.com\/mavikadin\/wp-content\/uploads\/Adsiz-tasarim-35-23-1024x576.jpg 1024w, https:\/\/www.tgrthaber.com\/mavikadin\/wp-content\/uploads\/Adsiz-tasarim-35-23-300x169.jpg 300w, https:\/\/www.tgrthaber.com\/mavikadin\/wp-content\/uploads\/Adsiz-tasarim-35-23-768x432.jpg 768w, https:\/\/www.tgrthaber.com\/mavikadin\/wp-content\/uploads\/Adsiz-tasarim-35-23-1536x864.jpg 1536w, https:\/\/www.tgrthaber.com\/mavikadin\/wp-content\/uploads\/Adsiz-tasarim-35-23.jpg 1600w\" sizes=\"(max-width: 1208px) 100vw, 1208px\" \/><\/p>\n<hr \/>\n<p>Hande Er\u00e7el, Bar\u0131\u015f Ardu\u00e7, Afra Sara\u00e7o\u011flu, Burak \u00d6z\u00e7ivit, Fahriye Evcen ve Demet \u00d6zdemir gibi ba\u015far\u0131l\u0131 ve \u00fcnl\u00fc T\u00fcrk oyuncular\u0131n kat\u0131l\u0131mlar\u0131yla ger\u00e7ekle\u015fen Joy Awards gecesinde Tuba B\u00fcy\u00fck\u00fcst\u00fcn\u2019de yer ald\u0131. B\u00fcy\u00fck\u00fcst\u00fcn g\u00fczelli\u011fi ve \u015f\u0131kl\u0131\u011f\u0131yla herkesi etkiledi.<\/p>\n<h3>\u00a0KONU\u015eMASIYLA HERKES\u0130 MEST ETT\u0130!<\/h3>\n<p>Ba\u015far\u0131l\u0131 oyunculu\u011fuyla ad\u0131ndan s\u0131k s\u0131k s\u00f6z ettiren \u00fcnl\u00fc oyuncu Tuba B\u00fcy\u00fck\u00fcst\u00fcn, Suudi Arabistan\u2019\u0131n ba\u015fkenti Riyad\u2019da d\u00fczenlenen Joy Awards 2025 \u00f6d\u00fcl gecesindeydi. Birbirinden ba\u015far\u0131l\u0131 oyuncular\u0131n yer ald\u0131\u011f\u0131 geceye B\u00fcy\u00fck\u00fcst\u00fcn, damga vurdu. B\u00fcy\u00fck\u00fcst\u00fcn g\u00fczelli\u011finin ve \u015f\u0131kl\u0131\u011f\u0131n\u0131n yan\u0131 s\u0131ra konu\u015fmas\u0131yla da herkesi mest etti.<\/p>\n<p><img loading=\"lazy\" decoding=\"async\" class=\"alignnone wp-image-123280\" src=\"https:\/\/www.tgrthaber.com\/mavikadin\/wp-content\/uploads\/Adsiz-tasarim-33-23-1024x576.jpg\" alt=\"Tuba B\u00fcy\u00fck\u00fcst\u00fcn Joy Awards \u00f6d\u00fcl gecesinde dikkatleri \u00fczerine \u00e7ekti! \" width=\"1208\" height=\"680\" title=\"\" srcset=\"https:\/\/www.tgrthaber.com\/mavikadin\/wp-content\/uploads\/Adsiz-tasarim-33-23-1024x576.jpg 1024w, https:\/\/www.tgrthaber.com\/mavikadin\/wp-content\/uploads\/Adsiz-tasarim-33-23-300x169.jpg 300w, https:\/\/www.tgrthaber.com\/mavikadin\/wp-content\/uploads\/Adsiz-tasarim-33-23-768x432.jpg 768w, https:\/\/www.tgrthaber.com\/mavikadin\/wp-content\/uploads\/Adsiz-tasarim-33-23-1536x864.jpg 1536w, https:\/\/www.tgrthaber.com\/mavikadin\/wp-content\/uploads\/Adsiz-tasarim-33-23.jpg 1600w\" sizes=\"(max-width: 1208px) 100vw, 1208px\" \/><\/p>\n<hr \/>\n<p>Joy Awards \u00f6d\u00fcl t\u00f6reninde konu\u015fan Tuba B\u00fcy\u00fck\u00fcst\u00fcn, s\u00f6zlerine Arap\u00e7a c\u00fcmlelerle ba\u015flad\u0131. \u00dcnl\u00fc oyuncunun ak\u0131\u015fkan Arap\u00e7a konu\u015fmas\u0131 ve aksan\u0131 salondaki davetlileri adeta mest etti. B\u00fcy\u00fck\u00fcst\u00fcn, konu\u015fmas\u0131na Arap\u00e7a \u201cRiyad\u2019da ne g\u00fczel bir ak\u015fam\u201d s\u00f6zleriyle ba\u015flad\u0131. Daha sonra konu\u015fmas\u0131na \u0130ngilizce devam eden B\u00fcy\u00fck\u00fcst\u00fcn, ak\u0131c\u0131 \u0130ngilizce konu\u015fmas\u0131yla da herkesten tam puan ald\u0131.<\/p>\n<div style=\"width: 640px;\" class=\"wp-video\"><!--[if lt IE 9]><script>document.createElement('video');<\/script><![endif]-->\n<video class=\"wp-video-shortcode\" id=\"video-123278-1\" width=\"640\" height=\"640\" preload=\"metadata\" controls=\"controls\"><source type=\"video\/mp4\" src=\"https:\/\/www.tgrthaber.com\/mavikadin\/wp-content\/uploads\/Kahverengi-Sade-Zarif-Kucuk-Isletme-Kuafor-Instagram-Video-22.mp4?_=1\" \/><a href=\"https:\/\/www.tgrthaber.com\/mavikadin\/wp-content\/uploads\/Kahverengi-Sade-Zarif-Kucuk-Isletme-Kuafor-Instagram-Video-22.mp4\">https:\/\/www.tgrthaber.com\/mavikadin\/wp-content\/uploads\/Kahverengi-Sade-Zarif-Kucuk-Isletme-Kuafor-Instagram-Video-22.mp4<\/a><\/video><\/div>\n<h3>FAVOR\u0130 F\u0130LM AKT\u00d6R KATEGOR\u0130S\u0130N\u0130 SUNDU!<\/h3>\n<p>Konu\u015fmalar\u0131na \u0130ngilizce devam eden Tuba B\u00fcy\u00fck\u00fcst\u00fcn, Favori Film akt\u00f6r kategorisini sundu. B\u00fcy\u00fck\u00fcst\u00fcn konu\u015fmalar\u0131nda, \u201cHerkese iyi ak\u015famlar. Joy Awards \u00f6d\u00fcl t\u00f6reninde oldu\u011fum i\u00e7in \u00e7ok onur duydum ve minnettar\u0131m. Ger\u00e7ekten iyi olan bir\u00e7ok akt\u00f6rle \u00e7al\u0131\u015ft\u0131m. \u015eansl\u0131yd\u0131m ve say\u0131s\u0131z performans g\u00f6rd\u00fcm. Harika bir akt\u00f6r sizi koltu\u011funuzun kenar\u0131nda tutma yetene\u011fine sahiptir. Onu b\u00fcy\u00fcleyin ve hatta bazen kendinizi tamamen suskun b\u0131rak\u0131n. O bir rol al\u0131r, karakter ve onu canl\u0131 hissettiren bir performansa d\u00f6n\u00fc\u015ft\u00fcr\u00fcr. \u0130\u015fte bu y\u0131lki filmlerde spot \u0131\u015f\u0131\u011f\u0131n\u0131 satan akt\u00f6rler Favori Film akt\u00f6r \u00f6d\u00fclleri adaylar\u0131\u2026\u201d ifadelerine yer verdi.<\/p>\n","protected":false},"excerpt":{"rendered":"<p>Ge\u00e7ti\u011fimiz gece ger\u00e7ekle\u015fen Joy Awards \u00f6d\u00fcl gecesine birbirinden ba\u015far\u0131l\u0131 oyuncular kat\u0131ld\u0131. Tuba B\u00fcy\u00fck\u00fcst\u00fcn\u00fcn\u2019de aralar\u0131nda oldu\u011fu geceye \u00fcnl\u00fcler damga vurdu. B\u00fcy\u00fck\u00fcst\u00fcn konu\u015fmas\u0131yla herkesi mest etti. \u0130\u015fte detaylar\u2026 <\/p>\n","protected":false},"author":26,"featured_media":123281,"comment_status":"closed","ping_status":"closed","sticky":false,"template":"","format":"standard","meta":{"rank_math_lock_modified_date":false,"footnotes":""},"categories":[76],"tags":[6270,3568],"class_list":["post-123278","post","type-post","status-publish","format-standard","has-post-thumbnail","hentry","category-magazin","tag-joy-awards","tag-tuba-buyukustun"],"_links":{"self":[{"href":"https:\/\/www.tgrthaber.com\/mavikadin\/wp-json\/wp\/v2\/posts\/123278"}],"collection":[{"href":"https:\/\/www.tgrthaber.com\/mavikadin\/wp-json\/wp\/v2\/posts"}],"about":[{"href":"https:\/\/www.tgrthaber.com\/mavikadin\/wp-json\/wp\/v2\/types\/post"}],"author":[{"embeddable":true,"href":"https:\/\/www.tgrthaber.com\/mavikadin\/wp-json\/wp\/v2\/users\/26"}],"replies":[{"embeddable":true,"href":"https:\/\/www.tgrthaber.com\/mavikadin\/wp-json\/wp\/v2\/comments?post=123278"}],"version-history":[{"count":1,"href":"https:\/\/www.tgrthaber.com\/mavikadin\/wp-json\/wp\/v2\/posts\/123278\/revisions"}],"predecessor-version":[{"id":123283,"href":"https:\/\/www.tgrthaber.com\/mavikadin\/wp-json\/wp\/v2\/posts\/123278\/revisions\/123283"}],"wp:featuredmedia":[{"embeddable":true,"href":"https:\/\/www.tgrthaber.com\/mavikadin\/wp-json\/wp\/v2\/media\/123281"}],"wp:attachment":[{"href":"https:\/\/www.tgrthaber.com\/mavikadin\/wp-json\/wp\/v2\/media?parent=123278"}],"wp:term":[{"taxonomy":"category","embeddable":true,"href":"https:\/\/www.tgrthaber.com\/mavikadin\/wp-json\/wp\/v2\/categories?post=123278"},{"taxonomy":"post_tag","embeddable":true,"href":"https:\/\/www.tgrthaber.com\/mavikadin\/wp-json\/wp\/v2\/tags?post=123278"}],"curies":[{"name":"wp","href":"https:\/\/api.w.org\/{rel}","templated":true}]}}