{"id":123308,"date":"2025-01-19T12:12:31","date_gmt":"2025-01-19T09:12:31","guid":{"rendered":"https:\/\/www.tgrthaber.com\/mavikadin\/?p=123308"},"modified":"2025-01-19T12:12:31","modified_gmt":"2025-01-19T09:12:31","slug":"emziren-anneler-oruc-tutar-mi-tutmazsa-gunah-olur-mu","status":"publish","type":"post","link":"https:\/\/www.tgrthaber.com\/mavikadin\/emziren-anneler-oruc-tutar-mi-tutmazsa-gunah-olur-mu\/","title":{"rendered":"Emziren anneler oru\u00e7 tutar m\u0131, tutmazsa g\u00fcnah olur mu?"},"content":{"rendered":"<p>Ramazan rahmet, bereket ve ibadet ay\u0131d\u0131r. Bu aya sayg\u0131 g\u00f6sterip orucu aksatmadan tutmal\u0131, ibadetleri yapmal\u0131 haramlardan ka\u00e7\u0131nmal\u0131d\u0131r.<\/p>\n<p>Ramazan\u2019da oru\u00e7 tutmak farz ibadettir, oru\u00e7 tutmamak, Ramazan g\u00fcnlerinde \u00f6z\u00fcrs\u00fcz yiyip i\u00e7mek b\u00fcy\u00fck g\u00fcnah olur. Peki bu durum emziren anneler i\u00e7in de ge\u00e7erli mi? Emziren anneler de Ramazan ay\u0131nda oru\u00e7 tutmak zorunda m\u0131?<\/p>\n<p>Anne s\u00fct\u00fc bebek i\u00e7in en sa\u011fl\u0131kl\u0131 besindir. Bebek ek g\u0131daya ge\u00e7inceye kadar ihtiya\u00e7 duydu\u011fu vitaminleri, minerallleri, karbonhidrat, ya\u011f, su, protein gibi hemen hemen t\u00fcm besinleri anne s\u00fct\u00fc yoluyla temin eder.<\/p>\n<p>Nutrients\u2019da 2011 Nisan ay\u0131ndaki \u201cKolostrum ve S\u00fctteki \u0130mm\u00fcnoglobulinlere \u0130li\u015fkin Perspektifler\u201d adl\u0131 \u00e7al\u0131\u015fmaya g\u00f6re anne s\u00fct\u00fc bebe\u011fin ba\u011f\u0131\u015f\u0131kl\u0131k sistemini g\u00fc\u00e7lendiriyor, kulak enfeksiyonlar\u0131na, zat\u00fcrreye, bakteriyel ve viral enfeksiyonlara kar\u015f\u0131 koruma sa\u011fl\u0131yor.<\/p>\n<p>Ayr\u0131ca anne s\u00fct\u00fcn\u00fcn bebe\u011fi ileriki y\u0131llar\u0131nda alerji, \u015feker hastal\u0131\u011f\u0131, obezite gibi sorunlardan korumak, \u00e7ocukluk \u00e7a\u011f\u0131 l\u00f6semisini \u00f6nlemek \u015feklinde faydalar\u0131 da s\u00f6z konusu.<\/p>\n<p>Dinimiz de emziren annelere s\u00fct vermeyi \u00f6neriyor, bebe\u011fi mama yiyecek hale gelinceye kadar emzirmek vacip iken, 2 ya\u015f\u0131na gelinceye kadar bebe\u011fi emzirmek m\u00fcstehap, 2,5 ya\u015f\u0131na kadar emzirmek ise caizdir. \u00a02,5 ya\u015ftan sonra emzirmekse caiz de\u011fildir.<\/p>\n<p>Peki emzirmek bu kadar \u00f6nemli ve dinimizde de \u00f6nerilen bir durum iken Ramazan ay\u0131nda emzirmeye devam edilecek mi?<\/p>\n<h3>EMZ\u0130REN ANNE ORU\u00c7 TUTMAK ZORUNDA MI?<\/h3>\n<p>Hadis-i \u015eerif&#8217;te buyruldu ki: &#8220;M\u00fcjdeleyiniz, nefret ettirmeyiniz. Kolayla\u015ft\u0131r\u0131n\u0131z, zorla\u015ft\u0131rmay\u0131n\u0131z.\u201d<\/p>\n<p>Dinimiz her y\u00f6nden bize kolayl\u0131k sa\u011flar, yani bize sunulan ruhsatlar \u00f6l\u00e7\u00fcs\u00fcnde hareket edebiliriz. \u0130slamiyet\u2019e, islam\u0131n \u015fartlar\u0131na ne kadar uyarsak d\u00fcnya ve ahirette o kadar rahat ya\u015far\u0131z.<\/p>\n<figure id=\"attachment_123310\" aria-describedby=\"caption-attachment-123310\" style=\"width: 1208px\" class=\"wp-caption alignnone\"><img loading=\"lazy\" decoding=\"async\" class=\"wp-image-123310\" src=\"https:\/\/www.tgrthaber.com\/mavikadin\/wp-content\/uploads\/emzirirken-oruc-tutulur-mu-2.jpg\" alt=\"emzirirken oru\u00e7 tutulur mu\" width=\"1208\" height=\"680\" title=\"\" srcset=\"https:\/\/www.tgrthaber.com\/mavikadin\/wp-content\/uploads\/emzirirken-oruc-tutulur-mu-2.jpg 1920w, https:\/\/www.tgrthaber.com\/mavikadin\/wp-content\/uploads\/emzirirken-oruc-tutulur-mu-2-300x169.jpg 300w, https:\/\/www.tgrthaber.com\/mavikadin\/wp-content\/uploads\/emzirirken-oruc-tutulur-mu-2-1024x576.jpg 1024w, https:\/\/www.tgrthaber.com\/mavikadin\/wp-content\/uploads\/emzirirken-oruc-tutulur-mu-2-768x432.jpg 768w, https:\/\/www.tgrthaber.com\/mavikadin\/wp-content\/uploads\/emzirirken-oruc-tutulur-mu-2-1536x864.jpg 1536w\" sizes=\"(max-width: 1208px) 100vw, 1208px\" \/><figcaption id=\"caption-attachment-123310\" class=\"wp-caption-text\">\u00a0<\/figcaption><\/figure>\n<hr \/>\n<p>\u0130slamiyet\u2019in \u015fartlar\u0131ndan biri de Ramazan ay\u0131nda oru\u00e7 tutmakt\u0131r. Ramazan ay\u0131nda oru\u00e7 tutmak yap\u0131lmas\u0131 farz olan ibadetlerdendir.<\/p>\n<p>Ancak bizi yaradan Y\u00fcce Mevlam\u0131z baz\u0131 ki\u015filerin oru\u00e7 tutmay\u0131p kazaya b\u0131rakmas\u0131na izin vermi\u015ftir.<\/p>\n<p>Bu ki\u015filerden biri de emziren annedir.<\/p>\n<p>Emziren anne olmak da orucu tutmay\u0131p kazaya b\u0131rakmay\u0131 mubah k\u0131lan \u00f6z\u00fcrler aras\u0131nda yer almaktad\u0131r.<\/p>\n<p><strong>Dinimiz emziren anneye oru\u00e7 tutmamaya izin vermi\u015ftir, zor geliyorsa tutmayabilir. <\/strong><\/p>\n<p>Emziren anne oru\u00e7 tutarken s\u00fctte azalma olup, \u00e7ocu\u011fun s\u0131hhati tehlikeye girecek olursa da, s\u00fct emziren kad\u0131n \u00e7ocu\u011fu emzirmeyebiliyor.<\/p>\n<p>Fakat emzirirken de oru\u00e7 tutulmazsa a\u00e7\u0131ktan oru\u00e7 tutanlar\u0131n yan\u0131nda yememeli, gizli yiyip i\u00e7melidir.<\/p>\n<h3>EMZ\u0130REN ANNELER ORU\u00c7 TUTMAZSA F\u0130DYE \u00d6DER M\u0130?<\/h3>\n<p>Emziren anne tutmad\u0131\u011f\u0131 oru\u00e7lar i\u00e7in fidye vermez, emzirme d\u00f6nemi bitince tutmad\u0131\u011f\u0131 oru\u00e7lar\u0131 kaza eder.<\/p>\n<h3>A\u00c7 KALMAK ANNE S\u00dcT\u00dcN\u00dc AZALTIR MI?<\/h3>\n<p>\u0130ftar ile sahurda dengeli ve sa\u011fl\u0131kl\u0131 beslenildi\u011fi s\u00fcrece oru\u00e7 tutmak, a\u00e7 kalmak anne s\u00fct\u00fcn\u00fc azaltmaz.<\/p>\n<p>\u0130ftar ve sahurda s\u00fct yapan g\u0131dalar\u0131n bol bol t\u00fcketilmesine \u00f6zen g\u00f6sterilmelidir.<\/p>\n<p>Bol su i\u00e7me ve stresten uzak durman\u0131n yan\u0131 s\u0131ra yumurta, ye\u015fil yaprakl\u0131 sebzeler, rezene \u00e7ay\u0131, \u00e7emen otu tohumu \u00e7ay\u0131, dut kurusu, pekmez gibi besinlerin t\u00fcketimi hem anne s\u00fct\u00fcn\u00fcn miktar\u0131n\u0131 da hem de kalitesini art\u0131racakt\u0131r.<\/p>\n<h3>EMZ\u0130R\u0130RKEN ORUCUMU BOZDUM KEFARET GEREK\u0130R M\u0130?<\/h3>\n<p>Emzirme d\u00f6neminde orucu bozmak kefaret gerekmemektedir \u00e7\u00fcnk\u00fc dinimiz, \u00e7ocu\u011funa s\u00fct veren anneye izin vermi\u015ftir.<\/p>\n","protected":false},"excerpt":{"rendered":"<p>M\u00fcbarek Ramazan ay\u0131n\u0131n gelmesiyle birlikte vatanda\u015flar\u0131n oru\u00e7la ilgili pek \u00e7ok merak etti\u011fi mevzu ortaya \u00e7\u0131kt\u0131. Bunlardan biri de emzirirken oru\u00e7 tutulup tutulmayaca\u011f\u0131, emziren annenin orucu bozmas\u0131 durumunda kefaret gerekip gerekmedi\u011fidir. Peki dinimiz bu konuda ne diyor?<\/p>\n","protected":false},"author":30,"featured_media":123309,"comment_status":"closed","ping_status":"closed","sticky":false,"template":"","format":"standard","meta":{"rank_math_lock_modified_date":false,"footnotes":""},"categories":[111],"tags":[1417],"class_list":["post-123308","post","type-post","status-publish","format-standard","has-post-thumbnail","hentry","category-anne-cocuk","tag-emzirme"],"_links":{"self":[{"href":"https:\/\/www.tgrthaber.com\/mavikadin\/wp-json\/wp\/v2\/posts\/123308"}],"collection":[{"href":"https:\/\/www.tgrthaber.com\/mavikadin\/wp-json\/wp\/v2\/posts"}],"about":[{"href":"https:\/\/www.tgrthaber.com\/mavikadin\/wp-json\/wp\/v2\/types\/post"}],"author":[{"embeddable":true,"href":"https:\/\/www.tgrthaber.com\/mavikadin\/wp-json\/wp\/v2\/users\/30"}],"replies":[{"embeddable":true,"href":"https:\/\/www.tgrthaber.com\/mavikadin\/wp-json\/wp\/v2\/comments?post=123308"}],"version-history":[{"count":7,"href":"https:\/\/www.tgrthaber.com\/mavikadin\/wp-json\/wp\/v2\/posts\/123308\/revisions"}],"predecessor-version":[{"id":123320,"href":"https:\/\/www.tgrthaber.com\/mavikadin\/wp-json\/wp\/v2\/posts\/123308\/revisions\/123320"}],"wp:featuredmedia":[{"embeddable":true,"href":"https:\/\/www.tgrthaber.com\/mavikadin\/wp-json\/wp\/v2\/media\/123309"}],"wp:attachment":[{"href":"https:\/\/www.tgrthaber.com\/mavikadin\/wp-json\/wp\/v2\/media?parent=123308"}],"wp:term":[{"taxonomy":"category","embeddable":true,"href":"https:\/\/www.tgrthaber.com\/mavikadin\/wp-json\/wp\/v2\/categories?post=123308"},{"taxonomy":"post_tag","embeddable":true,"href":"https:\/\/www.tgrthaber.com\/mavikadin\/wp-json\/wp\/v2\/tags?post=123308"}],"curies":[{"name":"wp","href":"https:\/\/api.w.org\/{rel}","templated":true}]}}