{"id":123331,"date":"2025-01-19T12:49:29","date_gmt":"2025-01-19T09:49:29","guid":{"rendered":"https:\/\/www.tgrthaber.com\/mavikadin\/?p=123331"},"modified":"2025-01-19T12:49:30","modified_gmt":"2025-01-19T09:49:30","slug":"turk-dizi-sektorunun-ihracat-geliri-2024-yilinda-tavan-yapti","status":"publish","type":"post","link":"https:\/\/www.tgrthaber.com\/mavikadin\/turk-dizi-sektorunun-ihracat-geliri-2024-yilinda-tavan-yapti\/","title":{"rendered":"T\u00fcrk dizi sekt\u00f6r\u00fcn\u00fcn ihracat geliri 2024 y\u0131l\u0131nda tavan yapt\u0131!"},"content":{"rendered":"<p>T\u00fcrk dizi sekt\u00f6r\u00fc son zamanlarda yapm\u0131\u015f oldu\u011fu ihra\u00e7larla ad\u0131ndan s\u00f6z ettirmeye devam ediyor. Bir\u00e7ok ba\u015far\u0131l\u0131 projeye imza atan T\u00fcrk dizi sekt\u00f6r\u00fcne yabanc\u0131 \u00fclkelerden de ilgi b\u00fcy\u00fck. 2024 y\u0131l\u0131nda b\u00fcy\u00fck bir gelir elde eden T\u00fcrk dizi sekt\u00f6r\u00fc, bak\u0131n ne kadar gelir etmi\u015f. \u0130\u015fte T\u00fcrk dizi sekt\u00f6r\u00fcn\u00fcn 2024 y\u0131l\u0131nda ihra\u00e7 etti\u011fi gelir\u2026<\/p>\n<hr \/>\n<h3>T\u00dcRK D\u0130Z\u0130 SEKT\u00d6R\u00dc 2024 YILI \u0130HRA\u00c7 GEL\u0130R\u0130 TAVAN YAPTI!<\/h3>\n<p>Son zamanlarda yapm\u0131\u015f oldu\u011fu ihra\u00e7 dizileriyle ad\u0131ndan s\u0131k\u00e7a s\u00f6z ettiren T\u00fcrk dizi sekt\u00f6r\u00fc, 2024 y\u0131l\u0131nda ihra\u00e7 etti\u011fi 300\u2019den fazla yap\u0131mla 500 milyon dolar\u0131n \u00fczerinde gelir elde etti. 150\u2019nin \u00fczerinde \u00fclkeye ihracat yapan T\u00fcrk dizi sekt\u00f6r\u00fcn\u00fcn ihracat\u0131, dijital platformlarla birlikte 200\u2019e \u00e7\u0131k\u0131yor. T\u00fcrk dizileri yabanc\u0131 \u00fclkelerde b\u00fcy\u00fck bir ilgiyle kar\u015f\u0131lan\u0131yor.<\/p>\n<p><img loading=\"lazy\" decoding=\"async\" class=\"alignnone wp-image-123335\" src=\"https:\/\/www.tgrthaber.com\/mavikadin\/wp-content\/uploads\/Adsiz-tasarim-48-17-1024x576.jpg\" alt=\"T\u00fcrk dizi sekt\u00f6r\u00fcn\u00fcn ihracat geliri 2024 y\u0131l\u0131nda tavan yapt\u0131! \" width=\"1208\" height=\"680\" title=\"\" srcset=\"https:\/\/www.tgrthaber.com\/mavikadin\/wp-content\/uploads\/Adsiz-tasarim-48-17-1024x576.jpg 1024w, https:\/\/www.tgrthaber.com\/mavikadin\/wp-content\/uploads\/Adsiz-tasarim-48-17-300x169.jpg 300w, https:\/\/www.tgrthaber.com\/mavikadin\/wp-content\/uploads\/Adsiz-tasarim-48-17-768x432.jpg 768w, https:\/\/www.tgrthaber.com\/mavikadin\/wp-content\/uploads\/Adsiz-tasarim-48-17-1536x864.jpg 1536w, https:\/\/www.tgrthaber.com\/mavikadin\/wp-content\/uploads\/Adsiz-tasarim-48-17.jpg 1600w\" sizes=\"(max-width: 1208px) 100vw, 1208px\" \/><\/p>\n<hr \/>\n<p>T\u00fcrk dizileri, \u00f6zellikle Orta Do\u011fu ve Latin Amerika \u00fclkeleri ba\u015fta olmak \u00fczere, ABD, Avustralya ve Avrupa\u2019da bir\u00e7ok izleyici ile bulu\u015fuyor. Bir\u00e7ok \u00fclkeden T\u00fcrk dizilerinin s\u0131k\u0131 takip\u00e7ileri bulunuyor. Son olarak da Kurulu\u015f Osman dizisi G\u00fcney Kore\u2019ye ihra\u00e7 ediliyor ve T\u00fcrk dizileri Uzak Do\u011fu\u2019daki ilgisini korumaya devam ediyor.<\/p>\n<h3>D\u0130J\u0130TAL PLATFORM YAPIMLARININ ETK\u0130S\u0130 B\u00dcY\u00dcK!<\/h3>\n<p>Televizyon dizilerinin yan\u0131 s\u0131ra son zamanlarda pop\u00fclerli\u011fini art\u0131ran dijital platformlar\u0131n \u00fcrettikleri T\u00fcrk yap\u0131mlar\u0131n\u0131n, d\u00fcnyada 1 milyar tekil izleyici taraf\u0131ndan izlendi\u011fi tahmin ediliyor. Ge\u00e7ti\u011fimiz y\u0131l neredeyse 300\u2019den fazla yerli yap\u0131m\u0131 ihra\u00e7 eden T\u00fcrk dizi sekt\u00f6r\u00fc, elde etti\u011fi 500 milyon dolarla ba\u015far\u0131s\u0131n\u0131 her ge\u00e7en g\u00fcn art\u0131r\u0131yor.<\/p>\n<p><img loading=\"lazy\" decoding=\"async\" class=\"alignnone wp-image-123336\" src=\"https:\/\/www.tgrthaber.com\/mavikadin\/wp-content\/uploads\/Adsiz-tasarim-50-15-1024x576.jpg\" alt=\"T\u00fcrk dizi sekt\u00f6r\u00fcn\u00fcn ihracat geliri 2024 y\u0131l\u0131nda tavan yapt\u0131! \" width=\"1208\" height=\"680\" title=\"\" srcset=\"https:\/\/www.tgrthaber.com\/mavikadin\/wp-content\/uploads\/Adsiz-tasarim-50-15-1024x576.jpg 1024w, https:\/\/www.tgrthaber.com\/mavikadin\/wp-content\/uploads\/Adsiz-tasarim-50-15-300x169.jpg 300w, https:\/\/www.tgrthaber.com\/mavikadin\/wp-content\/uploads\/Adsiz-tasarim-50-15-768x432.jpg 768w, https:\/\/www.tgrthaber.com\/mavikadin\/wp-content\/uploads\/Adsiz-tasarim-50-15-1536x864.jpg 1536w, https:\/\/www.tgrthaber.com\/mavikadin\/wp-content\/uploads\/Adsiz-tasarim-50-15.jpg 1600w\" sizes=\"(max-width: 1208px) 100vw, 1208px\" \/><\/p>\n<hr \/>\n<p>D\u00fcnyaca \u00fcnl\u00fc dijital platform T\u00fcrkiye\u2019de RT\u00dcK lisans\u0131yla i\u00e7eriklerini \u00fcreten Netflix\u2019in son verilerine g\u00f6re, 2021 y\u0131l\u0131ndan bu yana 47 T\u00fcrk i\u00e7eri\u011fi haftal\u0131k Global Top 10 listelerinde yer ald\u0131. Yerli i\u00e7erikler 92 \u00fclkede en \u00e7ok izlenenler aras\u0131nda bulunurken, izleyicilerin g\u00f6sterdi\u011fi ilgiyle 4 y\u0131lda 184 haftada \u00fclkelerin en iyi 10 i\u00e7eri\u011fi aras\u0131nda yer ald\u0131.<\/p>\n<p><img loading=\"lazy\" decoding=\"async\" class=\"alignnone wp-image-123338\" src=\"https:\/\/www.tgrthaber.com\/mavikadin\/wp-content\/uploads\/Adsiz-tasarim-47-15-1024x576.jpg\" alt=\"T\u00fcrk dizi sekt\u00f6r\u00fcn\u00fcn ihracat geliri 2024 y\u0131l\u0131nda tavan yapt\u0131! \" width=\"1208\" height=\"680\" title=\"\" srcset=\"https:\/\/www.tgrthaber.com\/mavikadin\/wp-content\/uploads\/Adsiz-tasarim-47-15-1024x576.jpg 1024w, https:\/\/www.tgrthaber.com\/mavikadin\/wp-content\/uploads\/Adsiz-tasarim-47-15-300x169.jpg 300w, https:\/\/www.tgrthaber.com\/mavikadin\/wp-content\/uploads\/Adsiz-tasarim-47-15-768x432.jpg 768w, https:\/\/www.tgrthaber.com\/mavikadin\/wp-content\/uploads\/Adsiz-tasarim-47-15-1536x864.jpg 1536w, https:\/\/www.tgrthaber.com\/mavikadin\/wp-content\/uploads\/Adsiz-tasarim-47-15.jpg 1600w\" sizes=\"(max-width: 1208px) 100vw, 1208px\" \/><\/p>\n<hr \/>\n<h3>T\u00dcRK D\u0130Z\u0130 SEKT\u00d6R\u00dc \u00dcLKE EKONOM\u0130S\u0130N\u0130 DE KALKINDIRIYOR!<\/h3>\n<p>T\u00fcrk dizi sekt\u00f6r\u00fcn\u00fcn ba\u015far\u0131l\u0131 dizileri yaln\u0131zca dizi sekt\u00f6r\u00fcn\u00fc de\u011fil ayn\u0131 zamanda \u00fclkenin ekonomisini de kalk\u0131nd\u0131r\u0131yor. Bir\u00e7ok \u00fclkeden izleyici kitlesine sahip olan T\u00fcrk dizileri, T\u00fcrkiye\u2019nin e\u015fsiz g\u00fczelli\u011fiyle yabanc\u0131 vatanda\u015flar\u0131 etkiliyor. Yurt d\u0131\u015f\u0131ndaki vatanda\u015flar, T\u00fcrkiye\u2019nin e\u015fsiz do\u011fas\u0131 ve tarihi yap\u0131s\u0131ndan etkilenerek T\u00fcrkiye\u2019ye turistik ziyaretler ger\u00e7ekle\u015ftiriyor.<\/p>\n<p><img loading=\"lazy\" decoding=\"async\" class=\"alignnone wp-image-123337\" src=\"https:\/\/www.tgrthaber.com\/mavikadin\/wp-content\/uploads\/Adsiz-tasarim-53-13-1024x576.jpg\" alt=\"T\u00fcrk dizi sekt\u00f6r\u00fcn\u00fcn ihracat geliri 2024 y\u0131l\u0131nda tavan yapt\u0131! \" width=\"1208\" height=\"680\" title=\"\" srcset=\"https:\/\/www.tgrthaber.com\/mavikadin\/wp-content\/uploads\/Adsiz-tasarim-53-13-1024x576.jpg 1024w, https:\/\/www.tgrthaber.com\/mavikadin\/wp-content\/uploads\/Adsiz-tasarim-53-13-300x169.jpg 300w, https:\/\/www.tgrthaber.com\/mavikadin\/wp-content\/uploads\/Adsiz-tasarim-53-13-768x432.jpg 768w, https:\/\/www.tgrthaber.com\/mavikadin\/wp-content\/uploads\/Adsiz-tasarim-53-13-1536x864.jpg 1536w, https:\/\/www.tgrthaber.com\/mavikadin\/wp-content\/uploads\/Adsiz-tasarim-53-13.jpg 1600w\" sizes=\"(max-width: 1208px) 100vw, 1208px\" \/><\/p>\n<hr \/>\n<p>T\u00fcrk dizileri, K\u00fclt\u00fcr ve Turizm Bakanl\u0131\u011f\u0131nca yurt d\u0131\u015f\u0131nda yap\u0131lan \u00fclke tan\u0131t\u0131mlar\u0131na y\u00f6nelik ilgiyi de art\u0131r\u0131yor. Dizilerde yer alan mekanlara, e\u015fsiz do\u011fa manzaras\u0131na ve tarihi yap\u0131lara ilgi duyan \u00e7ok say\u0131da izleyici, T\u00fcrkiye\u2019nin a\u00e7m\u0131\u015f oldu\u011fu \u2018\u00fclke tan\u0131t\u0131m stantlar\u0131nda\u2019 T\u00fcrkiye hakk\u0131nda detayl\u0131 bilgi edinme f\u0131rsat\u0131 yakal\u0131yor. B\u00f6ylece \u00e7e\u015fitli \u00fclkelerden turistik gezi amac\u0131yla gelen bir\u00e7ok yabanc\u0131 vatanda\u015f, \u00fclke ekonomisine \u00e7e\u015fitli f\u0131rsatlar vererek kalk\u0131nma g\u00fcc\u00fcn\u00fc art\u0131r\u0131yor.<\/p>\n","protected":false},"excerpt":{"rendered":"<p>Bir\u00e7ok ba\u015far\u0131l\u0131 dizinin yer ald\u0131\u011f\u0131 T\u00fcrk dizi sekt\u00f6r\u00fc, 2024 y\u0131l\u0131nda b\u00fcy\u00fck bir gelir elde etti. Bak\u0131n T\u00fcrk dizi sekt\u00f6r\u00fc 2024 y\u0131l\u0131nda ne kadar gelir elde etmi\u015f\u2026 <\/p>\n","protected":false},"author":26,"featured_media":123333,"comment_status":"closed","ping_status":"closed","sticky":false,"template":"","format":"standard","meta":{"rank_math_lock_modified_date":false,"footnotes":""},"categories":[602],"tags":[3602,8525],"class_list":["post-123331","post","type-post","status-publish","format-standard","has-post-thumbnail","hentry","category-diziler","tag-diziler","tag-turk-dizi-sektoru"],"_links":{"self":[{"href":"https:\/\/www.tgrthaber.com\/mavikadin\/wp-json\/wp\/v2\/posts\/123331"}],"collection":[{"href":"https:\/\/www.tgrthaber.com\/mavikadin\/wp-json\/wp\/v2\/posts"}],"about":[{"href":"https:\/\/www.tgrthaber.com\/mavikadin\/wp-json\/wp\/v2\/types\/post"}],"author":[{"embeddable":true,"href":"https:\/\/www.tgrthaber.com\/mavikadin\/wp-json\/wp\/v2\/users\/26"}],"replies":[{"embeddable":true,"href":"https:\/\/www.tgrthaber.com\/mavikadin\/wp-json\/wp\/v2\/comments?post=123331"}],"version-history":[{"count":2,"href":"https:\/\/www.tgrthaber.com\/mavikadin\/wp-json\/wp\/v2\/posts\/123331\/revisions"}],"predecessor-version":[{"id":123340,"href":"https:\/\/www.tgrthaber.com\/mavikadin\/wp-json\/wp\/v2\/posts\/123331\/revisions\/123340"}],"wp:featuredmedia":[{"embeddable":true,"href":"https:\/\/www.tgrthaber.com\/mavikadin\/wp-json\/wp\/v2\/media\/123333"}],"wp:attachment":[{"href":"https:\/\/www.tgrthaber.com\/mavikadin\/wp-json\/wp\/v2\/media?parent=123331"}],"wp:term":[{"taxonomy":"category","embeddable":true,"href":"https:\/\/www.tgrthaber.com\/mavikadin\/wp-json\/wp\/v2\/categories?post=123331"},{"taxonomy":"post_tag","embeddable":true,"href":"https:\/\/www.tgrthaber.com\/mavikadin\/wp-json\/wp\/v2\/tags?post=123331"}],"curies":[{"name":"wp","href":"https:\/\/api.w.org\/{rel}","templated":true}]}}