{"id":123334,"date":"2025-01-19T13:37:08","date_gmt":"2025-01-19T10:37:08","guid":{"rendered":"https:\/\/www.tgrthaber.com\/mavikadin\/?p=123334"},"modified":"2025-01-19T13:40:14","modified_gmt":"2025-01-19T10:40:14","slug":"survivor-2025-almeda-baylan-diskalifiye-mi-oldu-konseyde-karar-netlesti","status":"publish","type":"post","link":"https:\/\/www.tgrthaber.com\/mavikadin\/survivor-2025-almeda-baylan-diskalifiye-mi-oldu-konseyde-karar-netlesti\/","title":{"rendered":"Survivor 2025 Almeda Baylan diskalifiye mi oldu? Konseyde karar netle\u015fti!"},"content":{"rendered":"<p class=\"p2\">Survivor\u2019\u0131n merakla beklenen 15. b\u00f6l\u00fcm\u00fc izleyicilerle bulu\u015ftu ve adada tansiyon adeta zirveye \u00e7\u0131kt\u0131. Almeda ve Adilhan aras\u0131nda ba\u015flayan tart\u0131\u015fma, beklenmedik bir \u015fekilde fiziksel bir kavgaya d\u00f6n\u00fc\u015ft\u00fc. Sinirlerine hakim olamayan Almeda, Adilhan\u2019\u0131n bo\u011faz\u0131na yap\u0131\u015farak t\u00fcm yar\u0131\u015fmac\u0131lar\u0131 \u015foke etti. Bu olay sonras\u0131 Survivor\u2019da dengeler sars\u0131l\u0131rken, Almeda\u2019n\u0131n yar\u0131\u015fmadaki ak\u0131beti izleyiciler taraf\u0131ndan merak konusu haline geldi. Konseyde yap\u0131lan de\u011ferlendirmeler sonucunda Almeda\u2019n\u0131n gelece\u011fi netlik kazand\u0131. Peki, Survivor Almeda diskalifiye mi olacak, yoksa yar\u0131\u015fmaya devam m\u0131 edecek? \u0130\u015fte Survivor 2025\u2019te ya\u015fanan olaylar\u0131n t\u00fcm detaylar\u0131\u2026<\/p>\n<h3>SURV\u0130VOR 2025 ALMEDA D\u0130SKAL\u0130F\u0130YE M\u0130 OLACAK?<\/h3>\n<p class=\"p2\">Survivor 2025 heyecan dolu anlar\u0131yla devam ederken, All Star tak\u0131m\u0131nda yer alan Almeda\u2019n\u0131n mutsuzlu\u011fu dikkat \u00e7ekmeye ba\u015flad\u0131. \u00d6nceki b\u00f6l\u00fcmlerde bir talebi olaca\u011f\u0131n\u0131 dile getiren Almeda, konseyde karar\u0131n\u0131 a\u00e7\u0131klayaca\u011f\u0131n\u0131 duyurmu\u015f ve bu a\u00e7\u0131klama izleyicilerde merak uyand\u0131rm\u0131\u015ft\u0131. Adilhan ile ya\u015fad\u0131\u011f\u0131 gerginlik sonras\u0131nda fiziksel temas\u0131n ya\u015fanmas\u0131, Almeda\u2019n\u0131n yar\u0131\u015fmadaki gelece\u011fini daha da belirsiz hale getirdi. \u0130zleyiciler, Almeda\u2019n\u0131n diskalifiye edilip edilmeyece\u011fini b\u00fcy\u00fck bir heyecanla beklerken, durum netlik kazand\u0131.<\/p>\n<p><img loading=\"lazy\" decoding=\"async\" class=\"alignnone wp-image-123361 \" src=\"https:\/\/www.tgrthaber.com\/mavikadin\/wp-content\/uploads\/Ekran-Resmi-2025-01-19-13.32.41.png\" alt=\"\" width=\"989\" height=\"616\" title=\"\" srcset=\"https:\/\/www.tgrthaber.com\/mavikadin\/wp-content\/uploads\/Ekran-Resmi-2025-01-19-13.32.41.png 938w, https:\/\/www.tgrthaber.com\/mavikadin\/wp-content\/uploads\/Ekran-Resmi-2025-01-19-13.32.41-300x187.png 300w, https:\/\/www.tgrthaber.com\/mavikadin\/wp-content\/uploads\/Ekran-Resmi-2025-01-19-13.32.41-768x478.png 768w\" sizes=\"(max-width: 989px) 100vw, 989px\" \/><\/p>\n<hr \/>\n<p class=\"p2\">D\u00fcn ak\u015fam ekrana gelen son b\u00f6l\u00fcmde Almeda, konseyde yapt\u0131\u011f\u0131 a\u00e7\u0131klamada duygular\u0131n\u0131 a\u00e7\u0131k\u00e7a dile getirdi. \u201cBir insan, kendini iyi hissetmedi\u011fi bir ortamda bazen uzakla\u015fmak ister. Tak\u0131m\u0131m\u0131 \u00e7ok seviyorum ancak psikolojik olarak iyi hissetmiyorum. Mavi tak\u0131mda daha motive olaca\u011f\u0131m\u0131 d\u00fc\u015f\u00fcn\u00fcyorum, bu y\u00fczden b\u00f6yle bir istekte bulundum ve bu iste\u011fimde kararl\u0131y\u0131m,\u201d diyerek d\u00fc\u015f\u00fcncelerini payla\u015ft\u0131. Almeda\u2019n\u0131n bu s\u00f6zleri, ada konseyinde gerilimi art\u0131r\u0131rken, izleyiciler ve tak\u0131m arkada\u015flar\u0131 al\u0131nacak karar\u0131 merakla beklemeye ba\u015flad\u0131. Konseyde Acun Il\u0131cal\u0131 karar\u0131n\u0131 verdi.<\/p>\n<p><img loading=\"lazy\" decoding=\"async\" class=\"alignnone wp-image-123362 \" src=\"https:\/\/www.tgrthaber.com\/mavikadin\/wp-content\/uploads\/Ekran-Resmi-2025-01-19-13.32.52.png\" alt=\"\" width=\"984\" height=\"492\" title=\"\" srcset=\"https:\/\/www.tgrthaber.com\/mavikadin\/wp-content\/uploads\/Ekran-Resmi-2025-01-19-13.32.52.png 956w, https:\/\/www.tgrthaber.com\/mavikadin\/wp-content\/uploads\/Ekran-Resmi-2025-01-19-13.32.52-300x150.png 300w, https:\/\/www.tgrthaber.com\/mavikadin\/wp-content\/uploads\/Ekran-Resmi-2025-01-19-13.32.52-768x384.png 768w\" sizes=\"(max-width: 984px) 100vw, 984px\" \/><\/p>\n<hr \/>\n<h3>ALMEDA AD\u0130LHAN&#8217;IN BO\u011eAZINA YAPI\u015eTI<\/h3>\n<p class=\"p2\">\u00a0D\u00fcn ak\u015fam ger\u00e7ekle\u015fen konseyin ard\u0131ndan adaya d\u00f6nen All Star tak\u0131m\u0131, ate\u015f ba\u015f\u0131nda ya\u015fanan gergin anlarla sars\u0131ld\u0131. Almeda ve Adilhan aras\u0131nda ba\u015flayan s\u00f6zl\u00fc tart\u0131\u015fma, k\u0131sa s\u00fcrede kontrolden \u00e7\u0131karak fiziksel bir kavgaya d\u00f6n\u00fc\u015ft\u00fc. Sinirlerine hakim olamayan Almeda, Adilhan\u2019\u0131n bo\u011faz\u0131na sar\u0131larak herkesi \u015foke etti.<\/p>\n<p><img loading=\"lazy\" decoding=\"async\" class=\"alignnone wp-image-123363 \" src=\"https:\/\/www.tgrthaber.com\/mavikadin\/wp-content\/uploads\/Ekran-Resmi-2025-01-19-13.32.45.png\" alt=\"\" width=\"984\" height=\"621\" title=\"\" srcset=\"https:\/\/www.tgrthaber.com\/mavikadin\/wp-content\/uploads\/Ekran-Resmi-2025-01-19-13.32.45.png 960w, https:\/\/www.tgrthaber.com\/mavikadin\/wp-content\/uploads\/Ekran-Resmi-2025-01-19-13.32.45-300x189.png 300w, https:\/\/www.tgrthaber.com\/mavikadin\/wp-content\/uploads\/Ekran-Resmi-2025-01-19-13.32.45-768x485.png 768w\" sizes=\"(max-width: 984px) 100vw, 984px\" \/><\/p>\n<hr \/>\n<p class=\"p2\">Ya\u015fanan bu olay sonras\u0131 Survivor kurallar\u0131n\u0131n nas\u0131l uygulanaca\u011f\u0131 merak konusu olurken, izleyiciler Almeda\u2019n\u0131n yar\u0131\u015fmadaki gelece\u011fi hakk\u0131nda verilecek karar\u0131 b\u00fcy\u00fck bir ilgiyle bekledi. Konseyin ard\u0131ndan al\u0131nan karar, Almeda\u2019n\u0131n Mavi tak\u0131ma transfer edilmesi ve 5 oyun cezas\u0131 almas\u0131 y\u00f6n\u00fcnde oldu. Bu karar, Survivor tarihinde nadir g\u00f6r\u00fclen cezalar aras\u0131nda yer al\u0131rken, izleyiciler sosyal medyada konuyla ilgili \u00e7e\u015fitli yorumlarda bulundu. Kimi kullan\u0131c\u0131lar &#8216;Almeda&#8217;ya \u00e7ok y\u00fckleniyorlar&#8217; yorumunda bulunurken kimileri ise, &#8216; bu yar\u0131\u015fmada yeri yok&#8217; diyerek Almeda&#8217;ya ele\u015ftirilerde bulundu.<\/p>\n","protected":false},"excerpt":{"rendered":"<p>Survivor 15. b\u00f6l\u00fcm\u00fcyle nefesleri kesti! Almeda ve Adilhan aras\u0131ndaki gerilim b\u00fcy\u00fcyerek fiziksel kavgaya d\u00f6n\u00fc\u015ft\u00fc. Almeda\u2019n\u0131n Adilhan\u2019\u0131n bo\u011faz\u0131na yap\u0131\u015fmas\u0131 adada \u015fok etkisine neden oldu.  Konseyde al\u0131nan kararla Almeda\u2019n\u0131n gelece\u011fi netle\u015fti. Diskalifiye mi olacak, yoksa yar\u0131\u015fmaya devam m\u0131 edecek? \u0130\u015fte t\u00fcm detaylar\u2026 <\/p>\n","protected":false},"author":16,"featured_media":123364,"comment_status":"closed","ping_status":"closed","sticky":false,"template":"","format":"standard","meta":{"rank_math_lock_modified_date":false,"footnotes":""},"categories":[101],"tags":[8298,8531,8530],"class_list":["post-123334","post","type-post","status-publish","format-standard","has-post-thumbnail","hentry","category-kesfet","tag-survivor-2025-almeda-baylan","tag-survivor-2025-almeda-baylan-diskalifiye","tag-survivor-2025-almeda-diskalifiye-mi-oldu"],"_links":{"self":[{"href":"https:\/\/www.tgrthaber.com\/mavikadin\/wp-json\/wp\/v2\/posts\/123334"}],"collection":[{"href":"https:\/\/www.tgrthaber.com\/mavikadin\/wp-json\/wp\/v2\/posts"}],"about":[{"href":"https:\/\/www.tgrthaber.com\/mavikadin\/wp-json\/wp\/v2\/types\/post"}],"author":[{"embeddable":true,"href":"https:\/\/www.tgrthaber.com\/mavikadin\/wp-json\/wp\/v2\/users\/16"}],"replies":[{"embeddable":true,"href":"https:\/\/www.tgrthaber.com\/mavikadin\/wp-json\/wp\/v2\/comments?post=123334"}],"version-history":[{"count":3,"href":"https:\/\/www.tgrthaber.com\/mavikadin\/wp-json\/wp\/v2\/posts\/123334\/revisions"}],"predecessor-version":[{"id":123367,"href":"https:\/\/www.tgrthaber.com\/mavikadin\/wp-json\/wp\/v2\/posts\/123334\/revisions\/123367"}],"wp:featuredmedia":[{"embeddable":true,"href":"https:\/\/www.tgrthaber.com\/mavikadin\/wp-json\/wp\/v2\/media\/123364"}],"wp:attachment":[{"href":"https:\/\/www.tgrthaber.com\/mavikadin\/wp-json\/wp\/v2\/media?parent=123334"}],"wp:term":[{"taxonomy":"category","embeddable":true,"href":"https:\/\/www.tgrthaber.com\/mavikadin\/wp-json\/wp\/v2\/categories?post=123334"},{"taxonomy":"post_tag","embeddable":true,"href":"https:\/\/www.tgrthaber.com\/mavikadin\/wp-json\/wp\/v2\/tags?post=123334"}],"curies":[{"name":"wp","href":"https:\/\/api.w.org\/{rel}","templated":true}]}}