{"id":123399,"date":"2025-01-19T15:09:13","date_gmt":"2025-01-19T12:09:13","guid":{"rendered":"https:\/\/www.tgrthaber.com\/mavikadin\/?p=123399"},"modified":"2025-01-19T15:12:04","modified_gmt":"2025-01-19T12:12:04","slug":"haci-sabancinin-oglunun-annesi-fatma-demir-kimdir","status":"publish","type":"post","link":"https:\/\/www.tgrthaber.com\/mavikadin\/haci-sabancinin-oglunun-annesi-fatma-demir-kimdir\/","title":{"rendered":"Hac\u0131 Sabanc\u0131&#8217;n\u0131n o\u011flunun annesi Fatma Demir kimdir?"},"content":{"rendered":"<p class=\"p1\">Fatma Demir\u2019in a\u00e7t\u0131\u011f\u0131 babal\u0131k davas\u0131, kamuoyunda geni\u015f yank\u0131 uyand\u0131rd\u0131. Uzun s\u00fcredir devam eden hukuki s\u00fcre\u00e7, Adli T\u0131p raporuyla kesinle\u015fen babal\u0131k sonucu yeni bir boyut kazand\u0131. Hac\u0131 Sabanc\u0131\u2019n\u0131n hayat\u0131nda \u00f6nemli bir d\u00f6n\u00fcm noktas\u0131 olan bu geli\u015fme, sosyal medyada da b\u00fcy\u00fck ilgi g\u00f6rd\u00fc. Davan\u0131n sonu\u00e7lanmas\u0131n\u0131n ard\u0131ndan, herkesin merak etti\u011fi soru ise \u201cFatma Demir kimdir?\u201d oldu. O\u011fullar\u0131 Uzay ile birlikte g\u00fcndeme gelen Fatma Demir\u2019in hayat\u0131 ve ge\u00e7mi\u015fi merak konusu haline geldi. \u0130\u015fte Fatma Demir\u2019in hayat\u0131na dair merak edilenler\u2026<\/p>\n<h3>HACI SABANCI&#8217;NIN O\u011eLUNUN ANNES\u0130 FATMA DEM\u0130R K\u0130MD\u0130R?<\/h3>\n<p class=\"p1\">Son d\u00f6nemde i\u015f insan\u0131 Hac\u0131 Sabanc\u0131 ile ya\u015fad\u0131\u011f\u0131 babal\u0131k davas\u0131yla ad\u0131n\u0131 duyuran Fatma Demir, kamuoyunun dikkatini \u00e7eken isimlerden biri haline geldi. Fatma Demir, d\u00f6rt ya\u015f\u0131ndaki o\u011flu Uzay Sabanc\u0131\u2019n\u0131n babas\u0131n\u0131n Hac\u0131 Sabanc\u0131 oldu\u011funu iddia ederek mahkemeye ba\u015fvurmu\u015f ve Adli T\u0131p Kurumu\u2019nun ger\u00e7ekle\u015ftirdi\u011fi DNA testi sonucunda bu iddias\u0131n\u0131 kan\u0131tlam\u0131\u015ft\u0131. Rapora g\u00f6re, test sonu\u00e7lar\u0131 Hac\u0131 Sabanc\u0131\u2019n\u0131n %99.99 ihtimalle Uzay\u2019\u0131n biyolojik babas\u0131 oldu\u011funu do\u011frulad\u0131.<\/p>\n<p><img loading=\"lazy\" decoding=\"async\" class=\"alignnone wp-image-123401 size-large\" src=\"https:\/\/www.tgrthaber.com\/mavikadin\/wp-content\/uploads\/Ekran-Resmi-2025-01-19-15.05.15-1024x643.png\" alt=\"\" width=\"1024\" height=\"643\" title=\"\" srcset=\"https:\/\/www.tgrthaber.com\/mavikadin\/wp-content\/uploads\/Ekran-Resmi-2025-01-19-15.05.15-1024x643.png 1024w, https:\/\/www.tgrthaber.com\/mavikadin\/wp-content\/uploads\/Ekran-Resmi-2025-01-19-15.05.15-300x188.png 300w, https:\/\/www.tgrthaber.com\/mavikadin\/wp-content\/uploads\/Ekran-Resmi-2025-01-19-15.05.15-768x482.png 768w, https:\/\/www.tgrthaber.com\/mavikadin\/wp-content\/uploads\/Ekran-Resmi-2025-01-19-15.05.15-1536x965.png 1536w, https:\/\/www.tgrthaber.com\/mavikadin\/wp-content\/uploads\/Ekran-Resmi-2025-01-19-15.05.15.png 1710w\" sizes=\"(max-width: 1024px) 100vw, 1024px\" \/><\/p>\n<hr \/>\n<p class=\"p1\"><strong>Adli T\u0131p raporunda \u015fu ifadelere yer verildi:<\/strong><\/p>\n<p class=\"p1\">&#8220;Uzay D.&#8217;ye ait DNA profili ile anne Fatma D.&#8217;ye ait DNA profilinin ve baba oldu\u011fu iddia edilen Hac\u0131 Sabanc\u0131&#8217;ya ait DNA profilinin kar\u015f\u0131la\u015ft\u0131rmas\u0131 yap\u0131ld\u0131. Elde edilen sonu\u00e7lar itibari ile Sabanc\u0131&#8217;n\u0131n y\u00fczde 99.99 ihtimalle Uzay D.&#8217;nin biyolojik babas\u0131 olabilece\u011fi tespit edildi.&#8221;<i><\/i><\/p>\n<p><img loading=\"lazy\" decoding=\"async\" class=\"alignnone wp-image-123402 size-full\" src=\"https:\/\/www.tgrthaber.com\/mavikadin\/wp-content\/uploads\/Ekran-Resmi-2025-01-19-15.05.47.png\" alt=\"\" width=\"972\" height=\"558\" title=\"\" srcset=\"https:\/\/www.tgrthaber.com\/mavikadin\/wp-content\/uploads\/Ekran-Resmi-2025-01-19-15.05.47.png 972w, https:\/\/www.tgrthaber.com\/mavikadin\/wp-content\/uploads\/Ekran-Resmi-2025-01-19-15.05.47-300x172.png 300w, https:\/\/www.tgrthaber.com\/mavikadin\/wp-content\/uploads\/Ekran-Resmi-2025-01-19-15.05.47-768x441.png 768w\" sizes=\"(max-width: 972px) 100vw, 972px\" \/><\/p>\n<hr \/>\n<p class=\"p1\">Fatma Demir ve Hac\u0131 Sabanc\u0131\u2019n\u0131n hikayesi, 14 y\u0131l \u00f6nce sosyal medya arac\u0131l\u0131\u011f\u0131yla tan\u0131\u015fmalar\u0131yla ba\u015flad\u0131. \u0130kilinin zaman zaman bir araya geldi\u011fi ve birlikte Los Angeles\u2019ta tatil yapt\u0131\u011f\u0131 iddia edilirken, ili\u015fkilerinin 2015 y\u0131l\u0131nda sona erdi\u011fi belirtiliyor. Fatma Demir, 2019 y\u0131l\u0131nda ba\u015fka biriyle evlenerek Bel\u00e7ika\u2019ya yerle\u015fti. Ancak bu evlili\u011fin k\u0131sa s\u00fcrede sona erdi\u011fi biliniyor. Evlili\u011fi sona erdikten sonra zor bir s\u00fcre\u00e7 ge\u00e7iren Fatma Demir, o d\u00f6nemde Hac\u0131 Sabanc\u0131\u2019dan hukuki destek almak i\u00e7in avukat konusunda yard\u0131m talep etti. \u0130ddialara g\u00f6re, Sabanc\u0131 bu s\u00fcre\u00e7te Demir\u2019in hesab\u0131na maddi destek sa\u011flad\u0131 ve bu durum ikiliyi yeniden bir araya getirdi.<\/p>\n<p><img loading=\"lazy\" decoding=\"async\" class=\"alignnone wp-image-123403 size-full\" src=\"https:\/\/www.tgrthaber.com\/mavikadin\/wp-content\/uploads\/Ekran-Resmi-2025-01-19-15.07.11.png\" alt=\"\" width=\"990\" height=\"558\" title=\"\" srcset=\"https:\/\/www.tgrthaber.com\/mavikadin\/wp-content\/uploads\/Ekran-Resmi-2025-01-19-15.07.11.png 990w, https:\/\/www.tgrthaber.com\/mavikadin\/wp-content\/uploads\/Ekran-Resmi-2025-01-19-15.07.11-300x169.png 300w, https:\/\/www.tgrthaber.com\/mavikadin\/wp-content\/uploads\/Ekran-Resmi-2025-01-19-15.07.11-768x433.png 768w\" sizes=\"(max-width: 990px) 100vw, 990px\" \/><\/p>\n<hr \/>\n<p class=\"p1\">Fatma Demir, Hac\u0131 Sabanc\u0131 ile ya\u015fad\u0131\u011f\u0131 ili\u015fkinin ard\u0131ndan hamile kald\u0131 ve 2 \u015eubat 2021\u2019de o\u011flu Uzay\u2019\u0131 d\u00fcnyaya getirdi. DNA testinin sonu\u00e7lanmas\u0131n\u0131n ard\u0131ndan t\u00fcm g\u00f6zler, Sabanc\u0131 ailesinin konuyla ilgili ataca\u011f\u0131 ad\u0131mlara \u00e7evrildi. Fatma Demir ve o\u011flu Uzay\u2019\u0131n gelece\u011fiyle ilgili hukuki s\u00fcre\u00e7 devam ederken, olay\u0131n yank\u0131lar\u0131 daha uzun s\u00fcrecek gibi g\u00f6z\u00fck\u00fcyor.<\/p>\n<p>&nbsp;<\/p>\n","protected":false},"excerpt":{"rendered":"<p>Fatma Demir\u2019in a\u00e7t\u0131\u011f\u0131 babal\u0131k davas\u0131, Adli T\u0131p raporuyla kesinle\u015ferek g\u00fcndeme damga vurdu. Hac\u0131 Sabanc\u0131\u2019n\u0131n babal\u0131\u011f\u0131n\u0131n do\u011frulanmas\u0131 sosyal medyada b\u00fcy\u00fck yank\u0131 uyand\u0131r\u0131rken, herkes \u201cFatma Demir kimdir?\u201d sorusunun pe\u015fine d\u00fc\u015ft\u00fc. O\u011flu Uzay ile birlikte hayat\u0131 merak konusu oldu. Peki Hac\u0131 Sabanc\u0131\u2019n\u0131n o\u011flunun annesi Fatma Demir kimdir? \u0130\u015fte detaylar\u2026 <\/p>\n","protected":false},"author":16,"featured_media":123404,"comment_status":"closed","ping_status":"closed","sticky":false,"template":"","format":"standard","meta":{"rank_math_lock_modified_date":false,"footnotes":""},"categories":[491],"tags":[8537,8538,8539],"class_list":["post-123399","post","type-post","status-publish","format-standard","has-post-thumbnail","hentry","category-biyografi","tag-haci-sabanci-fatma-demir","tag-haci-sabanci-oglunun-annesi-fatma-demir","tag-haci-sabanci-oglunun-annesi-fatma-demir-kimdir"],"_links":{"self":[{"href":"https:\/\/www.tgrthaber.com\/mavikadin\/wp-json\/wp\/v2\/posts\/123399"}],"collection":[{"href":"https:\/\/www.tgrthaber.com\/mavikadin\/wp-json\/wp\/v2\/posts"}],"about":[{"href":"https:\/\/www.tgrthaber.com\/mavikadin\/wp-json\/wp\/v2\/types\/post"}],"author":[{"embeddable":true,"href":"https:\/\/www.tgrthaber.com\/mavikadin\/wp-json\/wp\/v2\/users\/16"}],"replies":[{"embeddable":true,"href":"https:\/\/www.tgrthaber.com\/mavikadin\/wp-json\/wp\/v2\/comments?post=123399"}],"version-history":[{"count":2,"href":"https:\/\/www.tgrthaber.com\/mavikadin\/wp-json\/wp\/v2\/posts\/123399\/revisions"}],"predecessor-version":[{"id":123406,"href":"https:\/\/www.tgrthaber.com\/mavikadin\/wp-json\/wp\/v2\/posts\/123399\/revisions\/123406"}],"wp:featuredmedia":[{"embeddable":true,"href":"https:\/\/www.tgrthaber.com\/mavikadin\/wp-json\/wp\/v2\/media\/123404"}],"wp:attachment":[{"href":"https:\/\/www.tgrthaber.com\/mavikadin\/wp-json\/wp\/v2\/media?parent=123399"}],"wp:term":[{"taxonomy":"category","embeddable":true,"href":"https:\/\/www.tgrthaber.com\/mavikadin\/wp-json\/wp\/v2\/categories?post=123399"},{"taxonomy":"post_tag","embeddable":true,"href":"https:\/\/www.tgrthaber.com\/mavikadin\/wp-json\/wp\/v2\/tags?post=123399"}],"curies":[{"name":"wp","href":"https:\/\/api.w.org\/{rel}","templated":true}]}}