{"id":123407,"date":"2025-01-19T15:23:17","date_gmt":"2025-01-19T12:23:17","guid":{"rendered":"https:\/\/www.tgrthaber.com\/mavikadin\/?p=123407"},"modified":"2025-01-19T15:23:17","modified_gmt":"2025-01-19T12:23:17","slug":"nazli-sabanci-kimin-kizi-kac-yasinda-nereli-ne-is-yapiyor","status":"publish","type":"post","link":"https:\/\/www.tgrthaber.com\/mavikadin\/nazli-sabanci-kimin-kizi-kac-yasinda-nereli-ne-is-yapiyor\/","title":{"rendered":"Nazl\u0131 Sabanc\u0131 kimin k\u0131z\u0131? Ka\u00e7 ya\u015f\u0131nda, nereli, ne i\u015f yap\u0131yor?"},"content":{"rendered":"<p>Son zamanlarda \u00fcnl\u00fc i\u015f adam\u0131 Hac\u0131 Sabanc\u0131\u2019n\u0131n babal\u0131k davas\u0131yla g\u00fcndeme gelen Nazl\u0131 Sabanc\u0131\u2019n\u0131n \u00f6zel hayat\u0131 merak ediliyor. \u00a0Ge\u00e7ti\u011fimiz ay Fatma D. ad\u0131ndaki bir \u015fah\u0131s Hac\u0131 Sabanc\u0131\u2019n\u0131n o\u011flu oldu\u011funu iddia etti\u011fi 3 ya\u015f\u0131ndaki o\u011flu Uzay ile DNA testi yapt\u0131rm\u0131\u015ft\u0131. DNA incelemesi tamamland\u0131 ve sonu\u00e7lar a\u00e7\u0131kland\u0131. \u00dcnl\u00fc i\u015f insan\u0131 Hac\u0131 Sabanc\u0131\u2019n\u0131n y\u00fczde 99.99 k\u00fc\u00e7\u00fck Uzay\u2019\u0131n babas\u0131 oldu\u011fu anla\u015f\u0131ld\u0131. Bunun \u00fczerine Hac\u0131 Sabanc\u0131\u2019n\u0131n resmi nikahl\u0131 e\u015fi Nazl\u0131 Sabanc\u0131\u2019n\u0131n kim oldu\u011fu merak edildi.<\/p>\n<p>Peki, Nazl\u0131 Sabanc\u0131 kimin k\u0131z\u0131? Ka\u00e7 ya\u015f\u0131nda, nereli, ne i\u015f yap\u0131yor? Nazl\u0131 Sabanc\u0131 hakk\u0131nda merak edilenleri sizin i\u00e7in ara\u015ft\u0131rd\u0131k. \u0130\u015fte Nazl\u0131 Sabanc\u0131 hakk\u0131nda bilinmeyenler\u2026<\/p>\n<hr \/>\n<h3>NAZLI SABANCI K\u0130MD\u0130R, K\u0130M\u0130N KIZIDIR?<\/h3>\n<p>Nazl\u0131 Sabanc\u0131 1994 y\u0131l\u0131nda Bursa\u2019da d\u00fcnyaya geldi. Bursal\u0131 bir ailenin k\u0131z\u0131 olan Sabanc\u0131, Bursa\u2019n\u0131n \u00f6nde gelen Kay\u0131 ailesinden G\u00fcne\u015f Kay\u0131 ve Kaan Kay\u0131\u2019n\u0131n k\u0131zlar\u0131 olarak d\u00fcnyaya geldi. \u0130lkokul ve ortaokul e\u011fitimini Bursa\u2019da alan Sabanc\u0131, lise e\u011fitimini kadar Bursa\u2019da ya\u015fam\u0131\u015f, lise e\u011fitimi i\u00e7in \u0130stanbul\u2019a yerle\u015fmi\u015ftir.<\/p>\n<p><img loading=\"lazy\" decoding=\"async\" class=\"alignnone wp-image-123409\" src=\"https:\/\/www.tgrthaber.com\/mavikadin\/wp-content\/uploads\/Adsiz-tasarim-59-11-1024x576.jpg\" alt=\"Nazl\u0131 Sabanc\u0131 kimin k\u0131z\u0131? Ka\u00e7 ya\u015f\u0131nda, nereli, ne i\u015f yap\u0131yor? \" width=\"1208\" height=\"680\" title=\"\" srcset=\"https:\/\/www.tgrthaber.com\/mavikadin\/wp-content\/uploads\/Adsiz-tasarim-59-11-1024x576.jpg 1024w, https:\/\/www.tgrthaber.com\/mavikadin\/wp-content\/uploads\/Adsiz-tasarim-59-11-300x169.jpg 300w, https:\/\/www.tgrthaber.com\/mavikadin\/wp-content\/uploads\/Adsiz-tasarim-59-11-768x432.jpg 768w, https:\/\/www.tgrthaber.com\/mavikadin\/wp-content\/uploads\/Adsiz-tasarim-59-11-1536x864.jpg 1536w, https:\/\/www.tgrthaber.com\/mavikadin\/wp-content\/uploads\/Adsiz-tasarim-59-11.jpg 1600w\" sizes=\"(max-width: 1208px) 100vw, 1208px\" \/><\/p>\n<hr \/>\n<p>Nazl\u0131 Sabanc\u0131, lise e\u011fitimi i\u00e7in yerle\u015fti\u011fi \u0130stanbul\u2019dan bir daha Bursa\u2019ya d\u00f6nmemi\u015ftir. Lise e\u011fitimini Ko\u00e7 Lisesi\u2019nde tamamlayan Sabanc\u0131, y\u00fcksek\u00f6\u011frenimini Londra&#8217;daki University Of Westminster&#8217;da Hukuk B\u00f6l\u00fcm\u00fc\u2019nde tamamlayarak mezun olmu\u015ftur.<\/p>\n<h3>NAZLI SABANCI KA\u00c7 YA\u015eINDA, NE \u0130\u015e YAPIYOR?<\/h3>\n<p>\u015eimdilerde 31 ya\u015f\u0131nda olan Sabanc\u0131lar\u0131n g\u00fczel gelini Nazl\u0131 Sabanc\u0131, Hukuk Fak\u00fcltesinden mezun olmu\u015ftur. As\u0131l mesle\u011fi avukatl\u0131k olan Sabnc\u0131, \u00fcniversite e\u011fitiminden sonra \u0130stanbul Modern&#8217;de sanat tarihiyle ilgili dersler almaya\u00a0ba\u015flam\u0131\u015ft\u0131r.<\/p>\n<p><img loading=\"lazy\" decoding=\"async\" class=\"alignnone wp-image-123410\" src=\"https:\/\/www.tgrthaber.com\/mavikadin\/wp-content\/uploads\/Adsiz-tasarim-57-10-1024x576.jpg\" alt=\"Nazl\u0131 Sabanc\u0131 kimin k\u0131z\u0131? Ka\u00e7 ya\u015f\u0131nda, nereli, ne i\u015f yap\u0131yor? \" width=\"1208\" height=\"680\" title=\"\" srcset=\"https:\/\/www.tgrthaber.com\/mavikadin\/wp-content\/uploads\/Adsiz-tasarim-57-10-1024x576.jpg 1024w, https:\/\/www.tgrthaber.com\/mavikadin\/wp-content\/uploads\/Adsiz-tasarim-57-10-300x169.jpg 300w, https:\/\/www.tgrthaber.com\/mavikadin\/wp-content\/uploads\/Adsiz-tasarim-57-10-768x432.jpg 768w, https:\/\/www.tgrthaber.com\/mavikadin\/wp-content\/uploads\/Adsiz-tasarim-57-10-1536x864.jpg 1536w, https:\/\/www.tgrthaber.com\/mavikadin\/wp-content\/uploads\/Adsiz-tasarim-57-10.jpg 1600w\" sizes=\"(max-width: 1208px) 100vw, 1208px\" \/><\/p>\n<hr \/>\n<p>Aslen Bursal\u0131 olan Nazl\u0131 Sabanc\u0131, \u015fimdilerde T\u00fcrkiye\u2019nin \u00f6nde gelen i\u015f insanlar\u0131ndan Hac\u0131 Sabanc\u0131 ile evlidir. Nazl\u0131 Sabanc\u0131 2021 y\u0131l\u0131nda birlikte oldu\u011fu Hac\u0131 Sabanc\u0131 ile d\u00fcnyaevine girmi\u015f ve \u00e7iftin evliliklerinden \u2018Arzu Alara\u2019 ad\u0131nda bir k\u0131z \u00e7ocuklar\u0131 d\u00fcnyaya gelmi\u015ftir. Uzun s\u00fcredir mutlu beraberlikleri devam eden \u00e7ift, \u015fimdilerde Hac\u0131 Sabanc\u0131\u2019n\u0131n babal\u0131k davas\u0131 iddialar\u0131yla g\u00fcndeme gelmektedir.<\/p>\n<p><img loading=\"lazy\" decoding=\"async\" class=\"alignnone wp-image-123412\" src=\"https:\/\/www.tgrthaber.com\/mavikadin\/wp-content\/uploads\/Adsiz-tasarim-55-12-1024x576.jpg\" alt=\"Nazl\u0131 Sabanc\u0131 kimin k\u0131z\u0131? Ka\u00e7 ya\u015f\u0131nda, nereli, ne i\u015f yap\u0131yor? \" width=\"1208\" height=\"680\" title=\"\" srcset=\"https:\/\/www.tgrthaber.com\/mavikadin\/wp-content\/uploads\/Adsiz-tasarim-55-12-1024x576.jpg 1024w, https:\/\/www.tgrthaber.com\/mavikadin\/wp-content\/uploads\/Adsiz-tasarim-55-12-300x169.jpg 300w, https:\/\/www.tgrthaber.com\/mavikadin\/wp-content\/uploads\/Adsiz-tasarim-55-12-768x432.jpg 768w, https:\/\/www.tgrthaber.com\/mavikadin\/wp-content\/uploads\/Adsiz-tasarim-55-12-1536x864.jpg 1536w, https:\/\/www.tgrthaber.com\/mavikadin\/wp-content\/uploads\/Adsiz-tasarim-55-12.jpg 1600w\" sizes=\"(max-width: 1208px) 100vw, 1208px\" \/><\/p>\n<hr \/>\n<h3>SABANCILAR BABALIK DAVASIYLA G\u00dcNDEME GEL\u0130YOR!<\/h3>\n<p>Hac\u0131 Sabanc\u0131 ile 2020 y\u0131l\u0131ndan bu yana mutlu beraberlikleri devam eden Nazl\u0131 Sabanc\u0131, 2020 y\u0131l\u0131n\u0131n Kas\u0131m ay\u0131nda Hac\u0131 Sabanc\u0131\u2019dan romantik bir evlenme teklifi alm\u0131\u015f ve \u00e7ift 2021 y\u0131l\u0131nda \u00c7\u0131ra\u011fan Saray\u0131\u2019nda yap\u0131lan g\u00f6rkemli t\u00f6renle d\u00fcnyaevine girmi\u015fti. \u00c7iftin beraberliklerinden ise Arzu Alara ad\u0131nda bir k\u0131z \u00e7ocuklar\u0131 d\u00fcnyaya geldi. Uzun s\u00fcredir mutlu beraberlikleri devam eden \u00e7ift, son zamanlarda babal\u0131k davas\u0131 iddialar\u0131yla g\u00fcndeme gelmi\u015fti. Ge\u00e7ti\u011fimiz ay DNA \u00f6rne\u011fi veren Hac\u0131 Sabanc\u0131\u2019n\u0131n babal\u0131k davas\u0131 sonu\u00e7land\u0131.<\/p>\n<p><img loading=\"lazy\" decoding=\"async\" class=\"alignnone wp-image-123411\" src=\"https:\/\/www.tgrthaber.com\/mavikadin\/wp-content\/uploads\/Haci-Sabanci-Mutlu-Aile-Pozu-5-1-1024x576.jpg\" alt=\"Nazl\u0131 Sabanc\u0131 kimin k\u0131z\u0131? Ka\u00e7 ya\u015f\u0131nda, nereli, ne i\u015f yap\u0131yor? \" width=\"1208\" height=\"680\" title=\"\" srcset=\"https:\/\/www.tgrthaber.com\/mavikadin\/wp-content\/uploads\/Haci-Sabanci-Mutlu-Aile-Pozu-5-1-1024x576.jpg 1024w, https:\/\/www.tgrthaber.com\/mavikadin\/wp-content\/uploads\/Haci-Sabanci-Mutlu-Aile-Pozu-5-1-300x169.jpg 300w, https:\/\/www.tgrthaber.com\/mavikadin\/wp-content\/uploads\/Haci-Sabanci-Mutlu-Aile-Pozu-5-1-768x432.jpg 768w, https:\/\/www.tgrthaber.com\/mavikadin\/wp-content\/uploads\/Haci-Sabanci-Mutlu-Aile-Pozu-5-1-1536x864.jpg 1536w, https:\/\/www.tgrthaber.com\/mavikadin\/wp-content\/uploads\/Haci-Sabanci-Mutlu-Aile-Pozu-5-1.jpg 1600w\" sizes=\"(max-width: 1208px) 100vw, 1208px\" \/><\/p>\n<hr \/>\n<p>T\u00fcm T\u00fcrkiye\u2019nin merakla bekledi\u011fi Hac\u0131 Sabanc\u0131\u2019n\u0131n babal\u0131k davas\u0131 sonu\u00e7land\u0131. Ge\u00e7ti\u011fimiz aylarda DNA \u00f6rnekleri al\u0131nan Hac\u0131 Sabanc\u0131 ve \u00e7ocu\u011fu oldu\u011fu iddia edilen Uzay\u2019\u0131n DNA incelemesi tamamland\u0131. Adli T\u0131p\u2019ta yap\u0131lan DNA incelemesinde Hac\u0131 Sabanc\u0131\u2019n\u0131n y\u00fczde 99.99 k\u00fc\u00e7\u00fck Uzay\u2019\u0131n babas\u0131 oldu\u011fu anla\u015f\u0131ld\u0131. Ya\u015fanan bu olaylar\u0131n \u00fczerine ise Hac\u0131 Sabanc\u0131\u2019n\u0131n resmi nikahl\u0131 e\u015fi Nazl\u0131 Sabanc\u0131\u2019n\u0131n kim oldu\u011fu merak edildi.<\/p>\n","protected":false},"excerpt":{"rendered":"<p>\u00dcnl\u00fc i\u015f adam\u0131 Hac\u0131 Sabanc\u0131\u2019n\u0131n e\u015fi Nazl\u0131 Sabanc\u0131\u2019n\u0131n kim oldu\u011fu sosyal medya kullan\u0131c\u0131lar\u0131 taraf\u0131ndan merak ediliyor. Peki, Nazl\u0131 Sabanc\u0131 kimin k\u0131z\u0131? Ka\u00e7 ya\u015f\u0131nda, nereli, ne i\u015f yap\u0131yor? \u0130\u015fte detaylar\u2026 <\/p>\n","protected":false},"author":26,"featured_media":123413,"comment_status":"closed","ping_status":"closed","sticky":false,"template":"","format":"standard","meta":{"rank_math_lock_modified_date":false,"footnotes":""},"categories":[491],"tags":[3431,3870,3463],"class_list":["post-123407","post","type-post","status-publish","format-standard","has-post-thumbnail","hentry","category-biyografi","tag-haci-sabanci","tag-nazli-kayi","tag-nazli-sabanci"],"_links":{"self":[{"href":"https:\/\/www.tgrthaber.com\/mavikadin\/wp-json\/wp\/v2\/posts\/123407"}],"collection":[{"href":"https:\/\/www.tgrthaber.com\/mavikadin\/wp-json\/wp\/v2\/posts"}],"about":[{"href":"https:\/\/www.tgrthaber.com\/mavikadin\/wp-json\/wp\/v2\/types\/post"}],"author":[{"embeddable":true,"href":"https:\/\/www.tgrthaber.com\/mavikadin\/wp-json\/wp\/v2\/users\/26"}],"replies":[{"embeddable":true,"href":"https:\/\/www.tgrthaber.com\/mavikadin\/wp-json\/wp\/v2\/comments?post=123407"}],"version-history":[{"count":1,"href":"https:\/\/www.tgrthaber.com\/mavikadin\/wp-json\/wp\/v2\/posts\/123407\/revisions"}],"predecessor-version":[{"id":123414,"href":"https:\/\/www.tgrthaber.com\/mavikadin\/wp-json\/wp\/v2\/posts\/123407\/revisions\/123414"}],"wp:featuredmedia":[{"embeddable":true,"href":"https:\/\/www.tgrthaber.com\/mavikadin\/wp-json\/wp\/v2\/media\/123413"}],"wp:attachment":[{"href":"https:\/\/www.tgrthaber.com\/mavikadin\/wp-json\/wp\/v2\/media?parent=123407"}],"wp:term":[{"taxonomy":"category","embeddable":true,"href":"https:\/\/www.tgrthaber.com\/mavikadin\/wp-json\/wp\/v2\/categories?post=123407"},{"taxonomy":"post_tag","embeddable":true,"href":"https:\/\/www.tgrthaber.com\/mavikadin\/wp-json\/wp\/v2\/tags?post=123407"}],"curies":[{"name":"wp","href":"https:\/\/api.w.org\/{rel}","templated":true}]}}