{"id":123464,"date":"2025-01-19T17:37:47","date_gmt":"2025-01-19T14:37:47","guid":{"rendered":"https:\/\/www.tgrthaber.com\/mavikadin\/?p=123464"},"modified":"2025-01-19T17:38:20","modified_gmt":"2025-01-19T14:38:20","slug":"sakir-pasa-ailesi-bu-aksam-ozel-bolumuyle-ekranlara-gelecek-dizinin-cocuk-oyunculari-ozel-bolume-damga-vuracak","status":"publish","type":"post","link":"https:\/\/www.tgrthaber.com\/mavikadin\/sakir-pasa-ailesi-bu-aksam-ozel-bolumuyle-ekranlara-gelecek-dizinin-cocuk-oyunculari-ozel-bolume-damga-vuracak\/","title":{"rendered":"\u015eakir Pa\u015fa Ailesi bu ak\u015fam \u00f6zel b\u00f6l\u00fcm\u00fcyle ekranlara gelecek! Dizinin \u00e7ocuk oyuncular\u0131 \u00f6zel b\u00f6l\u00fcme damga vuracak!"},"content":{"rendered":"<p>NOW TV ekranlar\u0131n\u0131n b\u00fcy\u00fck bir ilgiyle takip edilen \u015eakir Pa\u015fa Ailesi: Mucizeler ve Skandallar dizisi, ge\u00e7ti\u011fimiz ay talihsiz bir kaza ya\u015fam\u0131\u015f ve film platosunda yang\u0131n \u00e7\u0131km\u0131\u015ft\u0131. Yang\u0131n sonras\u0131 \u00e7al\u0131\u015fmalar devam ederken, ekranlara d\u00f6nmeye haz\u0131rlanan \u015eakir Pa\u015fa Ailesi dizisinin bug\u00fcn yay\u0131nlanacak olan \u00f6zel b\u00f6l\u00fcm\u00fcnde, \u00e7ocuk oyuncular g\u00f6z kama\u015ft\u0131racak. \u00c7ekimlerine tekrardan ba\u015flan\u0131lan dizi, seyirci ile bulu\u015fmaya g\u00fcn say\u0131yor. Yak\u0131n zamanda yeni b\u00f6l\u00fcmleriyle ekranlara gelmesi beklenen \u015eakir Pa\u015fa Ailesi dizisi, seyirci taraf\u0131ndan merakla bekleniyor.<\/p>\n<hr \/>\n<h3>\u015eAK\u0130R PA\u015eA A\u0130LES\u0130\u2019N\u0130N \u00c7OCUK OYUNCULARI B\u00dcY\u00dcK \u0130LG\u0130 G\u00d6R\u00dcYOR!<\/h3>\n<p>NOW TV ekranlar\u0131n\u0131n iddial\u0131 dizileri aras\u0131nda yer alan \u015eakir Pa\u015fa Ailesi: Mucizeler ve Skandallar, yay\u0131nland\u0131\u011f\u0131 g\u00fcnden bu yana b\u00fcy\u00fck bir ilgiyle takip ediliyor. Hem konusu hem de g\u00fc\u00e7l\u00fc oyuncu kadrosuyla dikkatleri \u00fczerine \u00e7eken dizi, \u00e7ocuk oyuncular\u0131yla da bir hayli dikkat \u00e7ekiyor. K\u00fc\u00e7\u00fck ya\u015flarda olmalar\u0131na ra\u011fmen olduk\u00e7a ba\u015far\u0131l\u0131 bir oyunculuk performans\u0131 sergileyen \u00e7ocuk oyuncular, diziye ayr\u0131 bir renk kat\u0131yor.<\/p>\n<p><img loading=\"lazy\" decoding=\"async\" class=\"alignnone wp-image-123466\" src=\"https:\/\/www.tgrthaber.com\/mavikadin\/wp-content\/uploads\/Sakir-Pasa-Ailesi-9-1024x576.jpg\" alt=\"\u015eakir Pa\u015fa Ailesi dizisinin \u00f6zel b\u00f6l\u00fcm\u00fcnde \u00e7ocuk oyuncular g\u00f6z kama\u015ft\u0131rd\u0131! \" width=\"1208\" height=\"680\" title=\"\" srcset=\"https:\/\/www.tgrthaber.com\/mavikadin\/wp-content\/uploads\/Sakir-Pasa-Ailesi-9-1024x576.jpg 1024w, https:\/\/www.tgrthaber.com\/mavikadin\/wp-content\/uploads\/Sakir-Pasa-Ailesi-9-300x169.jpg 300w, https:\/\/www.tgrthaber.com\/mavikadin\/wp-content\/uploads\/Sakir-Pasa-Ailesi-9-768x432.jpg 768w, https:\/\/www.tgrthaber.com\/mavikadin\/wp-content\/uploads\/Sakir-Pasa-Ailesi-9-1536x864.jpg 1536w, https:\/\/www.tgrthaber.com\/mavikadin\/wp-content\/uploads\/Sakir-Pasa-Ailesi-9.jpg 1600w\" sizes=\"(max-width: 1208px) 100vw, 1208px\" \/><\/p>\n<hr \/>\n<p>\u0130zleyicilerden b\u00fcy\u00fck ilgi g\u00f6ren \u015eakir Pa\u015fa Ailesi dizisinin \u00e7ocuk oyuncular\u0131, ba\u015far\u0131l\u0131 performanslar\u0131 ve do\u011fal yetenekleriyle b\u00fct\u00fcn ilgiyi kendi \u00fczerlerine \u00e7ekiyor. Oyunculuk kariyerlerinin ilerleyen zamanlar\u0131nda adlar\u0131ndan s\u0131k s\u0131k s\u00f6z ettirecek olan Melih Yal\u00e7\u0131n Y\u0131lmaz, Azra Aksu ve Zeynep Ebrar Karaca 19 Ocak Pazar g\u00fcn\u00fc saat 20.00\u2019da yay\u0131nlanacak olan \u00f6zel b\u00f6l\u00fcm\u00fcn \u00e7ekimleri s\u0131ras\u0131nda, ne\u015feli halleriyle g\u00f6z kama\u015ft\u0131rd\u0131lar. K\u0131sa s\u00fcrede izleyici taraf\u0131ndan tam not alan \u00e7ocuk oyuncular, bu ak\u015fam ekranlara gelecek olan \u00f6zel b\u00f6l\u00fcmle seyircilere keyif dolu anlar ya\u015fatacak.<\/p>\n<p><img loading=\"lazy\" decoding=\"async\" class=\"alignnone wp-image-123467\" src=\"https:\/\/www.tgrthaber.com\/mavikadin\/wp-content\/uploads\/Sakir-Pasa-Ailesi-4-1-1024x576.jpg\" alt=\"\u015eakir Pa\u015fa Ailesi dizisinin \u00f6zel b\u00f6l\u00fcm\u00fcnde \u00e7ocuk oyuncular g\u00f6z kama\u015ft\u0131rd\u0131! \" width=\"1208\" height=\"680\" title=\"\" srcset=\"https:\/\/www.tgrthaber.com\/mavikadin\/wp-content\/uploads\/Sakir-Pasa-Ailesi-4-1-1024x576.jpg 1024w, https:\/\/www.tgrthaber.com\/mavikadin\/wp-content\/uploads\/Sakir-Pasa-Ailesi-4-1-300x169.jpg 300w, https:\/\/www.tgrthaber.com\/mavikadin\/wp-content\/uploads\/Sakir-Pasa-Ailesi-4-1-768x432.jpg 768w, https:\/\/www.tgrthaber.com\/mavikadin\/wp-content\/uploads\/Sakir-Pasa-Ailesi-4-1-1536x864.jpg 1536w, https:\/\/www.tgrthaber.com\/mavikadin\/wp-content\/uploads\/Sakir-Pasa-Ailesi-4-1.jpg 1600w\" sizes=\"(max-width: 1208px) 100vw, 1208px\" \/><\/p>\n<hr \/>\n<h3>K\u00dc\u00c7\u00dcK AL\u0130YE BERGER AZRA AKSU OYUNCULU\u011eUYLA ADINDAN S\u00d6Z ETT\u0130R\u0130YOR!<\/h3>\n<p>\u015eimdilerde 10 ya\u015f\u0131nda olan ba\u015far\u0131l\u0131 \u00e7ocuk oyuncu Azra Aksu, \u015eakir Pa\u015fa Ailesi\u2019nin k\u00fc\u00e7\u00fck k\u0131z\u0131 Aliye Berger\u2019e hayat veriyor. \u015eakir Pa\u015fa Ailesindeki en tatl\u0131 ve en umut dolu karakter olarak kar\u015f\u0131m\u0131za \u00e7\u0131kan Aliye, gelecekte T\u00fcrkiye\u2019nin \u00f6nemli grav\u00fcr sanat\u00e7\u0131lar\u0131ndan biri olacakt\u0131r.<\/p>\n<p><img loading=\"lazy\" decoding=\"async\" class=\"alignnone wp-image-123468\" src=\"https:\/\/www.tgrthaber.com\/mavikadin\/wp-content\/uploads\/Sakir-Pasa-Ailesi-5-1-1024x576.jpg\" alt=\"\u015eakir Pa\u015fa Ailesi dizisinin \u00f6zel b\u00f6l\u00fcm\u00fcnde \u00e7ocuk oyuncular g\u00f6z kama\u015ft\u0131rd\u0131! \" width=\"1208\" height=\"680\" title=\"\" srcset=\"https:\/\/www.tgrthaber.com\/mavikadin\/wp-content\/uploads\/Sakir-Pasa-Ailesi-5-1-1024x576.jpg 1024w, https:\/\/www.tgrthaber.com\/mavikadin\/wp-content\/uploads\/Sakir-Pasa-Ailesi-5-1-300x169.jpg 300w, https:\/\/www.tgrthaber.com\/mavikadin\/wp-content\/uploads\/Sakir-Pasa-Ailesi-5-1-768x432.jpg 768w, https:\/\/www.tgrthaber.com\/mavikadin\/wp-content\/uploads\/Sakir-Pasa-Ailesi-5-1-1536x864.jpg 1536w, https:\/\/www.tgrthaber.com\/mavikadin\/wp-content\/uploads\/Sakir-Pasa-Ailesi-5-1.jpg 1600w\" sizes=\"(max-width: 1208px) 100vw, 1208px\" \/><\/p>\n<hr \/>\n<p>Aliye Berger\u2019in \u00e7ocuklu\u011funa can veren Azra Aksu, bir\u00e7ok \u00f6nemli dizi ve film projesinde yer ald\u0131. \u015eimdilerde ise NOW TV ekranlar\u0131nda yay\u0131nlanan \u015eakir Pa\u015fa Ailesi dizisinde izleyici ile bulu\u015fan Aksu, ba\u015far\u0131l\u0131 oyunculuk performans\u0131yla g\u00f6z kama\u015ft\u0131r\u0131yor. \u0130lerleyen b\u00f6l\u00fcmlerde ise Aliye karakterinin yeti\u015fkin halini Hazal Kaya\u2019n\u0131n canland\u0131raca\u011f\u0131 s\u00f6yleniyor. Bu durum ise sosyal medya kullan\u0131c\u0131lar\u0131n\u0131 derinden \u00fcz\u00fcyor. Dizinin izleyici kitlesi ve sosyal medya kullan\u0131c\u0131lar\u0131 Aksu\u2019nun Aliye karakterine tam oturdu\u011funu ve ona \u00e7ok yak\u0131\u015ft\u0131\u011f\u0131n\u0131 dile getiriyor.<\/p>\n<p><img loading=\"lazy\" decoding=\"async\" class=\"alignnone wp-image-123472\" src=\"https:\/\/www.tgrthaber.com\/mavikadin\/wp-content\/uploads\/Sakir-Pasa-Ailesi-2-2-1024x576.jpg\" alt=\"\u015eakir Pa\u015fa Ailesi dizisinin \u00f6zel b\u00f6l\u00fcm\u00fcnde \u00e7ocuk oyuncular g\u00f6z kama\u015ft\u0131rd\u0131! \" width=\"1208\" height=\"680\" title=\"\" srcset=\"https:\/\/www.tgrthaber.com\/mavikadin\/wp-content\/uploads\/Sakir-Pasa-Ailesi-2-2-1024x576.jpg 1024w, https:\/\/www.tgrthaber.com\/mavikadin\/wp-content\/uploads\/Sakir-Pasa-Ailesi-2-2-300x169.jpg 300w, https:\/\/www.tgrthaber.com\/mavikadin\/wp-content\/uploads\/Sakir-Pasa-Ailesi-2-2-768x432.jpg 768w, https:\/\/www.tgrthaber.com\/mavikadin\/wp-content\/uploads\/Sakir-Pasa-Ailesi-2-2-1536x864.jpg 1536w, https:\/\/www.tgrthaber.com\/mavikadin\/wp-content\/uploads\/Sakir-Pasa-Ailesi-2-2.jpg 1600w\" sizes=\"(max-width: 1208px) 100vw, 1208px\" \/><\/p>\n<hr \/>\n<h3>K\u00dc\u00c7\u00dcK FAHR\u00dcNN\u0130SA ZE\u0130D ZEYNEP EBRAR KARACA OYUNCULU\u011eUYLA BE\u011eEN\u0130 TOPLUYOR!<\/h3>\n<p>\u015eimdilerde 12 ya\u015f\u0131nda olan ba\u015far\u0131l\u0131 \u00e7ocuk oyuncu Zeynep Ebrar Karaca, \u015eakir Pa\u015fa Ailesi\u2019nin bir di\u011fer k\u0131z\u0131 olan Fahr\u00fcnnisa Zeid\u2019e hayat veriyor. \u015eakir Pa\u015fa Ailesindeki en zeki ve en ak\u0131ll\u0131 karakterlerden biri olarak kar\u015f\u0131m\u0131za \u00e7\u0131kan Fahr\u00fcnnisa, gelecekte Cumhuriyet tarihinin g\u00fc\u00e7l\u00fc kad\u0131n fig\u00fcrlerinden olacakt\u0131r.<\/p>\n<p><img loading=\"lazy\" decoding=\"async\" class=\"alignnone wp-image-123469\" src=\"https:\/\/www.tgrthaber.com\/mavikadin\/wp-content\/uploads\/Sakir-Pasa-Ailesi-10-1024x576.jpg\" alt=\"\u015eakir Pa\u015fa Ailesi dizisinin \u00f6zel b\u00f6l\u00fcm\u00fcnde \u00e7ocuk oyuncular g\u00f6z kama\u015ft\u0131rd\u0131! \" width=\"1208\" height=\"680\" title=\"\" srcset=\"https:\/\/www.tgrthaber.com\/mavikadin\/wp-content\/uploads\/Sakir-Pasa-Ailesi-10-1024x576.jpg 1024w, https:\/\/www.tgrthaber.com\/mavikadin\/wp-content\/uploads\/Sakir-Pasa-Ailesi-10-300x169.jpg 300w, https:\/\/www.tgrthaber.com\/mavikadin\/wp-content\/uploads\/Sakir-Pasa-Ailesi-10-768x432.jpg 768w, https:\/\/www.tgrthaber.com\/mavikadin\/wp-content\/uploads\/Sakir-Pasa-Ailesi-10-1536x864.jpg 1536w, https:\/\/www.tgrthaber.com\/mavikadin\/wp-content\/uploads\/Sakir-Pasa-Ailesi-10.jpg 1600w\" sizes=\"(max-width: 1208px) 100vw, 1208px\" \/><\/p>\n<hr \/>\n<p>Fahr\u00fcnnisa Zeid\u2019in \u00e7ocuklu\u011funa can veren Zeynep Ebrar Karaca, ba\u015far\u0131l\u0131 oyunculuk performans\u0131yla dikkatleri \u00fczerine \u00e7ekiyor. \u0130leride y\u0131ld\u0131z\u0131 parlayan g\u00fc\u00e7l\u00fc oyuncular aras\u0131nda yer alacak olan Karaca, Fahr\u00fcnnisa karakteriyle g\u00f6z kama\u015ft\u0131r\u0131yor. \u0130lerleyen zamanlarda d\u00fcnyaca \u00fcnl\u00fc ressam olarak kar\u015f\u0131m\u0131za \u00e7\u0131kacak olan Fahr\u00fcnnisa karakteri, Irak b\u00fcy\u00fckel\u00e7isi Emir Zeyd ile evlenecek ve Zeyd soyad\u0131n\u0131 alacakt\u0131r. Fahr\u00fcnnisa karakterinin yeti\u015fkin halini ise Eda Ece\u2019nin canland\u0131raca\u011f\u0131 yine konu\u015fulanlar aras\u0131nda.<\/p>\n<p><img loading=\"lazy\" decoding=\"async\" class=\"alignnone wp-image-123470\" src=\"https:\/\/www.tgrthaber.com\/mavikadin\/wp-content\/uploads\/Sakir-Pasa-Ailesi-6-1-1024x576.jpg\" alt=\"\u015eakir Pa\u015fa Ailesi dizisinin \u00f6zel b\u00f6l\u00fcm\u00fcnde \u00e7ocuk oyuncular g\u00f6z kama\u015ft\u0131rd\u0131! \" width=\"1208\" height=\"680\" title=\"\" srcset=\"https:\/\/www.tgrthaber.com\/mavikadin\/wp-content\/uploads\/Sakir-Pasa-Ailesi-6-1-1024x576.jpg 1024w, https:\/\/www.tgrthaber.com\/mavikadin\/wp-content\/uploads\/Sakir-Pasa-Ailesi-6-1-300x169.jpg 300w, https:\/\/www.tgrthaber.com\/mavikadin\/wp-content\/uploads\/Sakir-Pasa-Ailesi-6-1-768x432.jpg 768w, https:\/\/www.tgrthaber.com\/mavikadin\/wp-content\/uploads\/Sakir-Pasa-Ailesi-6-1-1536x864.jpg 1536w, https:\/\/www.tgrthaber.com\/mavikadin\/wp-content\/uploads\/Sakir-Pasa-Ailesi-6-1.jpg 1600w\" sizes=\"(max-width: 1208px) 100vw, 1208px\" \/><\/p>\n<hr \/>\n<h3>\u015eAK\u0130R PA\u015eA\u2019NIN EN K\u00dc\u00c7\u00dcK O\u011eLU SUAT\u2019A MEL\u0130H YAL\u00c7IN YILMAZ CAN VER\u0130YOR!<\/h3>\n<p>\u015eimdilerde 14 ya\u015f\u0131nda olan ba\u015far\u0131l\u0131 \u00e7ocuk oyuncu Melih Yal\u00e7\u0131n Y\u0131lmaz, \u015eakir Pa\u015fa\u2019n\u0131n en k\u00fc\u00e7\u00fck o\u011flu Suat\u2019a hayat veriyor. Suat, \u015eakir Pa\u015fa Ailesi\u2019nin en ne\u015feli ve en enerjik karakterlerinden biri olarak kar\u015f\u0131m\u0131za \u00e7\u0131k\u0131yor. Ba\u015far\u0131l\u0131 \u00e7ocuk oyuncu Y\u0131lmaz ise Suat karakterini ba\u015far\u0131yla i\u015fliyor. Y\u0131lmaz, ba\u015far\u0131l\u0131 performans\u0131yla gelecekte ad\u0131n\u0131 geni\u015f kitlelere duyuraca\u011f\u0131n\u0131 belli ediyor.<\/p>\n<p><img loading=\"lazy\" decoding=\"async\" class=\"alignnone wp-image-123471\" src=\"https:\/\/www.tgrthaber.com\/mavikadin\/wp-content\/uploads\/Sakir-Pasa-Ailesi-12-1024x576.jpg\" alt=\"\u015eakir Pa\u015fa Ailesi dizisinin \u00f6zel b\u00f6l\u00fcm\u00fcnde \u00e7ocuk oyuncular g\u00f6z kama\u015ft\u0131rd\u0131! \" width=\"1208\" height=\"680\" title=\"\" srcset=\"https:\/\/www.tgrthaber.com\/mavikadin\/wp-content\/uploads\/Sakir-Pasa-Ailesi-12-1024x576.jpg 1024w, https:\/\/www.tgrthaber.com\/mavikadin\/wp-content\/uploads\/Sakir-Pasa-Ailesi-12-300x169.jpg 300w, https:\/\/www.tgrthaber.com\/mavikadin\/wp-content\/uploads\/Sakir-Pasa-Ailesi-12-768x432.jpg 768w, https:\/\/www.tgrthaber.com\/mavikadin\/wp-content\/uploads\/Sakir-Pasa-Ailesi-12-1536x864.jpg 1536w, https:\/\/www.tgrthaber.com\/mavikadin\/wp-content\/uploads\/Sakir-Pasa-Ailesi-12.jpg 1600w\" sizes=\"(max-width: 1208px) 100vw, 1208px\" \/><\/p>\n<hr \/>\n<h3>\u015eAK\u0130R PA\u015eA A\u0130LES\u0130 YEN\u0130 B\u00d6L\u00dcM NE ZAMAN?<\/h3>\n<p>\u015eakir Pa\u015fa Ailesi: Mucizeler ve Skandallar dizisi, yay\u0131n hayat\u0131na ba\u015flamas\u0131ndan k\u0131sa bir s\u00fcre \u00f6nce talihsiz bir kaza ya\u015fam\u0131\u015f ve dizinin platosu yanm\u0131\u015ft\u0131. Film platosunun yanmas\u0131yla birlikte setlere uzun bir ara veren oyuncular, yak\u0131n zamanda \u00e7al\u0131\u015fmalara devam etmeye ba\u015flad\u0131. \u00c7al\u0131\u015fmalar\u0131n tam gaz devam etmesiyle birlikte ekranlara d\u00f6nmeye haz\u0131rlanan \u015eakir Pa\u015fa Ailesi dizisinin bug\u00fcn yay\u0131nlanacak olan \u00f6zel b\u00f6l\u00fcm\u00fcnde, \u00e7ocuk oyuncular g\u00f6z kama\u015ft\u0131racak.<\/p>\n<p><img loading=\"lazy\" decoding=\"async\" class=\"alignnone wp-image-123473\" src=\"https:\/\/www.tgrthaber.com\/mavikadin\/wp-content\/uploads\/Sakir-Pasa-Ailesi-1-7-1024x576.jpg\" alt=\"\u015eakir Pa\u015fa Ailesi dizisinin \u00f6zel b\u00f6l\u00fcm\u00fcnde \u00e7ocuk oyuncular g\u00f6z kama\u015ft\u0131rd\u0131! \" width=\"1208\" height=\"680\" title=\"\" srcset=\"https:\/\/www.tgrthaber.com\/mavikadin\/wp-content\/uploads\/Sakir-Pasa-Ailesi-1-7-1024x576.jpg 1024w, https:\/\/www.tgrthaber.com\/mavikadin\/wp-content\/uploads\/Sakir-Pasa-Ailesi-1-7-300x169.jpg 300w, https:\/\/www.tgrthaber.com\/mavikadin\/wp-content\/uploads\/Sakir-Pasa-Ailesi-1-7-768x432.jpg 768w, https:\/\/www.tgrthaber.com\/mavikadin\/wp-content\/uploads\/Sakir-Pasa-Ailesi-1-7-1536x864.jpg 1536w, https:\/\/www.tgrthaber.com\/mavikadin\/wp-content\/uploads\/Sakir-Pasa-Ailesi-1-7.jpg 1600w\" sizes=\"(max-width: 1208px) 100vw, 1208px\" \/><\/p>\n<hr \/>\n<p>NOW TV ekranlar\u0131n\u0131n iddial\u0131 dizilerinden \u015eakir Pa\u015fa Ailesi: Mucizeler ve Skandallar\u2019\u0131n hen\u00fcz kesinle\u015fmi\u015f ve resmile\u015fmi\u015f yeni b\u00f6l\u00fcm tarihi bilinmiyor. Dizinin yeni b\u00f6l\u00fcm tarihi hen\u00fcz kesinle\u015fmemi\u015f olsa da 4. yeni b\u00f6l\u00fcm fragman\u0131 ge\u00e7ti\u011fimiz g\u00fcnlerde yay\u0131nland\u0131. \u0130zleyici ise \u015eakir Pa\u015fa Ailesi dizisinin yeni b\u00f6l\u00fcm tarihini iple \u00e7ekiyor.<\/p>\n","protected":false},"excerpt":{"rendered":"<p>NOW TV ekranlar\u0131n\u0131n iddial\u0131 dizilerinden \u015eakir Pa\u015fa Ailesi: Mucizeler ve Skandallar, ekranlara d\u00f6nmeye haz\u0131rlan\u0131yor. Dizide yer alan \u00e7ocuk oyuncular ise dizinin 19 Ocak g\u00fcn\u00fc ekrana gelecek \u00f6zel b\u00f6l\u00fcm\u00fcnde g\u00f6z kama\u015ft\u0131rd\u0131. \u0130\u015fte detaylar\u2026 <\/p>\n","protected":false},"author":26,"featured_media":123465,"comment_status":"closed","ping_status":"closed","sticky":false,"template":"","format":"standard","meta":{"rank_math_lock_modified_date":false,"footnotes":""},"categories":[602],"tags":[6350,8554,2324,2963],"class_list":["post-123464","post","type-post","status-publish","format-standard","has-post-thumbnail","hentry","category-diziler","tag-aliye-berger","tag-fahrunnisa-zeid","tag-sakir-pasa-ailesi","tag-sakir-pasa-ailesi-mucizeler-ve-skandallar"],"_links":{"self":[{"href":"https:\/\/www.tgrthaber.com\/mavikadin\/wp-json\/wp\/v2\/posts\/123464"}],"collection":[{"href":"https:\/\/www.tgrthaber.com\/mavikadin\/wp-json\/wp\/v2\/posts"}],"about":[{"href":"https:\/\/www.tgrthaber.com\/mavikadin\/wp-json\/wp\/v2\/types\/post"}],"author":[{"embeddable":true,"href":"https:\/\/www.tgrthaber.com\/mavikadin\/wp-json\/wp\/v2\/users\/26"}],"replies":[{"embeddable":true,"href":"https:\/\/www.tgrthaber.com\/mavikadin\/wp-json\/wp\/v2\/comments?post=123464"}],"version-history":[{"count":2,"href":"https:\/\/www.tgrthaber.com\/mavikadin\/wp-json\/wp\/v2\/posts\/123464\/revisions"}],"predecessor-version":[{"id":123475,"href":"https:\/\/www.tgrthaber.com\/mavikadin\/wp-json\/wp\/v2\/posts\/123464\/revisions\/123475"}],"wp:featuredmedia":[{"embeddable":true,"href":"https:\/\/www.tgrthaber.com\/mavikadin\/wp-json\/wp\/v2\/media\/123465"}],"wp:attachment":[{"href":"https:\/\/www.tgrthaber.com\/mavikadin\/wp-json\/wp\/v2\/media?parent=123464"}],"wp:term":[{"taxonomy":"category","embeddable":true,"href":"https:\/\/www.tgrthaber.com\/mavikadin\/wp-json\/wp\/v2\/categories?post=123464"},{"taxonomy":"post_tag","embeddable":true,"href":"https:\/\/www.tgrthaber.com\/mavikadin\/wp-json\/wp\/v2\/tags?post=123464"}],"curies":[{"name":"wp","href":"https:\/\/api.w.org\/{rel}","templated":true}]}}