{"id":123500,"date":"2025-01-19T19:35:25","date_gmt":"2025-01-19T16:35:25","guid":{"rendered":"https:\/\/www.tgrthaber.com\/mavikadin\/?p=123500"},"modified":"2025-01-19T19:35:25","modified_gmt":"2025-01-19T16:35:25","slug":"fahriye-evcen-amazon-kralicesi-roluyle-ekranlara-geri-dondu","status":"publish","type":"post","link":"https:\/\/www.tgrthaber.com\/mavikadin\/fahriye-evcen-amazon-kralicesi-roluyle-ekranlara-geri-dondu\/","title":{"rendered":"Fahriye Evcen Amazon Krali\u00e7esi rol\u00fcyle ekranlara geri d\u00f6nd\u00fc"},"content":{"rendered":"<p>Sosyal medyan\u0131n en \u00e7ok ilgi g\u00f6ren isimlerinden biri olan Fahriye Evcen, kendisi gibi pop\u00fcler oyuncu Burak \u00d6z\u00e7ivit ile evlili\u011finden sonra daha da merak uyand\u0131rmaya devam ediyor. \u0130ki \u00e7ocu\u011fundan sonra setlere ara veren Evcen, Amazon Krali\u00e7esi rol\u00fcyle beyaz perdeye geri d\u00f6nd\u00fc. Evcen&#8217;in rol\u00fcn\u00fc kabul etme sebebi ise dikkat \u00e7ekti.<\/p>\n<h3>FAHR\u0130YE EVCEN AMAZON KRAL\u0130\u00c7ES\u0130 ROL\u00dcYLE EKRANLARA GER\u0130 D\u00d6ND\u00dc<\/h3>\n<p>Fahriye Evcen, oyuncu kadrosu \u00fcnl\u00fc isimlerle zenginle\u015fen \u201cTete ve Masal: Hayaller D\u00fcnyas\u0131\u201d filmiyle 24 Ocak\u2019ta beyaz perde izleyicisinin kar\u015f\u0131s\u0131na \u00e7\u0131kacak. Evcen, Satre Film Prod\u00fcksiyon\u2019un damgas\u0131n\u0131 ta\u015f\u0131yan ve TRT ile ortak ger\u00e7ekle\u015ftirilen \u201cTete ve Masal: Hayaller D\u00fcnyas\u0131\u201dnda Amazonlar\u0131n H\u00fck\u00fcmdar\u0131 rol\u00fcn\u00fc \u00fcstlendi.<\/p>\n<p><img loading=\"lazy\" decoding=\"async\" class=\"alignnone size-full wp-image-123502\" src=\"https:\/\/www.tgrthaber.com\/mavikadin\/wp-content\/uploads\/vfdc.jpg\" alt=\"\" width=\"1208\" height=\"680\" title=\"\" srcset=\"https:\/\/www.tgrthaber.com\/mavikadin\/wp-content\/uploads\/vfdc.jpg 1208w, https:\/\/www.tgrthaber.com\/mavikadin\/wp-content\/uploads\/vfdc-300x169.jpg 300w, https:\/\/www.tgrthaber.com\/mavikadin\/wp-content\/uploads\/vfdc-1024x576.jpg 1024w, https:\/\/www.tgrthaber.com\/mavikadin\/wp-content\/uploads\/vfdc-768x432.jpg 768w\" sizes=\"(max-width: 1208px) 100vw, 1208px\" \/><\/p>\n<hr \/>\n<h3>&#8220;BU PROJEY\u0130 \u00c7OCUKLARIM \u0130\u00c7\u0130N \u0130STED\u0130M&#8221;<\/h3>\n<p>Fahriye Evcen, oynad\u0131\u011f\u0131 karakterle ilgili ilk kez de\u011ferlendirmelerde bulundu. Evcen, T\u00fcmer Sirkecio\u011flu\u2019nun y\u00f6netti\u011fi \u201cHikayenin yediden yetmi\u015fe herkesin ilgisini \u00e7ekecek bir metne sahip olmas\u0131 ve i\u00e7inde yer alan d\u00fcnyalar aras\u0131ndaki ge\u00e7i\u015fler beni \u00e7ok etkiledi.<\/p>\n<p><img loading=\"lazy\" decoding=\"async\" class=\"alignnone size-full wp-image-123503\" src=\"https:\/\/www.tgrthaber.com\/mavikadin\/wp-content\/uploads\/vfd.jpg\" alt=\"\" width=\"1208\" height=\"680\" title=\"\" srcset=\"https:\/\/www.tgrthaber.com\/mavikadin\/wp-content\/uploads\/vfd.jpg 1208w, https:\/\/www.tgrthaber.com\/mavikadin\/wp-content\/uploads\/vfd-300x169.jpg 300w, https:\/\/www.tgrthaber.com\/mavikadin\/wp-content\/uploads\/vfd-1024x576.jpg 1024w, https:\/\/www.tgrthaber.com\/mavikadin\/wp-content\/uploads\/vfd-768x432.jpg 768w\" sizes=\"(max-width: 1208px) 100vw, 1208px\" \/><\/p>\n<hr \/>\n<p>Ayr\u0131ca bu projede yer almay\u0131, \u00e7ocuklar\u0131ma bir hat\u0131ra b\u0131rakmak i\u00e7in istedim. Bir g\u00fcn izlediklerinde tebess\u00fcm edip \u2018Bak\u0131n, bizim annemiz bu kahramand\u0131\u2019 demeleri fikri beni \u00e7ok mutlu etti. Onlara k\u00fc\u00e7\u00fck bir \u00f6yk\u00fc, bana da b\u00fcy\u00fck bir an\u0131 oldu\u201d ifadelerini kulland\u0131.<\/p>\n<p><img loading=\"lazy\" decoding=\"async\" class=\"alignnone size-full wp-image-123504\" src=\"https:\/\/www.tgrthaber.com\/mavikadin\/wp-content\/uploads\/vfde.jpg\" alt=\"\" width=\"1208\" height=\"680\" title=\"\" srcset=\"https:\/\/www.tgrthaber.com\/mavikadin\/wp-content\/uploads\/vfde.jpg 1208w, https:\/\/www.tgrthaber.com\/mavikadin\/wp-content\/uploads\/vfde-300x169.jpg 300w, https:\/\/www.tgrthaber.com\/mavikadin\/wp-content\/uploads\/vfde-1024x576.jpg 1024w, https:\/\/www.tgrthaber.com\/mavikadin\/wp-content\/uploads\/vfde-768x432.jpg 768w\" sizes=\"(max-width: 1208px) 100vw, 1208px\" \/><\/p>\n","protected":false},"excerpt":{"rendered":"<p>Oyunculuk kariyerine ikinci kez annelik aras\u0131 veren Fahriye Evcen, \u201cTete ve Masal: D\u00fc\u015fler \u00dclkesi\u201d yap\u0131m\u0131yla geri d\u00f6nd\u00fc. \u00dcnl\u00fc oyuncunun rol\u00fcn\u00fc kabul etme sebebi ise dikkat \u00e7ekti.<\/p>\n","protected":false},"author":2,"featured_media":123501,"comment_status":"closed","ping_status":"closed","sticky":false,"template":"","format":"standard","meta":{"rank_math_lock_modified_date":false,"footnotes":""},"categories":[76],"tags":[2154,2153,133,2218,7191],"class_list":["post-123500","post","type-post","status-publish","format-standard","has-post-thumbnail","hentry","category-magazin","tag-burak-ozcivit","tag-fahriye-evcen","tag-magazin","tag-magazin-haberleri","tag-tete-ve-masal-ruyalar-diyari"],"_links":{"self":[{"href":"https:\/\/www.tgrthaber.com\/mavikadin\/wp-json\/wp\/v2\/posts\/123500"}],"collection":[{"href":"https:\/\/www.tgrthaber.com\/mavikadin\/wp-json\/wp\/v2\/posts"}],"about":[{"href":"https:\/\/www.tgrthaber.com\/mavikadin\/wp-json\/wp\/v2\/types\/post"}],"author":[{"embeddable":true,"href":"https:\/\/www.tgrthaber.com\/mavikadin\/wp-json\/wp\/v2\/users\/2"}],"replies":[{"embeddable":true,"href":"https:\/\/www.tgrthaber.com\/mavikadin\/wp-json\/wp\/v2\/comments?post=123500"}],"version-history":[{"count":2,"href":"https:\/\/www.tgrthaber.com\/mavikadin\/wp-json\/wp\/v2\/posts\/123500\/revisions"}],"predecessor-version":[{"id":123506,"href":"https:\/\/www.tgrthaber.com\/mavikadin\/wp-json\/wp\/v2\/posts\/123500\/revisions\/123506"}],"wp:featuredmedia":[{"embeddable":true,"href":"https:\/\/www.tgrthaber.com\/mavikadin\/wp-json\/wp\/v2\/media\/123501"}],"wp:attachment":[{"href":"https:\/\/www.tgrthaber.com\/mavikadin\/wp-json\/wp\/v2\/media?parent=123500"}],"wp:term":[{"taxonomy":"category","embeddable":true,"href":"https:\/\/www.tgrthaber.com\/mavikadin\/wp-json\/wp\/v2\/categories?post=123500"},{"taxonomy":"post_tag","embeddable":true,"href":"https:\/\/www.tgrthaber.com\/mavikadin\/wp-json\/wp\/v2\/tags?post=123500"}],"curies":[{"name":"wp","href":"https:\/\/api.w.org\/{rel}","templated":true}]}}