{"id":123507,"date":"2025-01-19T20:04:22","date_gmt":"2025-01-19T17:04:22","guid":{"rendered":"https:\/\/www.tgrthaber.com\/mavikadin\/?p=123507"},"modified":"2025-01-19T20:04:22","modified_gmt":"2025-01-19T17:04:22","slug":"deha-dizisinden-ahsen-eroglu-bu-aksamki-bolumde-mi-ayriliyor-deha-dizisinde-sona-dogru","status":"publish","type":"post","link":"https:\/\/www.tgrthaber.com\/mavikadin\/deha-dizisinden-ahsen-eroglu-bu-aksamki-bolumde-mi-ayriliyor-deha-dizisinde-sona-dogru\/","title":{"rendered":"Deha dizisinden Ahsen Ero\u011flu bu ak\u015famki b\u00f6l\u00fcmde mi ayr\u0131l\u0131yor? Deha dizisinde sona do\u011fru"},"content":{"rendered":"<p>Deha dizisi, beklenmedik ayr\u0131l\u0131k haberiyle g\u00fcndeme oturdu. Aras Bulut \u0130ynemli\u2019nin rol arkada\u015f\u0131 Ahsen Ero\u011flu\u2019nun projeden ayr\u0131laca\u011f\u0131 s\u00f6ylentisi sosyal platformlarda h\u0131zla yay\u0131ld\u0131. Ba\u015frol isimlerinden birinin ayr\u0131l\u0131\u011f\u0131n\u0131n ard\u0131ndan yap\u0131mda ya\u015fanacak olaylar heyecanla takip ediliyor. Peki Deha dizisinden Ahsen Ero\u011flu bu ak\u015famki b\u00f6l\u00fcmde mi ayr\u0131l\u0131yor? \u0130\u015fte detaylar&#8230;<\/p>\n<h3>DEHA D\u0130Z\u0130S\u0130NDEN AHSEN ERO\u011eLU BU AK\u015eAMK\u0130 B\u00d6L\u00dcMDE M\u0130 AYRILIYOR?<\/h3>\n<p>Pazar g\u00fcnleri izleyiciyle bulu\u015fan Deha dizisinde ba\u015frollerden biri ayr\u0131l\u0131yor. Birsen Altunta\u015f\u2019\u0131n aktard\u0131\u011f\u0131na g\u00f6re, Ay Yap\u0131m\u2019\u0131n yap\u0131mc\u0131l\u0131\u011f\u0131n\u0131 \u00fcstlendi\u011fi dizinin kad\u0131n ba\u015frol karakteri Esme\u2019yi oynayan Ahsen Ero\u011flu hakk\u0131nda \u00e7arp\u0131c\u0131 bir geli\u015fme ya\u015fand\u0131. Damla Serim\u2019in kaleme ald\u0131\u011f\u0131, Umut Aral\u2019\u0131n y\u00f6netti\u011fi yap\u0131mdan gelen bilgilere g\u00f6re, senaryoda de\u011fi\u015fiklik yap\u0131l\u0131yor ve Ahsen Ero\u011flu projeye veda ediyor. Ahsen karakterinin bu ak\u015famki b\u00f6l\u00fcmde diziden ayr\u0131lmas\u0131 bekleniyor ancak konuyla ilgili resmi bir a\u00e7\u0131klama gelmedi.<\/p>\n<p><img loading=\"lazy\" decoding=\"async\" class=\"alignnone size-full wp-image-123509\" src=\"https:\/\/www.tgrthaber.com\/mavikadin\/wp-content\/uploads\/vfd-1.jpg\" alt=\"\" width=\"1208\" height=\"680\" title=\"\" srcset=\"https:\/\/www.tgrthaber.com\/mavikadin\/wp-content\/uploads\/vfd-1.jpg 1208w, https:\/\/www.tgrthaber.com\/mavikadin\/wp-content\/uploads\/vfd-1-300x169.jpg 300w, https:\/\/www.tgrthaber.com\/mavikadin\/wp-content\/uploads\/vfd-1-1024x576.jpg 1024w, https:\/\/www.tgrthaber.com\/mavikadin\/wp-content\/uploads\/vfd-1-768x432.jpg 768w\" sizes=\"(max-width: 1208px) 100vw, 1208px\" \/><\/p>\n<hr \/>\n<h3>ESME KARAKTER\u0130 HAKKINDA<\/h3>\n<p>Esme, \u00fcst\u00fcn bir zeka ve \u00f6\u011frenme yetene\u011fi olmas\u0131na ra\u011fmen, otoriter ve geleneksel bir aile ortam\u0131nda b\u00fcy\u00fcmenin getirdi\u011fi s\u0131n\u0131rlar aras\u0131nda s\u0131k\u0131\u015fm\u0131\u015f gen\u00e7 bir kad\u0131nd\u0131r. Bu ev d\u00fczeninde ona nefes ald\u0131ran tek \u015fey, Devran ve ona duydu\u011fu a\u015fkt\u0131r. Bu a\u015fk, onun i\u00e7in t\u00fcm s\u0131k\u0131nt\u0131lara kar\u015f\u0131 en sa\u011flam liman olur.<\/p>\n<p><img loading=\"lazy\" decoding=\"async\" class=\"alignnone size-full wp-image-123511\" src=\"https:\/\/www.tgrthaber.com\/mavikadin\/wp-content\/uploads\/dfs-3.jpg\" alt=\"\" width=\"1208\" height=\"680\" title=\"\" srcset=\"https:\/\/www.tgrthaber.com\/mavikadin\/wp-content\/uploads\/dfs-3.jpg 1208w, https:\/\/www.tgrthaber.com\/mavikadin\/wp-content\/uploads\/dfs-3-300x169.jpg 300w, https:\/\/www.tgrthaber.com\/mavikadin\/wp-content\/uploads\/dfs-3-1024x576.jpg 1024w, https:\/\/www.tgrthaber.com\/mavikadin\/wp-content\/uploads\/dfs-3-768x432.jpg 768w\" sizes=\"(max-width: 1208px) 100vw, 1208px\" \/><\/p>\n","protected":false},"excerpt":{"rendered":"<p>Ekranlar\u0131n en \u00e7ok izlenen dizilerinden biri olan Deha&#8217;da ba\u015frol oyuncular\u0131ndan Ahsen Ero\u011flu i\u00e7in radikal bir karar verilmi\u015fti. Diziden ayr\u0131laca\u011f\u0131 g\u00fcndeme bomba gibi d\u00fc\u015fen Esma karakterinin bu hafta m\u0131 diziye veda edece\u011fi merak konusu oldu. Peki Deha dizisinden Ahsen Ero\u011flu bu ak\u015famki b\u00f6l\u00fcmde mi ayr\u0131l\u0131yor? \u0130\u015fte detaylar&#8230;<\/p>\n","protected":false},"author":2,"featured_media":123513,"comment_status":"closed","ping_status":"closed","sticky":false,"template":"","format":"standard","meta":{"rank_math_lock_modified_date":false,"footnotes":""},"categories":[602],"tags":[2186,8560,133,2218],"class_list":["post-123507","post","type-post","status-publish","format-standard","has-post-thumbnail","hentry","category-diziler","tag-ahsen-eroglu","tag-deha-esme","tag-magazin","tag-magazin-haberleri"],"_links":{"self":[{"href":"https:\/\/www.tgrthaber.com\/mavikadin\/wp-json\/wp\/v2\/posts\/123507"}],"collection":[{"href":"https:\/\/www.tgrthaber.com\/mavikadin\/wp-json\/wp\/v2\/posts"}],"about":[{"href":"https:\/\/www.tgrthaber.com\/mavikadin\/wp-json\/wp\/v2\/types\/post"}],"author":[{"embeddable":true,"href":"https:\/\/www.tgrthaber.com\/mavikadin\/wp-json\/wp\/v2\/users\/2"}],"replies":[{"embeddable":true,"href":"https:\/\/www.tgrthaber.com\/mavikadin\/wp-json\/wp\/v2\/comments?post=123507"}],"version-history":[{"count":2,"href":"https:\/\/www.tgrthaber.com\/mavikadin\/wp-json\/wp\/v2\/posts\/123507\/revisions"}],"predecessor-version":[{"id":123515,"href":"https:\/\/www.tgrthaber.com\/mavikadin\/wp-json\/wp\/v2\/posts\/123507\/revisions\/123515"}],"wp:featuredmedia":[{"embeddable":true,"href":"https:\/\/www.tgrthaber.com\/mavikadin\/wp-json\/wp\/v2\/media\/123513"}],"wp:attachment":[{"href":"https:\/\/www.tgrthaber.com\/mavikadin\/wp-json\/wp\/v2\/media?parent=123507"}],"wp:term":[{"taxonomy":"category","embeddable":true,"href":"https:\/\/www.tgrthaber.com\/mavikadin\/wp-json\/wp\/v2\/categories?post=123507"},{"taxonomy":"post_tag","embeddable":true,"href":"https:\/\/www.tgrthaber.com\/mavikadin\/wp-json\/wp\/v2\/tags?post=123507"}],"curies":[{"name":"wp","href":"https:\/\/api.w.org\/{rel}","templated":true}]}}