{"id":123540,"date":"2025-01-19T21:20:46","date_gmt":"2025-01-19T18:20:46","guid":{"rendered":"https:\/\/www.tgrthaber.com\/mavikadin\/?p=123540"},"modified":"2025-01-19T21:21:04","modified_gmt":"2025-01-19T18:21:04","slug":"ibn-i-sina-dizisinin-2-sezonundan-ilk-kareler-geldi","status":"publish","type":"post","link":"https:\/\/www.tgrthaber.com\/mavikadin\/ibn-i-sina-dizisinin-2-sezonundan-ilk-kareler-geldi\/","title":{"rendered":"\u0130bn-i Sina dizisinin 2 sezonundan ilk kareler geldi!"},"content":{"rendered":"<p>TRT\u2019nin dijital platformu Tabii \u00fczerinden yay\u0131nlanan ve b\u00fcy\u00fck bir ilgi g\u00f6ren K\u00fc\u00e7\u00fck Dahi \u0130bn-i Sina dizisi, ikinci sezonuyla heyecan\u0131 artt\u0131r\u0131yor. \u0130zleyicileri \u0130bn-i Sina\u2019n\u0131n \u00e7ocukluk y\u0131llar\u0131n\u0131n s\u00fcr\u00fckleyici hik\u00e2yesiyle bulu\u015fturan dizi, \u00f6\u011frenme tutkusunu ve merak\u0131n\u0131 i\u015flerken dikkatleri \u00fczerine \u00e7ekmeyi ba\u015far\u0131yor. Peki, K\u00fc\u00e7\u00fck Dahi \u0130bn-i Sina&#8217;n\u0131n 2. sezonu ne zaman ba\u015flayacak?<\/p>\n<h3>\u0130BN-\u0130 S\u0130NA D\u0130Z\u0130S\u0130NDEN KARELER<\/h3>\n<p>\u0130bn-i Sina dizisinin heyecanla beklenen 2. sezonu i\u00e7in merakl\u0131 bekleyi\u015f sona erdi. Dizinin \u00e7ekimlerine ba\u015fland\u0131. \u0130bn-i Sina dizi takip\u00e7ileri i\u00e7in heyecan verici ipu\u00e7lar\u0131 geldi. \u0130lk sezonun b\u00fcy\u00fck be\u011fenisini kazanan yap\u0131m, yeni b\u00f6l\u00fcmleriyle izleyicilere farkl\u0131 ve etkileyici bir deneyim sunmaya haz\u0131rlan\u0131yor. Dijital platformun sosyal medya hesaplar\u0131 \u00fczerinden payla\u015f\u0131lan g\u00f6r\u00fcnt\u00fcler, izleyicileri etkilemeye devam ediyor. \u0130zleyicilerin sab\u0131rs\u0131zl\u0131kla bekledi\u011fi bu yeni sezon, beklentileri kar\u015f\u0131layacak ve seyircilere unutulmaz anlar ya\u015fatacak gibi g\u00f6r\u00fcn\u00fcyor.<\/p>\n<p><img loading=\"lazy\" decoding=\"async\" class=\"alignnone wp-image-123545\" src=\"https:\/\/www.tgrthaber.com\/mavikadin\/wp-content\/uploads\/ibn-i-sina-dizisinden-kareler-300x169.jpg\" alt=\"ibn i sina dizisinden kareler\" width=\"1208\" height=\"680\" title=\"\" srcset=\"https:\/\/www.tgrthaber.com\/mavikadin\/wp-content\/uploads\/ibn-i-sina-dizisinden-kareler-300x169.jpg 300w, https:\/\/www.tgrthaber.com\/mavikadin\/wp-content\/uploads\/ibn-i-sina-dizisinden-kareler-1024x576.jpg 1024w, https:\/\/www.tgrthaber.com\/mavikadin\/wp-content\/uploads\/ibn-i-sina-dizisinden-kareler-768x432.jpg 768w, https:\/\/www.tgrthaber.com\/mavikadin\/wp-content\/uploads\/ibn-i-sina-dizisinden-kareler-1536x864.jpg 1536w, https:\/\/www.tgrthaber.com\/mavikadin\/wp-content\/uploads\/ibn-i-sina-dizisinden-kareler.jpg 1920w\" sizes=\"(max-width: 1208px) 100vw, 1208px\" \/><\/p>\n<hr \/>\n<h3>\u0130BN-\u0130 S\u0130NA 2 SEZON KONUSU<\/h3>\n<p>Dizinin ikinci sezonu, \u0130bn-i Sina&#8217;n\u0131n merak\u0131 ve \u00f6\u011frenme tutkusuyla dolu yeni maceralarla bizleri b\u00fcy\u00fclemeye devam ediyor. Aristoteles&#8217;in &#8220;Metafizik&#8221; kitab\u0131n\u0131 anlamak i\u00e7in defalarca okuyan k\u00fc\u00e7\u00fck dahi, daha derin sorular\u0131n pe\u015finden ko\u015farken izleyicileri de bu ke\u015fif yolculu\u011funa davet ediyor.<\/p>\n<p>Hik\u00e2yeye renk katan en yak\u0131n dostu ke\u00e7i Sokrates ile birlikte, hem e\u011flenceli hem de \u00f6\u011fretici bir atmosfer sunarak gen\u00e7 izleyicileri etkilemeyi ba\u015far\u0131yor. Yeni sezonda beklenen s\u00fcrprizler ve heyecan verici geli\u015fmelerle, dizi bilgiyle e\u011flenceyi harmanlayarak izleyicilere unutulmaz bir deneyim sunmaya devam edecek.<\/p>\n<p><img loading=\"lazy\" decoding=\"async\" class=\"alignnone wp-image-123546\" src=\"https:\/\/www.tgrthaber.com\/mavikadin\/wp-content\/uploads\/ibn-i-sina-2-sezon-konusu-300x169.jpg\" alt=\"ibn i sina 2 sezon konusu\" width=\"1208\" height=\"680\" title=\"\" srcset=\"https:\/\/www.tgrthaber.com\/mavikadin\/wp-content\/uploads\/ibn-i-sina-2-sezon-konusu-300x169.jpg 300w, https:\/\/www.tgrthaber.com\/mavikadin\/wp-content\/uploads\/ibn-i-sina-2-sezon-konusu-1024x576.jpg 1024w, https:\/\/www.tgrthaber.com\/mavikadin\/wp-content\/uploads\/ibn-i-sina-2-sezon-konusu-768x432.jpg 768w, https:\/\/www.tgrthaber.com\/mavikadin\/wp-content\/uploads\/ibn-i-sina-2-sezon-konusu-1536x864.jpg 1536w, https:\/\/www.tgrthaber.com\/mavikadin\/wp-content\/uploads\/ibn-i-sina-2-sezon-konusu.jpg 1920w\" sizes=\"(max-width: 1208px) 100vw, 1208px\" \/><\/p>\n<hr \/>\n<h3>\u0130BN &#8211; \u0130 S\u0130NA D\u0130Z\u0130S\u0130 OYUNCU KADROSU<\/h3>\n<p>\u0130bn-i Sina dizinin 2. sezonundaki oyuncu kadrosu ve karakterleri:<\/p>\n<ul>\n<li><strong>Kaan Alp Day\u0131<\/strong>\u00a0\u2013 \u0130bn-i Sina<\/li>\n<li><strong>Burak Tamdo\u011fan<\/strong>\u00a0\u2013 Ku\u015fyar<\/li>\n<li><strong>Meri\u00e7 \u00d6zkaya<\/strong>\u00a0\u2013 Abdullah<\/li>\n<li><strong>Deniz Bol\u0131\u015f\u0131k<\/strong>\u00a0\u2013 \u015eehriyar<\/li>\n<li><strong>Bengi \u00d6zt\u00fcrk<\/strong>\u00a0\u2013 Mahiye<\/li>\n<li><strong>Ekin Pasvano\u011flu<\/strong>\u00a0\u2013 Bahar<\/li>\n<li><strong>Mehmet Ali Kaptanlar<\/strong>\u00a0\u2013 Dede<\/li>\n<li><strong>Efe Ekemen<\/strong>\u00a0\u2013 Haris<\/li>\n<li><strong>Ahmet Hakan \u00dcnal<\/strong>\u00a0\u2013 Naim<\/li>\n<li><strong>Ece Bi\u00e7ici<\/strong>\u00a0\u2013 G\u00f6k\u00e7e<\/li>\n<li><strong>Zeynep Erg\u00fcney<\/strong>\u00a0\u2013 Hare<\/li>\n<li><strong>Osman Albayrak<\/strong>\u00a0\u2013 Artuk Efendi<\/li>\n<li><strong>G\u00f6khan Bekletenler<\/strong><\/li>\n<li><strong>Osman Do\u011fan<\/strong><\/li>\n<li><strong>Murat \u00d6ng\u00fcn<\/strong><\/li>\n<li><strong>Do\u011fan \u00c7etiner<\/strong><\/li>\n<\/ul>\n<p><img loading=\"lazy\" decoding=\"async\" class=\"alignnone wp-image-123547\" src=\"https:\/\/www.tgrthaber.com\/mavikadin\/wp-content\/uploads\/ibn-i-sina-2-sezon-oyunculari-300x169.jpg\" alt=\"ibn i sina 2 sezon oyuncular\u0131\" width=\"1208\" height=\"680\" title=\"\" srcset=\"https:\/\/www.tgrthaber.com\/mavikadin\/wp-content\/uploads\/ibn-i-sina-2-sezon-oyunculari-300x169.jpg 300w, https:\/\/www.tgrthaber.com\/mavikadin\/wp-content\/uploads\/ibn-i-sina-2-sezon-oyunculari-1024x576.jpg 1024w, https:\/\/www.tgrthaber.com\/mavikadin\/wp-content\/uploads\/ibn-i-sina-2-sezon-oyunculari-768x432.jpg 768w, https:\/\/www.tgrthaber.com\/mavikadin\/wp-content\/uploads\/ibn-i-sina-2-sezon-oyunculari-1536x864.jpg 1536w, https:\/\/www.tgrthaber.com\/mavikadin\/wp-content\/uploads\/ibn-i-sina-2-sezon-oyunculari.jpg 1920w\" sizes=\"(max-width: 1208px) 100vw, 1208px\" \/><\/p>\n<hr \/>\n<h3>\u0130BN -\u0130 S\u0130NA HANG\u0130 G\u00dcN NE ZAMAN BA\u015eLAYACAK?<\/h3>\n<p>E\u011fitim ve e\u011flenceyi bir araya getiren K\u00fc\u00e7\u00fck Dahi \u0130bn-i Sina&#8217;n\u0131n 20 Ocak 2025 tarihinde Tabii platformunda izleyicileriyle bulu\u015facak.<\/p>\n","protected":false},"excerpt":{"rendered":"<p>TRT&#8217;nin dijital platformu Tabii \u00fczerinden yay\u0131nlanan ve b\u00fcy\u00fck bir ilgi g\u00f6ren K\u00fc\u00e7\u00fck Dahi \u0130bn-i Sina dizisi, ikinci sezondan kareleri payla\u015ft\u0131. \u0130bn-i Sina&#8217;n\u0131n \u00e7ocukluk y\u0131llar\u0131n\u0131 ve \u00f6\u011frenme tutkusunu s\u00fcr\u00fckleyici bir \u015fekilde izleyicilere aktaran dizi, hem e\u011fitici hem de keyifli bir i\u00e7eri\u011fe sahip. \u0130\u015fte <\/p>\n","protected":false},"author":10,"featured_media":123544,"comment_status":"closed","ping_status":"closed","sticky":false,"template":"","format":"standard","meta":{"rank_math_lock_modified_date":false,"footnotes":""},"categories":[602],"tags":[6637,8569,8568],"class_list":["post-123540","post","type-post","status-publish","format-standard","has-post-thumbnail","hentry","category-diziler","tag-ibni-sina","tag-ibni-sina-2-sezon","tag-ibni-sina-dizisi"],"_links":{"self":[{"href":"https:\/\/www.tgrthaber.com\/mavikadin\/wp-json\/wp\/v2\/posts\/123540"}],"collection":[{"href":"https:\/\/www.tgrthaber.com\/mavikadin\/wp-json\/wp\/v2\/posts"}],"about":[{"href":"https:\/\/www.tgrthaber.com\/mavikadin\/wp-json\/wp\/v2\/types\/post"}],"author":[{"embeddable":true,"href":"https:\/\/www.tgrthaber.com\/mavikadin\/wp-json\/wp\/v2\/users\/10"}],"replies":[{"embeddable":true,"href":"https:\/\/www.tgrthaber.com\/mavikadin\/wp-json\/wp\/v2\/comments?post=123540"}],"version-history":[{"count":1,"href":"https:\/\/www.tgrthaber.com\/mavikadin\/wp-json\/wp\/v2\/posts\/123540\/revisions"}],"predecessor-version":[{"id":123548,"href":"https:\/\/www.tgrthaber.com\/mavikadin\/wp-json\/wp\/v2\/posts\/123540\/revisions\/123548"}],"wp:featuredmedia":[{"embeddable":true,"href":"https:\/\/www.tgrthaber.com\/mavikadin\/wp-json\/wp\/v2\/media\/123544"}],"wp:attachment":[{"href":"https:\/\/www.tgrthaber.com\/mavikadin\/wp-json\/wp\/v2\/media?parent=123540"}],"wp:term":[{"taxonomy":"category","embeddable":true,"href":"https:\/\/www.tgrthaber.com\/mavikadin\/wp-json\/wp\/v2\/categories?post=123540"},{"taxonomy":"post_tag","embeddable":true,"href":"https:\/\/www.tgrthaber.com\/mavikadin\/wp-json\/wp\/v2\/tags?post=123540"}],"curies":[{"name":"wp","href":"https:\/\/api.w.org\/{rel}","templated":true}]}}