{"id":123549,"date":"2025-01-19T21:59:51","date_gmt":"2025-01-19T18:59:51","guid":{"rendered":"https:\/\/www.tgrthaber.com\/mavikadin\/?p=123549"},"modified":"2025-01-19T21:59:51","modified_gmt":"2025-01-19T18:59:51","slug":"tuba-buyukustun-ikizleri-toprak-ve-mayanin-13-yas-gununu-kutladi","status":"publish","type":"post","link":"https:\/\/www.tgrthaber.com\/mavikadin\/tuba-buyukustun-ikizleri-toprak-ve-mayanin-13-yas-gununu-kutladi\/","title":{"rendered":"Tuba B\u00fcy\u00fck\u00fcst\u00fcn ikizleri Toprak ve Maya\u2019n\u0131n 13 ya\u015f g\u00fcn\u00fcn\u00fc kutlad\u0131!"},"content":{"rendered":"<p>\u00dcnl\u00fc oyuncu Tuba B\u00fcy\u00fck\u00fcst\u00fcn, ikiz k\u0131zlar\u0131 Maya ve Toprak&#8217;\u0131n 13. ya\u015f g\u00fcn\u00fcn\u00fc b\u00fcy\u00fck bir co\u015fkuyla kutlad\u0131. Onur Saylak ile olan evlili\u011finden d\u00fcnyaya gelen \u00e7ocuklar\u0131n\u0131n \u00f6zel g\u00fcn\u00fcn\u00fc sosyal medya hesab\u0131ndan payla\u015ft\u0131\u011f\u0131 sevgi dolu foto\u011fraflarla kutlayan B\u00fcy\u00fck\u00fcst\u00fcn, takip\u00e7ilerinin be\u011fenisini toplad\u0131. Her zaman aile de\u011ferlerine \u00f6nem veren ve \u00e7ocuklar\u0131n\u0131n mutlu anlar\u0131n\u0131 payla\u015fmaktan keyif alan \u00fcnl\u00fc oyuncunun bu \u00f6zel g\u00fcne dair payla\u015f\u0131mlar\u0131, hayranlar\u0131n\u0131n yo\u011fun ilgisini \u00e7ekti.<\/p>\n<h3>\u0130K\u0130ZLER 13. YA\u015eINA BASTI<\/h3>\n<p>\u00dcnl\u00fc oyuncu ve iki \u00e7ocuk annesi Tuba B\u00fcy\u00fck\u00fcst\u00fcn, Instagram hesab\u0131ndan payla\u015ft\u0131\u011f\u0131 ne\u015feli anlarda k\u0131zlar\u0131 Maya ve Toprak ile olan ba\u011f\u0131n\u0131 herkese g\u00f6steriyor. G\u00fczel anne, son d\u00f6nemde payla\u015ft\u0131\u011f\u0131 pozlarla da ad\u0131ndan s\u0131k\u00e7a s\u00f6z ettiriyor. Son olarak 13 ya\u015f\u0131na giren k\u0131zlar\u0131n\u0131n do\u011fum g\u00fcnlerini Instagram&#8217;da payla\u015ft\u0131\u011f\u0131 birbirinden g\u00fczel foto\u011fraflarla kutlad\u0131. Bu \u00f6zel g\u00fcnlerini takip\u00e7ileriyle payla\u015fmay\u0131 tercih eden B\u00fcy\u00fck\u00fcst\u00fcn&#8217;\u00fcn bu samimi payla\u015f\u0131mlar\u0131, be\u011feni ve yorum ya\u011fmuruna tutuldu. Her biri binlerce be\u011feni alan foto\u011fraflar, ayn\u0131 zamanda y\u00fczlerce yorum ald\u0131.<\/p>\n<div style=\"width: 640px;\" class=\"wp-video\"><!--[if lt IE 9]><script>document.createElement('video');<\/script><![endif]-->\n<video class=\"wp-video-shortcode\" id=\"video-123549-1\" width=\"640\" height=\"1138\" preload=\"metadata\" controls=\"controls\"><source type=\"video\/mp4\" src=\"https:\/\/www.tgrthaber.com\/mavikadin\/wp-content\/uploads\/tuba-buyukustun-ikizlerinin-dogum-gununu-kutladi.mp4?_=1\" \/><a href=\"https:\/\/www.tgrthaber.com\/mavikadin\/wp-content\/uploads\/tuba-buyukustun-ikizlerinin-dogum-gununu-kutladi.mp4\">https:\/\/www.tgrthaber.com\/mavikadin\/wp-content\/uploads\/tuba-buyukustun-ikizlerinin-dogum-gununu-kutladi.mp4<\/a><\/video><\/div>\n<hr \/>\n<h3>B\u00dcY\u00dcK\u00dcST\u00dcN \u0130K\u0130ZLERE \u00d6ZEL PASTAYLA KUTLADI<\/h3>\n<p>Tuba B\u00fcy\u00fck\u00fcst\u00fcn, ikizlerinin do\u011fum g\u00fcn\u00fcn\u00fc yurtd\u0131\u015f\u0131nda kutlad\u0131. Ailecek d\u0131\u015far\u0131da 13.ya\u015f g\u00fcn\u00fc i\u00e7in haz\u0131rlanan s\u00fcslerle kutlarken ki videolar\u0131n\u0131 Tuba B\u00fcy\u00fck\u00fcst\u00fcn sosyal medya hesab\u0131ndan kutlad\u0131. B\u00fcy\u00fck\u00fcst\u00fcn, ikizlerine \u00f6zel yapt\u0131rd\u0131\u011f\u0131 \u00e7ikolatal\u0131 ve \u00e7ilekli pastalar\u0131n\u0131 da kesmeden \u00f6nceki o anlar\u0131 instagram hesab\u0131ndan takip\u00e7ileriyle payla\u015ft\u0131.. \u00dcnl\u00fc oyuncu ikizleri Toprak ve Maya ile unutulmaz bir do\u011fum g\u00fcn\u00fc an\u0131 ya\u015fad\u0131lar. Toprak ve Maya&#8217;n\u0131n unutulmaz do\u011fum g\u00fcn\u00fc an\u0131s\u0131, sevgi dolu payla\u015f\u0131mlarla takip\u00e7ilerini adeta etkiledi. Tuba B\u00fcy\u00fck\u00fcst\u00fcn&#8217;\u00fcn ailesiyle ge\u00e7irdi\u011fi mutlu anlara tan\u0131kl\u0131k etmek ise takip\u00e7ileri i\u00e7in keyifli bir s\u00fcrpriz oldu.<\/p>\n<p><img loading=\"lazy\" decoding=\"async\" class=\"alignnone wp-image-123554\" src=\"https:\/\/www.tgrthaber.com\/mavikadin\/wp-content\/uploads\/tuba-buyukustun-ikizler-itoprak-ve-mayanin-dogum-gununu-kutladi-300x169.jpg\" alt=\"tuba b\u00fcy\u00fck\u00fcst\u00fcn ikizler itoprak ve mayan\u0131n do\u011fum g\u00fcn\u00fcn\u00fc kutlad\u0131\" width=\"1208\" height=\"680\" title=\"\" srcset=\"https:\/\/www.tgrthaber.com\/mavikadin\/wp-content\/uploads\/tuba-buyukustun-ikizler-itoprak-ve-mayanin-dogum-gununu-kutladi-300x169.jpg 300w, https:\/\/www.tgrthaber.com\/mavikadin\/wp-content\/uploads\/tuba-buyukustun-ikizler-itoprak-ve-mayanin-dogum-gununu-kutladi-1024x576.jpg 1024w, https:\/\/www.tgrthaber.com\/mavikadin\/wp-content\/uploads\/tuba-buyukustun-ikizler-itoprak-ve-mayanin-dogum-gununu-kutladi-768x432.jpg 768w, https:\/\/www.tgrthaber.com\/mavikadin\/wp-content\/uploads\/tuba-buyukustun-ikizler-itoprak-ve-mayanin-dogum-gununu-kutladi-1536x864.jpg 1536w, https:\/\/www.tgrthaber.com\/mavikadin\/wp-content\/uploads\/tuba-buyukustun-ikizler-itoprak-ve-mayanin-dogum-gununu-kutladi.jpg 1920w\" sizes=\"(max-width: 1208px) 100vw, 1208px\" \/><\/p>\n<hr \/>\n<p>&nbsp;<\/p>\n","protected":false},"excerpt":{"rendered":"<p>\u00dcnl\u00fc oyuncu Tuba B\u00fcy\u00fck\u00fcst\u00fcn, Onur Saylak ile olan evlili\u011finden d\u00fcnyaya gelen ikiz k\u0131zlar\u0131 Maya ve Toprak&#8217;\u0131n 13. ya\u015f g\u00fcn\u00fcn\u00fc co\u015fkuyla kutlad\u0131. Sosyal medya hesab\u0131ndan payla\u015ft\u0131\u011f\u0131 foto\u011fraflarla takip\u00e7ilerine sevgi dolu bir an ya\u015fatan B\u00fcy\u00fck\u00fcst\u00fcn, be\u011feni ya\u011fmuruna tutuldu.<\/p>\n","protected":false},"author":10,"featured_media":123551,"comment_status":"closed","ping_status":"closed","sticky":false,"template":"","format":"standard","meta":{"rank_math_lock_modified_date":false,"footnotes":""},"categories":[76],"tags":[2837,363,8570,8571],"class_list":["post-123549","post","type-post","status-publish","format-standard","has-post-thumbnail","hentry","category-magazin","tag-dogum-gunu","tag-ikizler","tag-tuba-buyukustun-ikizler","tag-tuba-buyukustun-ikizler-dogum-gunu"],"_links":{"self":[{"href":"https:\/\/www.tgrthaber.com\/mavikadin\/wp-json\/wp\/v2\/posts\/123549"}],"collection":[{"href":"https:\/\/www.tgrthaber.com\/mavikadin\/wp-json\/wp\/v2\/posts"}],"about":[{"href":"https:\/\/www.tgrthaber.com\/mavikadin\/wp-json\/wp\/v2\/types\/post"}],"author":[{"embeddable":true,"href":"https:\/\/www.tgrthaber.com\/mavikadin\/wp-json\/wp\/v2\/users\/10"}],"replies":[{"embeddable":true,"href":"https:\/\/www.tgrthaber.com\/mavikadin\/wp-json\/wp\/v2\/comments?post=123549"}],"version-history":[{"count":1,"href":"https:\/\/www.tgrthaber.com\/mavikadin\/wp-json\/wp\/v2\/posts\/123549\/revisions"}],"predecessor-version":[{"id":123555,"href":"https:\/\/www.tgrthaber.com\/mavikadin\/wp-json\/wp\/v2\/posts\/123549\/revisions\/123555"}],"wp:featuredmedia":[{"embeddable":true,"href":"https:\/\/www.tgrthaber.com\/mavikadin\/wp-json\/wp\/v2\/media\/123551"}],"wp:attachment":[{"href":"https:\/\/www.tgrthaber.com\/mavikadin\/wp-json\/wp\/v2\/media?parent=123549"}],"wp:term":[{"taxonomy":"category","embeddable":true,"href":"https:\/\/www.tgrthaber.com\/mavikadin\/wp-json\/wp\/v2\/categories?post=123549"},{"taxonomy":"post_tag","embeddable":true,"href":"https:\/\/www.tgrthaber.com\/mavikadin\/wp-json\/wp\/v2\/tags?post=123549"}],"curies":[{"name":"wp","href":"https:\/\/api.w.org\/{rel}","templated":true}]}}