{"id":123564,"date":"2025-01-19T22:44:23","date_gmt":"2025-01-19T19:44:23","guid":{"rendered":"https:\/\/www.tgrthaber.com\/mavikadin\/?p=123564"},"modified":"2025-01-19T22:44:23","modified_gmt":"2025-01-19T19:44:23","slug":"haci-sabanciya-yali-capkini-gondermesi-yillar-sonra-ortaya-cikan-oglu-sosyal-medyayi-salladi","status":"publish","type":"post","link":"https:\/\/www.tgrthaber.com\/mavikadin\/haci-sabanciya-yali-capkini-gondermesi-yillar-sonra-ortaya-cikan-oglu-sosyal-medyayi-salladi\/","title":{"rendered":"Hac\u0131 Sabanc\u0131\u2019ya Yal\u0131 \u00c7apk\u0131n\u0131 g\u00f6ndermesi! Y\u0131llar sonra ortaya \u00e7\u0131kan o\u011flu sosyal medyay\u0131 sallad\u0131!"},"content":{"rendered":"<p>G\u00fclseren Buday\u0131c\u0131o\u011flu&#8217;nun kalemiyle hayat bulan Yal\u0131 \u00c7apk\u0131n\u0131, ger\u00e7ek bir hik\u00e2yeyi izleyicilerine sunuyor. \u0130lk b\u00f6l\u00fcmden itibaren merak uyand\u0131ran dizi, Sabanc\u0131 ailesine ait olan yal\u0131n\u0131n s\u0131rlar\u0131n\u0131 ve ya\u015fanan olaylar\u0131 konu ald\u0131\u011f\u0131 ortaya \u00e7\u0131km\u0131\u015ft\u0131. Hac\u0131 Sabanc\u0131\u2019n\u0131n babal\u0131k davas\u0131n\u0131n sonu\u00e7lanmas\u0131n\u0131n ard\u0131ndan sosyal medyada Yal\u0131 \u00c7apk\u0131 dizisindeki bir sahneyle tiye al\u0131nd\u0131.<\/p>\n<h3>YALI \u00c7APKINI SABANCILARI MI ANLATIYOR?<\/h3>\n<p>Yal\u0131 \u00c7apk\u0131n\u0131 dizisi yay\u0131nland\u0131\u011f\u0131 g\u00fcnden itibaren b\u00fcy\u00fck bir hedef kitlesine sahip. Dizinin hikayesinin ger\u00e7ek hayata dayan\u0131yor olmas\u0131 bir \u00e7ok ki\u015fi taraf\u0131ndan kimin hayat\u0131 oldu\u011funa dair yorumlar yap\u0131l\u0131yordu. Ge\u00e7ti\u011fimiz aylarda Yal\u0131 \u00c7apk\u0131n\u0131 dizisinin Sabac\u0131 ailesinin hayat\u0131n\u0131 anlatt\u0131\u011f\u0131na dair iddialar ortaya at\u0131lm\u0131\u015ft\u0131. Sabanc\u0131 ailesi taraf\u0131ndan bu durum netlik kazanmas\u0131nda Arzu Sabanc\u0131\u2019n\u0131n diziyi izlerken ki payla\u015f\u0131mlar\u0131 sosyal medyada g\u00fcndem olmu\u015ftu.<\/p>\n<div style=\"width: 640px;\" class=\"wp-video\"><!--[if lt IE 9]><script>document.createElement('video');<\/script><![endif]-->\n<video class=\"wp-video-shortcode\" id=\"video-123564-1\" width=\"640\" height=\"375\" preload=\"metadata\" controls=\"controls\"><source type=\"video\/mp4\" src=\"https:\/\/www.tgrthaber.com\/mavikadin\/wp-content\/uploads\/Haci-Sabanciya-Yali-Capkini-gondermesi.mp4?_=1\" \/><a href=\"https:\/\/www.tgrthaber.com\/mavikadin\/wp-content\/uploads\/Haci-Sabanciya-Yali-Capkini-gondermesi.mp4\">https:\/\/www.tgrthaber.com\/mavikadin\/wp-content\/uploads\/Haci-Sabanciya-Yali-Capkini-gondermesi.mp4<\/a><\/video><\/div>\n<hr \/>\n<h3>SABANCI\u2019LARA YALI \u00c7APKINI G\u00d6NDERMES\u0130<\/h3>\n<p>Son d\u00f6nemin en \u00e7ok konu\u015fulan konular\u0131ndan biri olan Hac\u0131 Sabanc\u0131&#8217;n\u0131n babal\u0131k davas\u0131 sonu\u00e7land\u0131. DNA raporunun a\u00e7\u0131klanmas\u0131n\u0131n ard\u0131ndan, Uzay isimli \u00e7ocu\u011fun babas\u0131n\u0131n Sabanc\u0131 oldu\u011fu resmi olarak belirlendi. Verilen karar\u0131n hemen ard\u0131ndan sosyal medya kullan\u0131c\u0131lar\u0131 durumu Yal\u0131 \u00c7apk\u0131n\u0131 dizisinden al\u0131nan bir sahne ile de\u011ferlendirdi ve bu durum olduk\u00e7a ilgi g\u00f6rd\u00fc. Ayr\u0131ca, X platformunda da konu \u00fczerine yap\u0131lan yorumlar ve be\u011feniler adeta ya\u011fmur gibi ya\u011fd\u0131. Sosyal medyada video ile ilgili yap\u0131lan yorumlardan baz\u0131lar\u0131 \u015funlard\u0131r:<\/p>\n<p>\u201cyaa Arzu Sabanc\u0131\u2019n\u0131n tepkisini merak ettim \u015fimdi\u201d<\/p>\n<p>\u201c\u00c7ok ho\u015f \u00e7ok g\u00fcld\u00fcm ama hi\u00e7 s\u00fcrpriz oldu\u011funu sanm\u0131yorum. Tabii ki biliyorlard\u0131.\u201d<\/p>\n<p>\u201cYaln\u0131z dizinin sabanc\u0131 yal\u0131s\u0131nda \u00e7ekiliyor olmas\u0131JJJ\u201d<\/p>\n<p>\u201cYal\u0131n\u0131n laneti t\u00fcm h\u0131z\u0131yla devam ediyor\u201d<\/p>\n","protected":false},"excerpt":{"rendered":"<p>\u00dcnl\u00fc i\u015f adam\u0131 Hac\u0131 Sabanc\u0131, F.D. isimli kad\u0131n taraf\u0131ndan a\u00e7\u0131lan babal\u0131k davas\u0131nda \u015fa\u015f\u0131rt\u0131c\u0131 bir ger\u00e7ekle kar\u015f\u0131la\u015ft\u0131. Uzay isimli \u00e7ocu\u011funun DNA testi sonucunda babas\u0131 olarak belirlendi. Y\u0131llar sonra ortaya \u00e7\u0131kan o\u011fluyla ilgili sosyal medyada Yal\u0131 \u00c7apk\u0131n\u0131 g\u00f6ndermesi g\u00fcndemi sallad\u0131.<\/p>\n","protected":false},"author":10,"featured_media":123566,"comment_status":"closed","ping_status":"closed","sticky":false,"template":"","format":"standard","meta":{"rank_math_lock_modified_date":false,"footnotes":""},"categories":[76],"tags":[3431,8574,8573],"class_list":["post-123564","post","type-post","status-publish","format-standard","has-post-thumbnail","hentry","category-magazin","tag-haci-sabanci","tag-haci-sabanci-yali-capkini","tag-yali-capkini-dizisi"],"_links":{"self":[{"href":"https:\/\/www.tgrthaber.com\/mavikadin\/wp-json\/wp\/v2\/posts\/123564"}],"collection":[{"href":"https:\/\/www.tgrthaber.com\/mavikadin\/wp-json\/wp\/v2\/posts"}],"about":[{"href":"https:\/\/www.tgrthaber.com\/mavikadin\/wp-json\/wp\/v2\/types\/post"}],"author":[{"embeddable":true,"href":"https:\/\/www.tgrthaber.com\/mavikadin\/wp-json\/wp\/v2\/users\/10"}],"replies":[{"embeddable":true,"href":"https:\/\/www.tgrthaber.com\/mavikadin\/wp-json\/wp\/v2\/comments?post=123564"}],"version-history":[{"count":1,"href":"https:\/\/www.tgrthaber.com\/mavikadin\/wp-json\/wp\/v2\/posts\/123564\/revisions"}],"predecessor-version":[{"id":123567,"href":"https:\/\/www.tgrthaber.com\/mavikadin\/wp-json\/wp\/v2\/posts\/123564\/revisions\/123567"}],"wp:featuredmedia":[{"embeddable":true,"href":"https:\/\/www.tgrthaber.com\/mavikadin\/wp-json\/wp\/v2\/media\/123566"}],"wp:attachment":[{"href":"https:\/\/www.tgrthaber.com\/mavikadin\/wp-json\/wp\/v2\/media?parent=123564"}],"wp:term":[{"taxonomy":"category","embeddable":true,"href":"https:\/\/www.tgrthaber.com\/mavikadin\/wp-json\/wp\/v2\/categories?post=123564"},{"taxonomy":"post_tag","embeddable":true,"href":"https:\/\/www.tgrthaber.com\/mavikadin\/wp-json\/wp\/v2\/tags?post=123564"}],"curies":[{"name":"wp","href":"https:\/\/api.w.org\/{rel}","templated":true}]}}