{"id":123607,"date":"2025-01-20T10:34:35","date_gmt":"2025-01-20T07:34:35","guid":{"rendered":"https:\/\/www.tgrthaber.com\/mavikadin\/?p=123607"},"modified":"2025-01-26T09:41:26","modified_gmt":"2025-01-26T06:41:26","slug":"deha-dizisinin-yeni-basrol-oyuncusu-begenilmedi-imre-karakteri-esmenin-yerini-tutmadi","status":"publish","type":"post","link":"https:\/\/www.tgrthaber.com\/mavikadin\/deha-dizisinin-yeni-basrol-oyuncusu-begenilmedi-imre-karakteri-esmenin-yerini-tutmadi\/","title":{"rendered":"Deha dizisinin yeni ba\u015frol oyuncusu be\u011fenilmedi! \u0130mre karakteri Esme\u2019nin yerini tutmad\u0131"},"content":{"rendered":"<p>Show TV ekranlar\u0131n\u0131n sevilen dizisi \u201cDeha\u201dda s\u00fcrpriz bir ayr\u0131l\u0131k ya\u015fand\u0131. Esme karakterinde rol oynayan ba\u015far\u0131l\u0131 oyuncu Ahsen Ero\u011flu, dizinin yay\u0131nlanan son b\u00f6l\u00fcm\u00fcnde seyirciye veda etti. Dizinin bir di\u011fer ba\u015far\u0131l\u0131 oyuncusu, \u0130mre karakterinde rol oynayan Melis Sezen ise Deha\u2019n\u0131n yeni ba\u015frol oyuncusu oldu. Esme\u2019nin yerine \u0130mre karakterinin gelmesi sosyal medyada tart\u0131\u015fmalara sebep oldu. \u0130mre karakteri, Esme\u2019nin yerini tutmad\u0131. Dizinin yeni ba\u015frol oyuncusu be\u011fenilmedi.<\/p>\n<hr \/>\n<h3>DEHA D\u0130Z\u0130S\u0130N\u0130N YEN\u0130 BA\u015eROL OYUNCUSU BE\u011eEN\u0130LMED\u0130!<\/h3>\n<p>Show TV ekranlar\u0131n\u0131n reyting canavar\u0131 dizisi Deha, yay\u0131nland\u0131\u011f\u0131 g\u00fcnden bu yana izleyiciyi ekran ba\u015f\u0131na kilitlemeyi ba\u015fard\u0131. Hem konusu hem de g\u00fc\u00e7l\u00fc oyuncu kadrosuyla dikkatleri \u00fczerine \u00e7eken dizi yo\u011fun bir ilgiyle izlenmeye devam ediyor. Pazar ak\u015famlar\u0131 seyirci ile bulu\u015fan dizinin son b\u00f6l\u00fcm\u00fcnde s\u00fcrpriz bir ayr\u0131l\u0131k ya\u015fand\u0131. Esme karakterinde rol oynayan Ahsen Ero\u011flu, diziye veda etti. Esme karakterinin s\u00fcrpriz ayr\u0131l\u0131\u011f\u0131 seyirciyi \u00fczerken, Esme\u2019nin yeri \u0130mre karakterinde rol oynayan Melis Sezen\u2019e kald\u0131.<\/p>\n<p><img loading=\"lazy\" decoding=\"async\" class=\"alignnone wp-image-123610\" src=\"https:\/\/www.tgrthaber.com\/mavikadin\/wp-content\/uploads\/Deha-Esme-veda-8-1024x576.jpg\" alt=\"Deha dizisinin yeni ba\u015frol oyuncusu be\u011fenilmedi! \" width=\"1208\" height=\"680\" title=\"\" srcset=\"https:\/\/www.tgrthaber.com\/mavikadin\/wp-content\/uploads\/Deha-Esme-veda-8-1024x576.jpg 1024w, https:\/\/www.tgrthaber.com\/mavikadin\/wp-content\/uploads\/Deha-Esme-veda-8-300x169.jpg 300w, https:\/\/www.tgrthaber.com\/mavikadin\/wp-content\/uploads\/Deha-Esme-veda-8-768x432.jpg 768w, https:\/\/www.tgrthaber.com\/mavikadin\/wp-content\/uploads\/Deha-Esme-veda-8-1536x864.jpg 1536w, https:\/\/www.tgrthaber.com\/mavikadin\/wp-content\/uploads\/Deha-Esme-veda-8.jpg 1600w\" sizes=\"(max-width: 1208px) 100vw, 1208px\" \/><\/p>\n<hr \/>\n<p>Esme karakterinde rol oynayan Ahsen Ero\u011flu, dizinin ge\u00e7ti\u011fimiz ak\u015fam yay\u0131nlanan son b\u00f6l\u00fcm\u00fcnde ekranlara ve izleyiciye veda etti. Esme karakteriyle b\u00fcy\u00fck bir be\u011feni toplayan Ero\u011flu\u2019nun ayr\u0131l\u0131\u011f\u0131 seyirciyi derinden \u00fczd\u00fc. Dizide \u0130mre karakterinde rol oynayan ba\u015far\u0131l\u0131 oyuncu Melis Sezen ise Deha dizisinin yeni ba\u015frol oyuncusu oldu. \u0130mre karakterinin Esme\u2019nin yerini dolduracak olmas\u0131 sosyal medyada tart\u0131\u015fmalara yol a\u00e7t\u0131. \u0130mre karakteri, Esme\u2019nin yerini tutmad\u0131. Seyirci dizinin yeni ba\u015frol oyuncusunu be\u011fenmedi.<\/p>\n<p><img loading=\"lazy\" decoding=\"async\" class=\"alignnone wp-image-123611\" src=\"https:\/\/www.tgrthaber.com\/mavikadin\/wp-content\/uploads\/Deha-Esme-veda-6-1024x576.jpg\" alt=\"Deha dizisinin yeni ba\u015frol oyuncusu be\u011fenilmedi! \" width=\"1208\" height=\"680\" title=\"\" srcset=\"https:\/\/www.tgrthaber.com\/mavikadin\/wp-content\/uploads\/Deha-Esme-veda-6-1024x576.jpg 1024w, https:\/\/www.tgrthaber.com\/mavikadin\/wp-content\/uploads\/Deha-Esme-veda-6-300x169.jpg 300w, https:\/\/www.tgrthaber.com\/mavikadin\/wp-content\/uploads\/Deha-Esme-veda-6-768x432.jpg 768w, https:\/\/www.tgrthaber.com\/mavikadin\/wp-content\/uploads\/Deha-Esme-veda-6-1536x864.jpg 1536w, https:\/\/www.tgrthaber.com\/mavikadin\/wp-content\/uploads\/Deha-Esme-veda-6.jpg 1600w\" sizes=\"(max-width: 1208px) 100vw, 1208px\" \/><\/p>\n<hr \/>\n<h3>\u0130MRE KARAKTER\u0130 ESME\u2019N\u0130N YER\u0130N\u0130 TUTMADI!<\/h3>\n<p>Deha dizi yay\u0131nland\u0131\u011f\u0131 g\u00fcnden bu yana b\u00fcy\u00fck bir be\u011feni ile takip edilmeye devam ediyor.\u00a0 Fakat dizinin son b\u00f6l\u00fcm\u00fcnde ya\u015fanan ayr\u0131l\u0131k ise seyirciyi derinden \u00fczd\u00fc. Ba\u015far\u0131l\u0131 oyunculu\u011fuyla ad\u0131ndan s\u00f6z ettiren Ahsen Ero\u011flu, Deha dizisinde rol ald\u0131\u011f\u0131 \u201cEsme\u201d karakterine d\u00fcn ak\u015famki yeni b\u00f6l\u00fcmde veda etti. Esme\u2019nin duygusal vedas\u0131 t\u00fcm seyirciyi derinden etkilerken, \u0130mre karakterinin Esme\u2019nin yerini dolduracak olmas\u0131 izleyicileri k\u0131zd\u0131rd\u0131.<\/p>\n<p><img loading=\"lazy\" decoding=\"async\" class=\"alignnone wp-image-123612\" src=\"https:\/\/www.tgrthaber.com\/mavikadin\/wp-content\/uploads\/Deha-Esme-veda-7-1024x576.jpg\" alt=\"Deha dizisinin yeni ba\u015frol oyuncusu be\u011fenilmedi! \" width=\"1208\" height=\"680\" title=\"\" srcset=\"https:\/\/www.tgrthaber.com\/mavikadin\/wp-content\/uploads\/Deha-Esme-veda-7-1024x576.jpg 1024w, https:\/\/www.tgrthaber.com\/mavikadin\/wp-content\/uploads\/Deha-Esme-veda-7-300x169.jpg 300w, https:\/\/www.tgrthaber.com\/mavikadin\/wp-content\/uploads\/Deha-Esme-veda-7-768x432.jpg 768w, https:\/\/www.tgrthaber.com\/mavikadin\/wp-content\/uploads\/Deha-Esme-veda-7-1536x864.jpg 1536w, https:\/\/www.tgrthaber.com\/mavikadin\/wp-content\/uploads\/Deha-Esme-veda-7.jpg 1600w\" sizes=\"(max-width: 1208px) 100vw, 1208px\" \/><\/p>\n<hr \/>\n<p>Deha dizisinin izleyicileri ve sosyal medya kullan\u0131c\u0131lar\u0131 ikiye b\u00f6l\u00fcnd\u00fc. Esme karakterinin diziye veda etmesini sa\u00e7ma bulanlar\u0131n yan\u0131nda, Esme karakterini \u00e7ok pasif bulanlar da oldu. Deha dizisinin en \u00e7ok sevilen karakterleri aras\u0131nda bulunan Esme\u2019nin diziye veda etmesi bir\u00e7ok seyirciyi hayal k\u0131r\u0131kl\u0131\u011f\u0131na u\u011fratt\u0131. Devran karakterinin partneri olarak Esme\u2019nin gitmesine tepki g\u00f6steren izleyiciler \u0130mre\u2019nin Esme\u2019nin yerini dolduracak olmas\u0131na tepki g\u00f6sterdi. Sonu\u00e7 olarak \u0130mre karakteri, dizinin yeni ba\u015frol oyuncusu olsa da Esme\u2019nin yerini tutamad\u0131 ve seyirciden tam not alamad\u0131.<\/p>\n<p><img loading=\"lazy\" decoding=\"async\" class=\"alignnone wp-image-123614\" src=\"https:\/\/www.tgrthaber.com\/mavikadin\/wp-content\/uploads\/Deha-Esme-veda-1-1024x576.jpg\" alt=\"Deha dizisinin yeni ba\u015frol oyuncusu be\u011fenilmedi! \" width=\"1208\" height=\"680\" title=\"\" srcset=\"https:\/\/www.tgrthaber.com\/mavikadin\/wp-content\/uploads\/Deha-Esme-veda-1-1024x576.jpg 1024w, https:\/\/www.tgrthaber.com\/mavikadin\/wp-content\/uploads\/Deha-Esme-veda-1-300x169.jpg 300w, https:\/\/www.tgrthaber.com\/mavikadin\/wp-content\/uploads\/Deha-Esme-veda-1-768x432.jpg 768w, https:\/\/www.tgrthaber.com\/mavikadin\/wp-content\/uploads\/Deha-Esme-veda-1-1536x864.jpg 1536w, https:\/\/www.tgrthaber.com\/mavikadin\/wp-content\/uploads\/Deha-Esme-veda-1.jpg 1600w\" sizes=\"(max-width: 1208px) 100vw, 1208px\" \/><\/p>\n<hr \/>\n<h3>AHSEN ERO\u011eLU\u2019NUN DEHA VEDASI TEPK\u0130LERE NEDEN OLDU!<\/h3>\n<p>Pazar ak\u015famlar\u0131n\u0131n b\u00fcy\u00fck bir ilgiyle takip edilen dizisi Deha\u2019da ge\u00e7ti\u011fimiz ak\u015fam, \u00fcz\u00fcc\u00fc bir veda ya\u015fand\u0131. \u201cEsme\u201d karakterinde rol oynayan Ahsen Ero\u011flu, dizinin d\u00fcn ak\u015famki son b\u00f6l\u00fcm\u00fcnde hem diziye hem de izleyiciye veda etti. Esme\u2019nin s\u00fcrpriz ayr\u0131l\u0131\u011f\u0131 Deha izleyicilerini h\u00fcz\u00fcnlendirdi. Esme karakterinin diziye veda etmesi sosyal medyada tart\u0131\u015fmalara neden oldu. Deha dizisinin s\u0131k\u0131 takip\u00e7ileri sosyal medyada ikiye b\u00f6l\u00fcnd\u00fc.<\/p>\n<div style=\"width: 640px;\" class=\"wp-video\"><!--[if lt IE 9]><script>document.createElement('video');<\/script><![endif]-->\n<video class=\"wp-video-shortcode\" id=\"video-123607-1\" width=\"640\" height=\"360\" preload=\"metadata\" controls=\"controls\"><source type=\"video\/mp4\" src=\"https:\/\/www.tgrthaber.com\/mavikadin\/wp-content\/uploads\/Deha-Esme-veda.mp4?_=1\" \/><a href=\"https:\/\/www.tgrthaber.com\/mavikadin\/wp-content\/uploads\/Deha-Esme-veda.mp4\">https:\/\/www.tgrthaber.com\/mavikadin\/wp-content\/uploads\/Deha-Esme-veda.mp4<\/a><\/video><\/div>\n<p>Esme karakterini ba\u015far\u0131l\u0131 bir \u015fekilde oynayan Ahsen Ero\u011flu\u2019nun Deha dizisine veda etmesi bir\u00e7ok izleyiciyi hayal k\u0131r\u0131kl\u0131\u011f\u0131na u\u011fratt\u0131. Sosyal medyada tepkilere neden olan veda, izleyiciler taraf\u0131ndan ho\u015f kar\u015f\u0131lanmad\u0131. Sosyal medya kullan\u0131c\u0131lar\u0131 Ahsen Ero\u011flu\u2019nun rol ald\u0131\u011f\u0131 Esme karakterine veda etmesini do\u011fru bulmad\u0131. Sosyal medya kullan\u0131c\u0131lar\u0131 ve seyirciler Esme\u2019nin diziden ayr\u0131lmas\u0131 hakk\u0131nda, \u201c\u0130mre i\u00e7in Esme\u2019yi bitirdilerse \u00e7ok yaz\u0131k\u201d, \u201cAhsen Ero\u011flu\u2019nun gidi\u015fi izleyici i\u00e7in dizinin finaliydi\u201d, \u201cHi\u00e7 iyi olmad\u0131\u201d, \u201cBu nas\u0131l bir veda i\u00e7im gitti\u201d gibi yorumlarda bulundu.<\/p>\n","protected":false},"excerpt":{"rendered":"<p>Show TV ekranlar\u0131nda izleyici kar\u015f\u0131s\u0131na \u00e7\u0131kan \u201cDeha\u201d dizisinde s\u00fcrpriz bir ayr\u0131l\u0131k ya\u015fanm\u0131\u015ft\u0131. Esme karakterine can veren Ahsen Ero\u011flu dizinin yay\u0131nlanan son b\u00f6l\u00fcm\u00fcyle seyirciye veda etti. Dizide \u0130mre karakterine can veren Melis Sezen dizinin yeni ba\u015frol oyuncusu oldu. \u0130mre karakteri Esme\u2019nin yerini tutmad\u0131, dizinin yeni ba\u015frol oyuncusu be\u011fenilmedi.<\/p>\n","protected":false},"author":26,"featured_media":123609,"comment_status":"closed","ping_status":"closed","sticky":false,"template":"","format":"standard","meta":{"rank_math_lock_modified_date":false,"footnotes":""},"categories":[602],"tags":[8439,2186,2793,916],"class_list":["post-123607","post","type-post","status-publish","format-standard","has-post-thumbnail","hentry","category-diziler","tag-ahsen-ergolu-deha-veda","tag-ahsen-eroglu","tag-aras-bulut-iynemli","tag-devran"],"_links":{"self":[{"href":"https:\/\/www.tgrthaber.com\/mavikadin\/wp-json\/wp\/v2\/posts\/123607"}],"collection":[{"href":"https:\/\/www.tgrthaber.com\/mavikadin\/wp-json\/wp\/v2\/posts"}],"about":[{"href":"https:\/\/www.tgrthaber.com\/mavikadin\/wp-json\/wp\/v2\/types\/post"}],"author":[{"embeddable":true,"href":"https:\/\/www.tgrthaber.com\/mavikadin\/wp-json\/wp\/v2\/users\/26"}],"replies":[{"embeddable":true,"href":"https:\/\/www.tgrthaber.com\/mavikadin\/wp-json\/wp\/v2\/comments?post=123607"}],"version-history":[{"count":4,"href":"https:\/\/www.tgrthaber.com\/mavikadin\/wp-json\/wp\/v2\/posts\/123607\/revisions"}],"predecessor-version":[{"id":125895,"href":"https:\/\/www.tgrthaber.com\/mavikadin\/wp-json\/wp\/v2\/posts\/123607\/revisions\/125895"}],"wp:featuredmedia":[{"embeddable":true,"href":"https:\/\/www.tgrthaber.com\/mavikadin\/wp-json\/wp\/v2\/media\/123609"}],"wp:attachment":[{"href":"https:\/\/www.tgrthaber.com\/mavikadin\/wp-json\/wp\/v2\/media?parent=123607"}],"wp:term":[{"taxonomy":"category","embeddable":true,"href":"https:\/\/www.tgrthaber.com\/mavikadin\/wp-json\/wp\/v2\/categories?post=123607"},{"taxonomy":"post_tag","embeddable":true,"href":"https:\/\/www.tgrthaber.com\/mavikadin\/wp-json\/wp\/v2\/tags?post=123607"}],"curies":[{"name":"wp","href":"https:\/\/api.w.org\/{rel}","templated":true}]}}