{"id":123634,"date":"2025-01-20T12:32:17","date_gmt":"2025-01-20T09:32:17","guid":{"rendered":"https:\/\/www.tgrthaber.com\/mavikadin\/?p=123634"},"modified":"2025-01-20T12:38:24","modified_gmt":"2025-01-20T09:38:24","slug":"seyma-subasindan-evlilik-hakkinda-soke-eden-aciklama-evliyim","status":"publish","type":"post","link":"https:\/\/www.tgrthaber.com\/mavikadin\/seyma-subasindan-evlilik-hakkinda-soke-eden-aciklama-evliyim\/","title":{"rendered":"\u015eeyma Suba\u015f\u0131\u2019ndan evlilik hakk\u0131nda \u015foke eden a\u00e7\u0131klama! \u201cEvliyim\u201d"},"content":{"rendered":"<p>Sosyal medya payla\u015f\u0131mlar\u0131yla ad\u0131ndan s\u0131k s\u0131k s\u00f6z ettiren \u015eeyma Suba\u015f\u0131, bu kez YouTube kanal\u0131nda yapt\u0131\u011f\u0131 a\u00e7\u0131klamalarla dikkatleri \u00fczerine \u00e7ekti. Suba\u015f\u0131\u2019n\u0131n evlilik hakk\u0131nda yapt\u0131\u011f\u0131 a\u00e7\u0131klamalar herkesi \u015foke etti. Yeni bir a\u015fka yelken a\u00e7an Suba\u015f\u0131, sevgilisiyle ilgili \u00e7arp\u0131c\u0131 a\u00e7\u0131klamalarda bulundu. Peki, \u015eeyma Suba\u015f\u0131 evlilik hakk\u0131nda neler s\u00f6yledi? Bak\u0131n Suba\u015f\u0131, sevgilisi hakk\u0131nda neler s\u00f6yledi\u2026<\/p>\n<hr \/>\n<h3>\u015eEYMA SUBA\u015eI\u2019NDAN EVL\u0130L\u0130K HAKKINDA \u015eOKE EDEN A\u00c7IKLAMA!<\/h3>\n<p>\u00dcnl\u00fc i\u015f adam\u0131 Acun Il\u0131cal\u0131\u2019n\u0131n eski e\u015fi \u015eeyma Suba\u015f\u0131, gerek sosyal medya payla\u015f\u0131mlar\u0131yla gerek yapt\u0131\u011f\u0131 a\u00e7\u0131klamalarla sosyal medyan\u0131n g\u00fcndeminden d\u00fc\u015fm\u00fcyor. Yapt\u0131\u011f\u0131 her a\u00e7\u0131klama ile magazin d\u00fcnyas\u0131na bomba gibi oturan Suba\u015f\u0131, bu kez evlilik hakk\u0131nda yapt\u0131\u011f\u0131 a\u00e7\u0131klamalarla g\u00fcndem oldu. Suba\u015f\u0131, kendi Youtube kanal\u0131nda Elif Karaday\u0131\u2019n\u0131n sorular\u0131n\u0131 yan\u0131tlad\u0131. Suba\u015f\u0131, yapt\u0131\u011f\u0131 \u00e7arp\u0131c\u0131 a\u00e7\u0131klamalarla herkesi \u015foke etti.<\/p>\n<p><img loading=\"lazy\" decoding=\"async\" class=\"alignnone wp-image-123635\" src=\"https:\/\/www.tgrthaber.com\/mavikadin\/wp-content\/uploads\/Seyma-Subasi-9-1024x576.jpg\" alt=\"\u015eeyma Suba\u015f\u0131\u2019ndan evlilik hakk\u0131nda \u015foke eden a\u00e7\u0131klama! \" width=\"1208\" height=\"680\" title=\"\" srcset=\"https:\/\/www.tgrthaber.com\/mavikadin\/wp-content\/uploads\/Seyma-Subasi-9-1024x576.jpg 1024w, https:\/\/www.tgrthaber.com\/mavikadin\/wp-content\/uploads\/Seyma-Subasi-9-300x169.jpg 300w, https:\/\/www.tgrthaber.com\/mavikadin\/wp-content\/uploads\/Seyma-Subasi-9-768x432.jpg 768w, https:\/\/www.tgrthaber.com\/mavikadin\/wp-content\/uploads\/Seyma-Subasi-9-1536x864.jpg 1536w, https:\/\/www.tgrthaber.com\/mavikadin\/wp-content\/uploads\/Seyma-Subasi-9.jpg 1600w\" sizes=\"(max-width: 1208px) 100vw, 1208px\" \/><\/p>\n<hr \/>\n<p>\u00d6zel hayat\u0131 hakk\u0131nda \u00e7e\u015fitli a\u00e7\u0131klamalarda bulunan \u015eeyma Suba\u015f\u0131, a\u015fk itiraf\u0131yla da dikkatleri \u00fczerine \u00e7ekmeyi ba\u015fard\u0131. Bir s\u00fcredir 33 ya\u015f\u0131ndaki Brezilyal\u0131 model Marlon Teixeira ile a\u015fk ya\u015fayan Suba\u015f\u0131, sevgilisi hakk\u0131nda da \u00e7arp\u0131c\u0131 a\u00e7\u0131klamalarda bulundu. Bak\u0131n \u015eeyma Suba\u015f\u0131, sevgilisi ve evlilik hakk\u0131nda neler s\u00f6yledi\u2026<\/p>\n<h3>&#8220;RUHUM O K\u0130\u015e\u0130YLE EVL\u0130&#8221;<\/h3>\n<p>\u015eeyma Suba\u015f\u0131, kendi YouTube kanal\u0131nda Elif Karaday\u0131\u2019n\u0131n sorular\u0131n\u0131 yan\u0131tlad\u0131. Evlilik hakk\u0131nda \u00e7arp\u0131c\u0131 a\u00e7\u0131klamalarda bulunan Suba\u015f\u0131, \u201cBundan sonra evlilikmi\u015f, imza olaylar\u0131na falan inanm\u0131yorum demek istemeyece\u011fim. \u00c7\u00fcnk\u00fc yanl\u0131\u015f anla\u015f\u0131lacak. Evlilik, evliyim. Ruhum evli. O ki\u015fiyle ben evliyim \u015fu an. Ben \u00f6yle hissediyorum.\u201d \u015feklinde konu\u015ftu.<\/p>\n<p><img loading=\"lazy\" decoding=\"async\" class=\"alignnone wp-image-123636\" src=\"https:\/\/www.tgrthaber.com\/mavikadin\/wp-content\/uploads\/Seyma-Subasi-11-1024x576.jpg\" alt=\"\u015eeyma Suba\u015f\u0131\u2019ndan evlilik hakk\u0131nda \u015foke eden a\u00e7\u0131klama! \" width=\"1208\" height=\"680\" title=\"\" srcset=\"https:\/\/www.tgrthaber.com\/mavikadin\/wp-content\/uploads\/Seyma-Subasi-11-1024x576.jpg 1024w, https:\/\/www.tgrthaber.com\/mavikadin\/wp-content\/uploads\/Seyma-Subasi-11-300x169.jpg 300w, https:\/\/www.tgrthaber.com\/mavikadin\/wp-content\/uploads\/Seyma-Subasi-11-768x432.jpg 768w, https:\/\/www.tgrthaber.com\/mavikadin\/wp-content\/uploads\/Seyma-Subasi-11-1536x864.jpg 1536w, https:\/\/www.tgrthaber.com\/mavikadin\/wp-content\/uploads\/Seyma-Subasi-11.jpg 1600w\" sizes=\"(max-width: 1208px) 100vw, 1208px\" \/><\/p>\n<hr \/>\n<p>\u015eeyma Suba\u015f\u0131, Elif Karaday\u0131\u2019n\u0131n \u201cKa\u00e7 kere a\u015f\u0131k oldun?\u201d sorusu kar\u015f\u0131s\u0131nda ise, \u201cBir kere \u00e7ok a\u015f\u0131k oldum. O y\u00fczden Melisa oldu. Bir de di\u011ferlerine a\u015f\u0131k oldu\u011fumu sand\u0131m ama s\u0131f\u0131r.\u201d ifadelerine yer verdi.<\/p>\n<p><img loading=\"lazy\" decoding=\"async\" class=\"alignnone wp-image-123639\" src=\"https:\/\/www.tgrthaber.com\/mavikadin\/wp-content\/uploads\/Seyma-Subasi-1-1024x576.jpg\" alt=\"\u015eeyma Suba\u015f\u0131\u2019ndan evlilik hakk\u0131nda \u015foke eden a\u00e7\u0131klama! \" width=\"1208\" height=\"680\" title=\"\" srcset=\"https:\/\/www.tgrthaber.com\/mavikadin\/wp-content\/uploads\/Seyma-Subasi-1-1024x576.jpg 1024w, https:\/\/www.tgrthaber.com\/mavikadin\/wp-content\/uploads\/Seyma-Subasi-1-300x169.jpg 300w, https:\/\/www.tgrthaber.com\/mavikadin\/wp-content\/uploads\/Seyma-Subasi-1-768x432.jpg 768w, https:\/\/www.tgrthaber.com\/mavikadin\/wp-content\/uploads\/Seyma-Subasi-1-1536x864.jpg 1536w, https:\/\/www.tgrthaber.com\/mavikadin\/wp-content\/uploads\/Seyma-Subasi-1.jpg 1600w\" sizes=\"(max-width: 1208px) 100vw, 1208px\" \/><\/p>\n<hr \/>\n<h3>\u201cHAYATIMDA B\u0130R\u0130 VAR\u201d<\/h3>\n<p>Yeni bir a\u015fka yelken a\u00e7an \u015eeyma Suba\u015f\u0131, sevgilisi hakk\u0131nda da \u00e7arp\u0131c\u0131 a\u00e7\u0131klamalarda bulundu. Suba\u015f\u0131 sevgilisi hakk\u0131nda: \u201cHayat\u0131mda biri var ki, hayat\u0131m\u0131n sonuna kadar tutaca\u011f\u0131m bence o ki\u015fiyi. O y\u00fczden diyorum huzur i\u00e7erisinde \u00f6lebilirim. Brezilyal\u0131 kendisi.\u00a0Benim hayat\u0131mda evlilik \u015fu an yok. Ruhum o ki\u015fiyle evli. Yeni a\u015fk bana kendimi daha fazla sevdirtiyor. Ben beni onda g\u00f6r\u00fcyorum, kendime bak\u0131yor gibi oluyorum.\u201d a\u00e7\u0131klamalar\u0131na yer verdi.<\/p>\n<p><img loading=\"lazy\" decoding=\"async\" class=\"alignnone wp-image-123637\" src=\"https:\/\/www.tgrthaber.com\/mavikadin\/wp-content\/uploads\/Seyma-Subasi-8-1024x576.jpg\" alt=\"\u015eeyma Suba\u015f\u0131\u2019ndan evlilik hakk\u0131nda \u015foke eden a\u00e7\u0131klama! \" width=\"1208\" height=\"680\" title=\"\" srcset=\"https:\/\/www.tgrthaber.com\/mavikadin\/wp-content\/uploads\/Seyma-Subasi-8-1024x576.jpg 1024w, https:\/\/www.tgrthaber.com\/mavikadin\/wp-content\/uploads\/Seyma-Subasi-8-300x169.jpg 300w, https:\/\/www.tgrthaber.com\/mavikadin\/wp-content\/uploads\/Seyma-Subasi-8-768x432.jpg 768w, https:\/\/www.tgrthaber.com\/mavikadin\/wp-content\/uploads\/Seyma-Subasi-8-1536x864.jpg 1536w, https:\/\/www.tgrthaber.com\/mavikadin\/wp-content\/uploads\/Seyma-Subasi-8.jpg 1600w\" sizes=\"(max-width: 1208px) 100vw, 1208px\" \/><\/p>\n<hr \/>\n<p>\u015eeyma Suba\u015f\u0131, bir s\u00fcredir a\u015fk ya\u015fad\u0131\u011f\u0131 Brezilyal\u0131 sevgilisi model Marlon Teixeira\u2019ya olan a\u015fk\u0131n\u0131 YouTube kanal\u0131nda a\u00e7\u0131klad\u0131. Suba\u015f\u0131, art\u0131k evlili\u011fe inanmad\u0131\u011f\u0131n\u0131 belirterek ruhunun evli oldu\u011funu dile getirdi.<\/p>\n","protected":false},"excerpt":{"rendered":"<p>Yapt\u0131\u011f\u0131 a\u00e7\u0131klamalarla dikkat \u00e7eken \u015eeyma Suba\u015f\u0131, YouTube program\u0131nda \u00e7arp\u0131c\u0131 a\u00e7\u0131klamalarda bulundu. Bak\u0131n Suba\u015f\u0131, evlilik hakk\u0131nda neler s\u00f6yledi\u2026 <\/p>\n","protected":false},"author":26,"featured_media":123638,"comment_status":"closed","ping_status":"closed","sticky":false,"template":"","format":"standard","meta":{"rank_math_lock_modified_date":false,"footnotes":""},"categories":[76],"tags":[2250,2249],"class_list":["post-123634","post","type-post","status-publish","format-standard","has-post-thumbnail","hentry","category-magazin","tag-marlon-teixeira","tag-seyma-subasi"],"_links":{"self":[{"href":"https:\/\/www.tgrthaber.com\/mavikadin\/wp-json\/wp\/v2\/posts\/123634"}],"collection":[{"href":"https:\/\/www.tgrthaber.com\/mavikadin\/wp-json\/wp\/v2\/posts"}],"about":[{"href":"https:\/\/www.tgrthaber.com\/mavikadin\/wp-json\/wp\/v2\/types\/post"}],"author":[{"embeddable":true,"href":"https:\/\/www.tgrthaber.com\/mavikadin\/wp-json\/wp\/v2\/users\/26"}],"replies":[{"embeddable":true,"href":"https:\/\/www.tgrthaber.com\/mavikadin\/wp-json\/wp\/v2\/comments?post=123634"}],"version-history":[{"count":2,"href":"https:\/\/www.tgrthaber.com\/mavikadin\/wp-json\/wp\/v2\/posts\/123634\/revisions"}],"predecessor-version":[{"id":123641,"href":"https:\/\/www.tgrthaber.com\/mavikadin\/wp-json\/wp\/v2\/posts\/123634\/revisions\/123641"}],"wp:featuredmedia":[{"embeddable":true,"href":"https:\/\/www.tgrthaber.com\/mavikadin\/wp-json\/wp\/v2\/media\/123638"}],"wp:attachment":[{"href":"https:\/\/www.tgrthaber.com\/mavikadin\/wp-json\/wp\/v2\/media?parent=123634"}],"wp:term":[{"taxonomy":"category","embeddable":true,"href":"https:\/\/www.tgrthaber.com\/mavikadin\/wp-json\/wp\/v2\/categories?post=123634"},{"taxonomy":"post_tag","embeddable":true,"href":"https:\/\/www.tgrthaber.com\/mavikadin\/wp-json\/wp\/v2\/tags?post=123634"}],"curies":[{"name":"wp","href":"https:\/\/api.w.org\/{rel}","templated":true}]}}