{"id":123649,"date":"2025-01-20T13:21:52","date_gmt":"2025-01-20T10:21:52","guid":{"rendered":"https:\/\/www.tgrthaber.com\/mavikadin\/?p=123649"},"modified":"2025-01-20T13:22:50","modified_gmt":"2025-01-20T10:22:50","slug":"derya-alaboradan-yali-capkini-aciklamasi-mert-ramazan-demirin-kendisini-beklettigi-iddialarina-yanit-verdi","status":"publish","type":"post","link":"https:\/\/www.tgrthaber.com\/mavikadin\/derya-alaboradan-yali-capkini-aciklamasi-mert-ramazan-demirin-kendisini-beklettigi-iddialarina-yanit-verdi\/","title":{"rendered":"Derya Alabora\u2019dan Yal\u0131 \u00c7apk\u0131n\u0131 a\u00e7\u0131klamas\u0131! Mert Ramazan Demir\u2019in kendisini bekletti\u011fi iddialar\u0131na yan\u0131t verdi"},"content":{"rendered":"<p>Star TV ekranlar\u0131n\u0131n sevilen dizisi Yal\u0131 \u00c7apk\u0131n\u0131, t\u00fcm h\u0131z\u0131yla seyirci ile bulu\u015fmaya devam ediyor. B\u00fcy\u00fck bir izleyici kitlesine sahip olan Yal\u0131 \u00c7apk\u0131n\u0131 dizisine k\u0131sa bir s\u00fcre \u00f6nce veda eden Derya Alabora, Mert Ramazan Demir\u2019in kendisini bekletti\u011fi y\u00f6n\u00fcndeki iddialara yan\u0131t verdi. Gazetecilerin sorular\u0131n\u0131 yan\u0131tlayan Alabora, bak\u0131n Mert Ramazan Demir hakk\u0131nda neler s\u00f6yledi\u2026<\/p>\n<hr \/>\n<h3>DERYA ALABORA\u2019DAN YALI \u00c7APKINI A\u00c7IKLAMASI!<\/h3>\n<p>Cuma ak\u015famlar\u0131n\u0131n reyting canavar\u0131 dizisi Yal\u0131 \u00c7apk\u0131n\u0131\u2019ndan bir s\u00fcre \u00f6nce ayr\u0131lan ba\u015far\u0131l\u0131 oyuncu Derya Alabora, muhabirlerin sorular\u0131n\u0131 yan\u0131tlad\u0131. Ge\u00e7ti\u011fimiz ak\u015fam \u201cGece Diyar\u0131\u201d adl\u0131 tiyatro oyununun galas\u0131nda g\u00f6r\u00fcnt\u00fclenen Alabora, Yal\u0131 \u00c7apk\u0131n\u0131 hakk\u0131nda \u00e7e\u015fitli a\u00e7\u0131klamalarda bulundu.<\/p>\n<p><img loading=\"lazy\" decoding=\"async\" class=\"alignnone wp-image-123650\" src=\"https:\/\/www.tgrthaber.com\/mavikadin\/wp-content\/uploads\/Adsiz-tasarim-10-28-1024x576.jpg\" alt=\"Derya Alabora\u2019dan Yal\u0131 \u00c7apk\u0131n\u0131 a\u00e7\u0131klamas\u0131! \" width=\"1208\" height=\"680\" title=\"\" srcset=\"https:\/\/www.tgrthaber.com\/mavikadin\/wp-content\/uploads\/Adsiz-tasarim-10-28-1024x576.jpg 1024w, https:\/\/www.tgrthaber.com\/mavikadin\/wp-content\/uploads\/Adsiz-tasarim-10-28-300x169.jpg 300w, https:\/\/www.tgrthaber.com\/mavikadin\/wp-content\/uploads\/Adsiz-tasarim-10-28-768x432.jpg 768w, https:\/\/www.tgrthaber.com\/mavikadin\/wp-content\/uploads\/Adsiz-tasarim-10-28-1536x864.jpg 1536w, https:\/\/www.tgrthaber.com\/mavikadin\/wp-content\/uploads\/Adsiz-tasarim-10-28.jpg 1600w\" sizes=\"(max-width: 1208px) 100vw, 1208px\" \/><\/p>\n<hr \/>\n<p>Yal\u0131 \u00c7apk\u0131n\u0131 dizisindeki rol\u00fc pek de uzun s\u00fcrmeyen Alabora, gazetecilerin sorular\u0131na cevap verdi. Kat\u0131ld\u0131\u011f\u0131 davette gazetecilerin sorular\u0131n\u0131 yan\u0131tlayan Derya Alabora, \u201cBiz \u00e7\u0131kt\u0131k art\u0131k Yal\u0131 \u00c7apk\u0131n\u0131\u2019ndan. Bizim hikayemiz bitti. Yeni Yal\u0131 \u00c7apk\u0131nlar\u0131\u2019na diyoruz.\u201d ifadelerini kulland\u0131.<\/p>\n<p><img loading=\"lazy\" decoding=\"async\" class=\"alignnone wp-image-123653\" src=\"https:\/\/www.tgrthaber.com\/mavikadin\/wp-content\/uploads\/Adsiz-tasarim-19-25-1024x576.jpg\" alt=\"Mert Ramazan Demir\u2019in kendisini bekletti\u011fi iddialar\u0131na yan\u0131t verdi\" width=\"1208\" height=\"680\" title=\"\" srcset=\"https:\/\/www.tgrthaber.com\/mavikadin\/wp-content\/uploads\/Adsiz-tasarim-19-25-1024x576.jpg 1024w, https:\/\/www.tgrthaber.com\/mavikadin\/wp-content\/uploads\/Adsiz-tasarim-19-25-300x169.jpg 300w, https:\/\/www.tgrthaber.com\/mavikadin\/wp-content\/uploads\/Adsiz-tasarim-19-25-768x432.jpg 768w, https:\/\/www.tgrthaber.com\/mavikadin\/wp-content\/uploads\/Adsiz-tasarim-19-25-1536x864.jpg 1536w, https:\/\/www.tgrthaber.com\/mavikadin\/wp-content\/uploads\/Adsiz-tasarim-19-25.jpg 1600w\" sizes=\"(max-width: 1208px) 100vw, 1208px\" \/><\/p>\n<hr \/>\n<h3>MERT RAMAZAN DEM\u0130R\u2019\u0130N KEND\u0130S\u0130N\u0130 BEKLETT\u0130\u011e\u0130 \u0130DD\u0130ALARINA YANIT VERD\u0130!<\/h3>\n<p>Ge\u00e7ti\u011fimiz ak\u015fam Gece Diyar\u0131 adl\u0131 tiyatro oyununun galas\u0131na kat\u0131lan Derya Alabora, muhabirlerin sorular\u0131n\u0131 yan\u0131ts\u0131z b\u0131rakmad\u0131. Yal\u0131 \u00c7apk\u0131n\u0131 dizisi hakk\u0131nda \u00e7e\u015fitli a\u00e7\u0131klamalarda bulunan Alabora, Mert Ramazan Demir\u2019in kendisini bekletti\u011fi y\u00f6n\u00fcndeki iddialara da yan\u0131t verdi.<\/p>\n<div style=\"width: 640px;\" class=\"wp-video\"><!--[if lt IE 9]><script>document.createElement('video');<\/script><![endif]-->\n<video class=\"wp-video-shortcode\" id=\"video-123649-1\" width=\"640\" height=\"640\" preload=\"metadata\" controls=\"controls\"><source type=\"video\/mp4\" src=\"https:\/\/www.tgrthaber.com\/mavikadin\/wp-content\/uploads\/Kahverengi-Sade-Zarif-Kucuk-Isletme-Kuafor-Instagram-Video-23.mp4?_=1\" \/><a href=\"https:\/\/www.tgrthaber.com\/mavikadin\/wp-content\/uploads\/Kahverengi-Sade-Zarif-Kucuk-Isletme-Kuafor-Instagram-Video-23.mp4\">https:\/\/www.tgrthaber.com\/mavikadin\/wp-content\/uploads\/Kahverengi-Sade-Zarif-Kucuk-Isletme-Kuafor-Instagram-Video-23.mp4<\/a><\/video><\/div>\n<hr \/>\n<p>Muhabirlerin, \u201cSette baz\u0131 anla\u015fmazl\u0131klar oldu\u011funu duyduk, Mert Ramazan Demir ile sizin aran\u0131zda\u201d sorular\u0131 kar\u015f\u0131s\u0131nda Derya Alabora, \u201cHay\u0131r asla b\u00f6yle bir \u015fey yok. Hi\u00e7 \u00f6yle bir \u015fey olmad\u0131. Neden \u00e7ocuk beni beklesin can\u0131m, b\u00f6yle bir \u015fey olabilir mi? A\u015fk olsun. Ben bekletilecek bir kad\u0131n m\u0131y\u0131m? \u00d6yle bir \u015fey var m\u0131? Sen beni bekletir misin? Hay\u0131r. O zaman Mert bekletir mi? Hay\u0131r asla bekletmez. O zaman demek ki dedikodu.\u201d ifadelerine yer verdi.<\/p>\n","protected":false},"excerpt":{"rendered":"<p>Star TV ekranlar\u0131nda izleyici kar\u015f\u0131s\u0131na \u00e7\u0131kan Yal\u0131 \u00c7apk\u0131n\u0131 dizisine bir s\u00fcre \u00f6nce veda eden Derya Alabora, Yal\u0131 \u00c7apk\u0131n\u0131 dizisinin setinde Mert Ramazan Demir\u2019in kendisini bekletti\u011fi y\u00f6n\u00fcndeki iddialara yan\u0131t verdi. \u0130\u015fte detaylar\u2026 <\/p>\n","protected":false},"author":26,"featured_media":123651,"comment_status":"closed","ping_status":"closed","sticky":false,"template":"","format":"standard","meta":{"rank_math_lock_modified_date":false,"footnotes":""},"categories":[76],"tags":[8585,2779,2505],"class_list":["post-123649","post","type-post","status-publish","format-standard","has-post-thumbnail","hentry","category-magazin","tag-derya-alabora","tag-mert-ramazan-demir","tag-yali-capkini"],"_links":{"self":[{"href":"https:\/\/www.tgrthaber.com\/mavikadin\/wp-json\/wp\/v2\/posts\/123649"}],"collection":[{"href":"https:\/\/www.tgrthaber.com\/mavikadin\/wp-json\/wp\/v2\/posts"}],"about":[{"href":"https:\/\/www.tgrthaber.com\/mavikadin\/wp-json\/wp\/v2\/types\/post"}],"author":[{"embeddable":true,"href":"https:\/\/www.tgrthaber.com\/mavikadin\/wp-json\/wp\/v2\/users\/26"}],"replies":[{"embeddable":true,"href":"https:\/\/www.tgrthaber.com\/mavikadin\/wp-json\/wp\/v2\/comments?post=123649"}],"version-history":[{"count":2,"href":"https:\/\/www.tgrthaber.com\/mavikadin\/wp-json\/wp\/v2\/posts\/123649\/revisions"}],"predecessor-version":[{"id":123655,"href":"https:\/\/www.tgrthaber.com\/mavikadin\/wp-json\/wp\/v2\/posts\/123649\/revisions\/123655"}],"wp:featuredmedia":[{"embeddable":true,"href":"https:\/\/www.tgrthaber.com\/mavikadin\/wp-json\/wp\/v2\/media\/123651"}],"wp:attachment":[{"href":"https:\/\/www.tgrthaber.com\/mavikadin\/wp-json\/wp\/v2\/media?parent=123649"}],"wp:term":[{"taxonomy":"category","embeddable":true,"href":"https:\/\/www.tgrthaber.com\/mavikadin\/wp-json\/wp\/v2\/categories?post=123649"},{"taxonomy":"post_tag","embeddable":true,"href":"https:\/\/www.tgrthaber.com\/mavikadin\/wp-json\/wp\/v2\/tags?post=123649"}],"curies":[{"name":"wp","href":"https:\/\/api.w.org\/{rel}","templated":true}]}}