{"id":123765,"date":"2025-01-20T19:44:31","date_gmt":"2025-01-20T16:44:31","guid":{"rendered":"https:\/\/www.tgrthaber.com\/mavikadin\/?p=123765"},"modified":"2025-01-20T19:48:56","modified_gmt":"2025-01-20T16:48:56","slug":"survivor-2025te-gozyaslari-sel-oldu-yarismacilar-cocuklariyla-gorustu-duygusal-anlar-yasandi","status":"publish","type":"post","link":"https:\/\/www.tgrthaber.com\/mavikadin\/survivor-2025te-gozyaslari-sel-oldu-yarismacilar-cocuklariyla-gorustu-duygusal-anlar-yasandi\/","title":{"rendered":"Survivor 2025&#8217;te g\u00f6zya\u015flar\u0131 sel oldu! Yar\u0131\u015fmac\u0131lar \u00e7ocuklar\u0131yla g\u00f6r\u00fc\u015ft\u00fc duygusal anlar ya\u015fand\u0131!"},"content":{"rendered":"<p class=\"p1\">Survivor 2025\u2019in son b\u00f6l\u00fcm\u00fc izleyicilere duygu dolu anlar ya\u015fatt\u0131. Zorlu parkurlarda k\u0131yas\u0131ya m\u00fccadele eden yar\u0131\u015fmac\u0131lar, \u00f6zel izinle aileleriyle g\u00f6r\u00fcnt\u00fcl\u00fc konu\u015fma f\u0131rsat\u0131 yakalay\u0131nca g\u00f6zya\u015flar\u0131na hakim olamad\u0131. Haftalard\u0131r sevdiklerinden uzak kalan yar\u0131\u015fmac\u0131lar, \u00e7ocuklar\u0131yla hasret giderirken duygusal anlar ya\u015fad\u0131.<\/p>\n<h3>SURV\u0130VOR 2025&#8217;TE\u00a0 YARI\u015eMACILAR \u00c7OCUKLARIYLA G\u00d6R\u00dc\u015eT\u00dc, G\u00d6ZYA\u015eLARI SEL OLDU!<\/h3>\n<p class=\"p1\">Survivor 2025\u2019in son b\u00f6l\u00fcm\u00fc izleyicilere unutulmaz anlar ya\u015fatt\u0131. Yar\u0131\u015fmac\u0131lar, zorlu parkurlarda k\u0131yas\u0131ya m\u00fccadele ederken, \u00f6zel bir izinle aileleriyle g\u00f6r\u00fcnt\u00fcl\u00fc konu\u015fma f\u0131rsat\u0131 buldu. Haftalard\u0131r sevdiklerinden uzak kalan yar\u0131\u015fmac\u0131lar, \u00e7ocuklar\u0131yla hasret giderirken duygusal anlar ekranlara yans\u0131d\u0131. \u00c7ocuklar\u0131n\u0131 ekranda g\u00f6ren yar\u0131\u015fmac\u0131lar, g\u00f6zya\u015flar\u0131n\u0131 tutamad\u0131.<\/p>\n<p><img loading=\"lazy\" decoding=\"async\" class=\"alignnone wp-image-123767 \" src=\"https:\/\/www.tgrthaber.com\/mavikadin\/wp-content\/uploads\/Ekran-Resmi-2025-01-20-19.37.00.png\" alt=\"\" width=\"995\" height=\"740\" title=\"\" srcset=\"https:\/\/www.tgrthaber.com\/mavikadin\/wp-content\/uploads\/Ekran-Resmi-2025-01-20-19.37.00.png 718w, https:\/\/www.tgrthaber.com\/mavikadin\/wp-content\/uploads\/Ekran-Resmi-2025-01-20-19.37.00-300x223.png 300w\" sizes=\"(max-width: 995px) 100vw, 995px\" \/><\/p>\n<hr \/>\n<p class=\"p1\">Bu \u00f6zel anlarda, \u0130smail Balaban, Efecan, Sema, Meryem, Asena ve P\u0131nar \u00e7ocuklar\u0131yla duygusal anlar ya\u015fad\u0131. Sevdikleriyle bulu\u015fman\u0131n mutlulu\u011funu ya\u015fayan yar\u0131\u015fmac\u0131lar, konu\u015fmakta zorlan\u0131rken, g\u00f6r\u00fc\u015fme sonras\u0131 uzun s\u00fcre kendilerine gelemedi. Survivor 2021 \u015fampiyonu \u0130smail Balaban i\u00e7in ise bu g\u00f6r\u00fc\u015fme daha da \u00f6zel bir anlam ta\u015f\u0131d\u0131. Balaban, yar\u0131\u015fma s\u0131ras\u0131nda bebe\u011finin cinsiyetini \u00f6\u011frendi ve g\u00f6zya\u015flar\u0131na bo\u011fuldu.<\/p>\n<p><img loading=\"lazy\" decoding=\"async\" class=\"alignnone wp-image-123769 \" src=\"https:\/\/www.tgrthaber.com\/mavikadin\/wp-content\/uploads\/Ekran-Resmi-2025-01-20-19.40.36.png\" alt=\"\" width=\"994\" height=\"707\" title=\"\" srcset=\"https:\/\/www.tgrthaber.com\/mavikadin\/wp-content\/uploads\/Ekran-Resmi-2025-01-20-19.40.36.png 742w, https:\/\/www.tgrthaber.com\/mavikadin\/wp-content\/uploads\/Ekran-Resmi-2025-01-20-19.40.36-300x213.png 300w\" sizes=\"(max-width: 994px) 100vw, 994px\" \/><\/p>\n<hr \/>\n<p class=\"p1\">Heyecan\u0131n bir an bile azalmad\u0131\u011f\u0131 Survivor 2025\u2019te eleme gecesinde de nefes kesen anlar ya\u015fand\u0131. D\u00fcello m\u00fccadelesinde Kaan ve Melih kozlar\u0131n\u0131 payla\u015ft\u0131. Zorlu m\u00fccadeleden galip \u00e7\u0131kan Melih olurken, Kaan Kazgan adaya veda eden isim oldu. Hayallerine veda eden Kaan, arkada\u015flar\u0131na duygusal bir veda konu\u015fmas\u0131 yaparak Survivor maceras\u0131n\u0131 noktalad\u0131. \u00d6te yandan \u00f6d\u00fcl oyununda da b\u00fcy\u00fck bir m\u00fccadele ya\u015fand\u0131. All Star ve G\u00f6n\u00fcll\u00fcler tak\u0131mlar\u0131 \u00f6d\u00fcl i\u00e7in k\u0131yas\u0131ya yar\u0131\u015f\u0131rken, kazanan taraf 12-9\u2019luk skorla G\u00f6n\u00fcll\u00fcler oldu. Tak\u0131m\u0131n zaferi b\u00fcy\u00fck bir co\u015fkuyla kutlan\u0131rken, All Star ekibi moral kayb\u0131 ya\u015fad\u0131.<\/p>\n<p><img loading=\"lazy\" decoding=\"async\" class=\"alignnone wp-image-123768 \" src=\"https:\/\/www.tgrthaber.com\/mavikadin\/wp-content\/uploads\/Ekran-Resmi-2025-01-20-19.36.53.png\" alt=\"\" width=\"987\" height=\"893\" title=\"\" srcset=\"https:\/\/www.tgrthaber.com\/mavikadin\/wp-content\/uploads\/Ekran-Resmi-2025-01-20-19.36.53.png 502w, https:\/\/www.tgrthaber.com\/mavikadin\/wp-content\/uploads\/Ekran-Resmi-2025-01-20-19.36.53-300x271.png 300w\" sizes=\"(max-width: 987px) 100vw, 987px\" \/><\/p>\n<hr \/>\n<h3 class=\"p1\">SURV\u0130VOR GE\u00c7EN HAFTA K\u0130M ELENM\u0130\u015eT\u0130?<\/h3>\n<p class=\"p1\">Survivor 2025\u2019te eleme heyecan\u0131 h\u0131z kesmeden devam ediyor. Son b\u00f6l\u00fcmde adada kalma m\u00fccadelesi veren Merve ve G\u00f6ksu, zorlu bir d\u00fcelloda kar\u015f\u0131 kar\u015f\u0131ya geldi. K\u0131ran k\u0131rana ge\u00e7en m\u00fccadelede iki yar\u0131\u015fmac\u0131 da adada kalmak i\u00e7in var g\u00fcc\u00fcyle sava\u015f\u0131rken, nefes kesen anlar ya\u015fand\u0131. Gecenin sonunda d\u00fcelloyu kaybeden isim Merve oldu.<\/p>\n<p><img loading=\"lazy\" decoding=\"async\" class=\"alignnone wp-image-123774 \" src=\"https:\/\/www.tgrthaber.com\/mavikadin\/wp-content\/uploads\/Ekran-Resmi-2025-01-20-19.48.16.png\" alt=\"\" width=\"986\" height=\"605\" title=\"\" srcset=\"https:\/\/www.tgrthaber.com\/mavikadin\/wp-content\/uploads\/Ekran-Resmi-2025-01-20-19.48.16.png 900w, https:\/\/www.tgrthaber.com\/mavikadin\/wp-content\/uploads\/Ekran-Resmi-2025-01-20-19.48.16-300x184.png 300w, https:\/\/www.tgrthaber.com\/mavikadin\/wp-content\/uploads\/Ekran-Resmi-2025-01-20-19.48.16-768x471.png 768w\" sizes=\"(max-width: 986px) 100vw, 986px\" \/><\/p>\n<hr \/>\n<h3 class=\"p1\">SURV\u0130VOR ALL STAR KADROSU<\/h3>\n<p class=\"p1\">Survivor 2025 All Star tak\u0131m\u0131nda; Seranay Akta\u015f, Zeynep Alkan, Sema Aydemir, Ay\u015fe Y\u00fcksel, \u0130smail Balaban, Batuhan Karacakaya ve Adem K\u0131l\u0131\u00e7c\u0131 yer al\u0131yor.<\/p>\n<h3>SURV\u0130VOR G\u00d6N\u00dcLL\u00dcER KADROSU<\/h3>\n<p class=\"p1\">Batuhan G\u00f6kg\u00f6z<\/p>\n<p class=\"p1\">Adilhan Numan<\/p>\n<p class=\"p1\">Tu\u011fba Yeni<\/p>\n<p class=\"p1\">Dil\u015fah Kurt<\/p>\n<p class=\"p1\">Mevl\u00fct<\/p>\n<p class=\"p1\">G\u00f6ksu K\u00fc\u00e7\u00fckali<\/p>\n","protected":false},"excerpt":{"rendered":"<p>Survivor 2025\u2019in son b\u00f6l\u00fcm\u00fc, yar\u0131\u015fmac\u0131lar ve izleyiciler i\u00e7in unutulmaz anlara sahne oldu. Haftalard\u0131r ailelerinden uzak kalan yar\u0131\u015fmac\u0131lar, \u00f6zel izinle \u00e7ocuklar\u0131yla g\u00f6r\u00fcnt\u00fcl\u00fc konu\u015funca g\u00f6zya\u015flar\u0131n\u0131 tutamad\u0131. <\/p>\n","protected":false},"author":16,"featured_media":123766,"comment_status":"closed","ping_status":"closed","sticky":false,"template":"","format":"standard","meta":{"rank_math_lock_modified_date":false,"footnotes":""},"categories":[101],"tags":[2728,8606,8605],"class_list":["post-123765","post","type-post","status-publish","format-standard","has-post-thumbnail","hentry","category-kesfet","tag-survivor-2025","tag-survivor-2025-all-star-gonulluler-telefon-gorusme","tag-survivor-2025-cocuklariyla-telefon-gorusme"],"_links":{"self":[{"href":"https:\/\/www.tgrthaber.com\/mavikadin\/wp-json\/wp\/v2\/posts\/123765"}],"collection":[{"href":"https:\/\/www.tgrthaber.com\/mavikadin\/wp-json\/wp\/v2\/posts"}],"about":[{"href":"https:\/\/www.tgrthaber.com\/mavikadin\/wp-json\/wp\/v2\/types\/post"}],"author":[{"embeddable":true,"href":"https:\/\/www.tgrthaber.com\/mavikadin\/wp-json\/wp\/v2\/users\/16"}],"replies":[{"embeddable":true,"href":"https:\/\/www.tgrthaber.com\/mavikadin\/wp-json\/wp\/v2\/comments?post=123765"}],"version-history":[{"count":3,"href":"https:\/\/www.tgrthaber.com\/mavikadin\/wp-json\/wp\/v2\/posts\/123765\/revisions"}],"predecessor-version":[{"id":123775,"href":"https:\/\/www.tgrthaber.com\/mavikadin\/wp-json\/wp\/v2\/posts\/123765\/revisions\/123775"}],"wp:featuredmedia":[{"embeddable":true,"href":"https:\/\/www.tgrthaber.com\/mavikadin\/wp-json\/wp\/v2\/media\/123766"}],"wp:attachment":[{"href":"https:\/\/www.tgrthaber.com\/mavikadin\/wp-json\/wp\/v2\/media?parent=123765"}],"wp:term":[{"taxonomy":"category","embeddable":true,"href":"https:\/\/www.tgrthaber.com\/mavikadin\/wp-json\/wp\/v2\/categories?post=123765"},{"taxonomy":"post_tag","embeddable":true,"href":"https:\/\/www.tgrthaber.com\/mavikadin\/wp-json\/wp\/v2\/tags?post=123765"}],"curies":[{"name":"wp","href":"https:\/\/api.w.org\/{rel}","templated":true}]}}