{"id":123776,"date":"2025-01-20T20:52:24","date_gmt":"2025-01-20T17:52:24","guid":{"rendered":"https:\/\/www.tgrthaber.com\/mavikadin\/?p=123776"},"modified":"2025-01-20T20:59:18","modified_gmt":"2025-01-20T17:59:18","slug":"survivor-2025-aleyna-ve-meryem-birbirine-girdi-nagihanin-tirnagi-bile-olamazsin","status":"publish","type":"post","link":"https:\/\/www.tgrthaber.com\/mavikadin\/survivor-2025-aleyna-ve-meryem-birbirine-girdi-nagihanin-tirnagi-bile-olamazsin\/","title":{"rendered":"Survivor 2025 Aleyna ve Meryem birbirine girdi! &#8216;Nagihan&#8217;\u0131n t\u0131rna\u011f\u0131 bile olamazs\u0131n!&#8217;"},"content":{"rendered":"<p class=\"p1\">Survivor 2025\u2019te rekabet her ge\u00e7en g\u00fcn artarken, son b\u00f6l\u00fcmde tansiyon iyice y\u00fckseldi. Dokunulmazl\u0131k oyununda kar\u015f\u0131 kar\u015f\u0131ya gelen Aleyna ve Meryem aras\u0131nda beklenmedik bir gerilim ya\u015fand\u0131. Aleyna, oyunun ba\u015f\u0131nda Meryem\u2019e sert bir \u00e7\u0131k\u0131\u015f yaparak, \u201cSurvivor\u2019a yeni gelmi\u015fsin\u201d s\u00f6zleriyle \u00fcst\u00fcnl\u00fck kurmaya \u00e7al\u0131\u015ft\u0131. Meryem ise, \u201cYeni gelmedim, geri geldim!\u201d diyerek Aleyna\u2019ya meydan okudu. \u0130kili aras\u0131ndaki bu s\u00f6zl\u00fc at\u0131\u015fma parkura da yans\u0131d\u0131. Aleyna&#8217;n\u0131n, Meryem&#8217;e &#8216;Nagihan&#8217;\u0131n t\u0131rna\u011f\u0131 olamazs\u0131n&#8217; s\u00f6zleri ise kavgan\u0131n fitilini ate\u015fledi.<\/p>\n<h3>SURV\u0130VOR 2025 ALEYNA MERYEM KAVGASI B\u00dcY\u00dcYOR<\/h3>\n<p class=\"p1\">Survivor 2025\u2019in son b\u00f6l\u00fcm\u00fc, tansiyonun tavan yapt\u0131\u011f\u0131 anlara sahne oldu. Dokunulmazl\u0131k oyununda kar\u015f\u0131 kar\u015f\u0131ya gelen Aleyna ve Meryem aras\u0131ndaki gerilim, ada konseyine de ta\u015f\u0131nd\u0131. Oyun s\u0131ras\u0131nda Aleyna, rakibini demoralize etmek amac\u0131yla \u201cSurvivor\u2019a yeni gelmi\u015fsin\u201d diyerek Meryem\u2019e y\u00fcklendi. Ancak Meryem,\u00a0 \u201cYeni gelmedim, geri geldim!\u201d diyerek sert bir yan\u0131t verdi. \u0130kilinin aras\u0131nda ya\u015fanan bu s\u00f6zl\u00fc at\u0131\u015fma, yar\u0131\u015fmac\u0131lar aras\u0131nda da farkl\u0131 yorumlara neden oldu.<\/p>\n<div style=\"width: 640px;\" class=\"wp-video\"><!--[if lt IE 9]><script>document.createElement('video');<\/script><![endif]-->\n<video class=\"wp-video-shortcode\" id=\"video-123776-1\" width=\"640\" height=\"365\" preload=\"metadata\" controls=\"controls\"><source type=\"video\/mp4\" src=\"https:\/\/www.tgrthaber.com\/mavikadin\/wp-content\/uploads\/survivor.mp4?_=1\" \/><a href=\"https:\/\/www.tgrthaber.com\/mavikadin\/wp-content\/uploads\/survivor.mp4\">https:\/\/www.tgrthaber.com\/mavikadin\/wp-content\/uploads\/survivor.mp4<\/a><\/video><\/div>\n<p class=\"p1\">Gerginlik sadece parkurda kalmad\u0131, ada konseyinde de devam etti. Meryem, Asena\u2019ya d\u00f6nerek \u201cSen sayg\u0131s\u0131z ve \u00e7irkef bir insans\u0131n\u201d diyerek sert \u00e7\u0131k\u0131\u015flarda bulundu. Bu s\u00f6zler, konseyde bir anda ortam\u0131 daha da gerdi ve yar\u0131\u015fmac\u0131lar aras\u0131ndaki tansiyon y\u00fckseldi. Aleyna ise konseyde, Meryem\u2019in insanlara fiziksel \u00f6zellikleri \u00fczerinden sata\u015ft\u0131\u011f\u0131n\u0131 iddia etti. \u201cBa\u015fkalar\u0131n\u0131n g\u00f6r\u00fcnt\u00fcs\u00fcyle dalga ge\u00e7menin ho\u015f bir \u015fey olmad\u0131\u011f\u0131n\u0131 s\u00f6yl\u00fcyor ama bana \u2018d\u0131\u015flek, \u00e7akma sar\u0131\u015f\u0131n\u2019 gibi s\u00f6zler s\u00f6yledi\u201d diyerek Meryem\u2019i su\u00e7lad\u0131. \u0130kilinin aras\u0131ndaki bu gerilim, sosyal medyada da b\u00fcy\u00fck yank\u0131 uyand\u0131rd\u0131.<\/p>\n<h3>SURV\u0130VOR 2025 MERYEM KASAP K\u0130MD\u0130R?<\/h3>\n<p class=\"p1\">1 May\u0131s 1992\u2019de Trabzon\u2019da d\u00fcnyaya gelen Meryem Kasap, \u00e7ocukluk y\u0131llar\u0131n\u0131 bu \u015fehirde ge\u00e7irdi. Ailesinin en k\u00fc\u00e7\u00fck \u00e7ocu\u011fu olan Kasap, e\u011fitim hayat\u0131na ba\u015flad\u0131\u011f\u0131 y\u0131llarda tiyatroya ilgi duyarken, lise d\u00f6neminde spora y\u00f6nelerek hentbol oynamaya ba\u015flad\u0131. Ancak bireysel sporlara olan ilgisi onu atletizme y\u00f6nlendirdi ve b\u00f6ylece profesyonel spor kariyerinin temelleri at\u0131lm\u0131\u015f oldu.<\/p>\n<p><img loading=\"lazy\" decoding=\"async\" class=\"alignnone wp-image-123781 \" src=\"https:\/\/www.tgrthaber.com\/mavikadin\/wp-content\/uploads\/Ekran-Resmi-2025-01-20-20.43.42.png\" alt=\"\" width=\"996\" height=\"558\" title=\"\" srcset=\"https:\/\/www.tgrthaber.com\/mavikadin\/wp-content\/uploads\/Ekran-Resmi-2025-01-20-20.43.42.png 960w, https:\/\/www.tgrthaber.com\/mavikadin\/wp-content\/uploads\/Ekran-Resmi-2025-01-20-20.43.42-300x168.png 300w, https:\/\/www.tgrthaber.com\/mavikadin\/wp-content\/uploads\/Ekran-Resmi-2025-01-20-20.43.42-768x430.png 768w\" sizes=\"(max-width: 996px) 100vw, 996px\" \/><\/p>\n<hr \/>\n<p class=\"p1\">Spor ya\u015fam\u0131na s\u0131r\u0131kla y\u00fcksek atlama bran\u015f\u0131yla ad\u0131m atan Kasap, yetene\u011fi ve azmiyle k\u0131sa s\u00fcrede dikkat \u00e7ekti. Ancak ya\u015fad\u0131\u011f\u0131 talihsiz bir sakatl\u0131k sonras\u0131nda 400 metre bran\u015f\u0131na ge\u00e7i\u015f yapt\u0131. Karadeniz Teknik \u00dcniversitesi Beden E\u011fitimi ve Spor Y\u00fcksekokulu\u2019ndan mezun olan ba\u015far\u0131l\u0131 sporcu, \u00fcniversite y\u0131llar\u0131nda T\u00fcrkiye \u015eampiyonu olarak ad\u0131n\u0131 duyurmay\u0131 ba\u015fard\u0131.<\/p>\n<h3>SURV\u0130VOR 2025 ALEYNA DEM\u0130RBA\u011e K\u0130MD\u0130R?<\/h3>\n<p class=\"p1\">1997 do\u011fumlu olan Asena Demirba\u011f, sporla i\u00e7 i\u00e7e bir hayat s\u00fcrd\u00fc ve Ayd\u0131n Adnan Menderes \u00dcniversitesi Beden E\u011fitimi ve Spor Y\u00fcksekokulu (BESYO) b\u00f6l\u00fcm\u00fcnden mezun oldu. Sporcu kimli\u011fi ve fit g\u00f6r\u00fcn\u00fcm\u00fcyle dikkat \u00e7eken Demirba\u011f, ayn\u0131 zamanda \u00f6zel hayat\u0131yla da zaman zaman g\u00fcndeme geldi. 2019 y\u0131l\u0131nda \u00fcnl\u00fc futbolcu Ahmet Dursun ile Paris\u2019te d\u00fcnyaevine giren Asena Demirba\u011f, bu evlilikten 4 Mart 2020 tarihinde Lidya ad\u0131nda bir k\u0131z \u00e7ocu\u011fu d\u00fcnyaya getirdi. Ancak \u00e7iftin evlili\u011fi uzun s\u00fcrmedi ve 12 Kas\u0131m 2021 tarihinde yollar\u0131n\u0131 ay\u0131rarak bo\u015fand\u0131lar.<\/p>\n<p><img loading=\"lazy\" decoding=\"async\" class=\"alignnone wp-image-123782 size-full\" src=\"https:\/\/www.tgrthaber.com\/mavikadin\/wp-content\/uploads\/Ekran-Resmi-2025-01-20-20.44.43.png\" alt=\"\" width=\"986\" height=\"572\" title=\"\" srcset=\"https:\/\/www.tgrthaber.com\/mavikadin\/wp-content\/uploads\/Ekran-Resmi-2025-01-20-20.44.43.png 986w, https:\/\/www.tgrthaber.com\/mavikadin\/wp-content\/uploads\/Ekran-Resmi-2025-01-20-20.44.43-300x174.png 300w, https:\/\/www.tgrthaber.com\/mavikadin\/wp-content\/uploads\/Ekran-Resmi-2025-01-20-20.44.43-768x446.png 768w\" sizes=\"(max-width: 986px) 100vw, 986px\" \/><\/p>\n<hr \/>\n<p class=\"p1\">Asena Demirba\u011f, 2023 y\u0131l\u0131nda <i>Survivor<\/i> maceras\u0131na ilk kez ad\u0131m att\u0131. Zorlu ada \u015fartlar\u0131na uyum sa\u011flamaya \u00e7al\u0131\u015fan ve m\u00fccadeleci ruhuyla dikkat \u00e7eken Demirba\u011f, yar\u0131\u015fmada sergiledi\u011fi performansla k\u0131sa s\u00fcrede izleyicilerin ilgisini \u00e7ekti. 2025 y\u0131l\u0131nda ise Survivor\u2019a yedek yar\u0131\u015fmac\u0131 olarak dahil edilerek bir kez daha parkurlarda kendini kan\u0131tlama f\u0131rsat\u0131 buldu.<\/p>\n","protected":false},"excerpt":{"rendered":"<p>Survivor 2025\u2019te heyecan dorukta! Aleyna ve Meryem aras\u0131nda dokunulmazl\u0131k oyununda tansiyon y\u00fckseldi. Aleyna\u2019n\u0131n \u201cSurvivor\u2019a yeni gelmi\u015fsin\u201d s\u00f6zlerine Meryem, \u201cYeni gelmedim, geri geldim!\u201d diyerek kar\u015f\u0131l\u0131k verdi. Aleyna\u2019n\u0131n \u201cNagihan\u2019\u0131n t\u0131rna\u011f\u0131 olamazs\u0131n\u201d s\u00f6z\u00fc ise kavgay\u0131 alevlendirdi. \u0130kili aras\u0131ndaki kavga sosyal medyan\u0131n da g\u00fcndemine oturdu. <\/p>\n","protected":false},"author":16,"featured_media":123786,"comment_status":"closed","ping_status":"closed","sticky":false,"template":"","format":"standard","meta":{"rank_math_lock_modified_date":false,"footnotes":""},"categories":[101],"tags":[8609,8608,8610],"class_list":["post-123776","post","type-post","status-publish","format-standard","has-post-thumbnail","hentry","category-kesfet","tag-survivor-2025-asena-demirbag-meryem-kasap-kavgasi","tag-survivor-2025-asena-meryem-kavgasi","tag-survivor-2025-asena-meryem-neden-kavga-etti"],"_links":{"self":[{"href":"https:\/\/www.tgrthaber.com\/mavikadin\/wp-json\/wp\/v2\/posts\/123776"}],"collection":[{"href":"https:\/\/www.tgrthaber.com\/mavikadin\/wp-json\/wp\/v2\/posts"}],"about":[{"href":"https:\/\/www.tgrthaber.com\/mavikadin\/wp-json\/wp\/v2\/types\/post"}],"author":[{"embeddable":true,"href":"https:\/\/www.tgrthaber.com\/mavikadin\/wp-json\/wp\/v2\/users\/16"}],"replies":[{"embeddable":true,"href":"https:\/\/www.tgrthaber.com\/mavikadin\/wp-json\/wp\/v2\/comments?post=123776"}],"version-history":[{"count":2,"href":"https:\/\/www.tgrthaber.com\/mavikadin\/wp-json\/wp\/v2\/posts\/123776\/revisions"}],"predecessor-version":[{"id":123788,"href":"https:\/\/www.tgrthaber.com\/mavikadin\/wp-json\/wp\/v2\/posts\/123776\/revisions\/123788"}],"wp:featuredmedia":[{"embeddable":true,"href":"https:\/\/www.tgrthaber.com\/mavikadin\/wp-json\/wp\/v2\/media\/123786"}],"wp:attachment":[{"href":"https:\/\/www.tgrthaber.com\/mavikadin\/wp-json\/wp\/v2\/media?parent=123776"}],"wp:term":[{"taxonomy":"category","embeddable":true,"href":"https:\/\/www.tgrthaber.com\/mavikadin\/wp-json\/wp\/v2\/categories?post=123776"},{"taxonomy":"post_tag","embeddable":true,"href":"https:\/\/www.tgrthaber.com\/mavikadin\/wp-json\/wp\/v2\/tags?post=123776"}],"curies":[{"name":"wp","href":"https:\/\/api.w.org\/{rel}","templated":true}]}}